{"id":2476,"date":"2025-09-29T14:57:07","date_gmt":"2025-09-29T11:57:07","guid":{"rendered":"https:\/\/yhdistykset.vihreat.fi\/ikavihreat\/?p=2476"},"modified":"2025-09-29T14:57:08","modified_gmt":"2025-09-29T11:57:08","slug":"hallituksen-kokous-25-9-2025","status":"publish","type":"post","link":"https:\/\/yhdistykset.vihreat.fi\/ikavihreat\/hallituksen-kokous-25-9-2025\/","title":{"rendered":"Hallituksen kokous 25.9.2025"},"content":{"rendered":"\n<p class=\"wp-block-paragraph\">Lue hallituksen kokouksen keskusteluista ja p\u00e4\u00e4t\u00f6ksist\u00e4 t\u00e4m\u00e4n verkkosivun alasivulla Hallituksen kokousp\u00f6yt\u00e4kirjat. Osallistumme ja  vaikutamme. Hallitus pyyt\u00e4\u00e4 Ik\u00e4vihreiden j\u00e4seni\u00e4, jotka on valittu luottamusteht\u00e4viin tai vaikuttajatoimielimiin kunnissa tai hyvinvointialueilla, l\u00e4hett\u00e4m\u00e4\u00e4n viesti\u00e4 Taina T\u00f6rm\u00e4lle.    <\/p>\n\n\n\n<figure class=\"wp-block-image size-large is-resized\"><a href=\"https:\/\/yhdistykset.vihreat.fi\/ikavihreat\/files\/2025\/09\/hallituksen-kokous-25092025-e1759146715699.jpg\"><img loading=\"lazy\" decoding=\"async\" width=\"1024\" height=\"537\" src=\"https:\/\/yhdistykset.vihreat.fi\/ikavihreat\/files\/2025\/09\/hallituksen-kokous-25092025-e1759146715699-1024x537.jpg\" alt=\"\" class=\"wp-image-2477\" style=\"aspect-ratio:1.9069185388236696;width:799px;height:auto\" srcset=\"https:\/\/yhdistykset.vihreat.fi\/ikavihreat\/files\/2025\/09\/hallituksen-kokous-25092025-e1759146715699-1024x537.jpg 1024w, https:\/\/yhdistykset.vihreat.fi\/ikavihreat\/files\/2025\/09\/hallituksen-kokous-25092025-e1759146715699-768x403.jpg 768w, https:\/\/yhdistykset.vihreat.fi\/ikavihreat\/files\/2025\/09\/hallituksen-kokous-25092025-e1759146715699-1536x806.jpg 1536w, https:\/\/yhdistykset.vihreat.fi\/ikavihreat\/files\/2025\/09\/hallituksen-kokous-25092025-e1759146715699.jpg 2040w\" sizes=\"auto, (max-width: 1024px) 100vw, 1024px\" \/><\/a><\/figure>\n\n\n\n<p class=\"wp-block-paragraph\"><\/p>\n","protected":false},"excerpt":{"rendered":"<p>Lue hallituksen kokouksen keskusteluista ja p\u00e4\u00e4t\u00f6ksist\u00e4 t\u00e4m\u00e4n verkkosivun alasivulla Hallituksen kokousp\u00f6yt\u00e4kirjat. Osallistumme ja vaikutamme. Hallitus pyyt\u00e4\u00e4 Ik\u00e4vihreiden j\u00e4seni\u00e4, jotka on valittu luottamusteht\u00e4viin tai vaikuttajatoimielimiin kunnissa tai hyvinvointialueilla, l\u00e4hett\u00e4m\u00e4\u00e4n viesti\u00e4 Taina T\u00f6rm\u00e4lle.<\/p>\n","protected":false},"author":865,"featured_media":0,"comment_status":"open","ping_status":"open","sticky":false,"template":"","format":"standard","meta":{"footnotes":""},"categories":[59,1],"tags":[150],"class_list":["post-2476","post","type-post","status-publish","format-standard","hentry","category-ajankohtaista","category-tiedotteet","tag-hallituksen-kokkous"],"featuredImage":"","authorName":"aunimarjavilavaara","term":["Ajankohtaista","Tiedotteet"],"author_url":"https:\/\/yhdistykset.vihreat.fi\/ikavihreat\/?p=2476","yoast_head":"<!-- This site is optimized with the Yoast SEO plugin v28.1 - https:\/\/yoast.com\/product\/yoast-seo-wordpress\/ -->\n<title>Hallituksen kokous 25.9.2025 - Ik\u00e4vihre\u00e4t<\/title>\n<meta name=\"robots\" content=\"index, follow, max-snippet:-1, max-image-preview:large, max-video-preview:-1\" \/>\n<link rel=\"canonical\" href=\"https:\/\/yhdistykset.vihreat.fi\/ikavihreat\/hallituksen-kokous-25-9-2025\/\" \/>\n<meta property=\"og:locale\" content=\"fi_FI\" \/>\n<meta property=\"og:type\" content=\"article\" \/>\n<meta property=\"og:title\" content=\"Hallituksen kokous 25.9.2025 - Ik\u00e4vihre\u00e4t\" \/>\n<meta property=\"og:description\" content=\"Lue hallituksen kokouksen keskusteluista ja p\u00e4\u00e4t\u00f6ksist\u00e4 t\u00e4m\u00e4n verkkosivun alasivulla Hallituksen kokousp\u00f6yt\u00e4kirjat. Osallistumme ja vaikutamme. Hallitus pyyt\u00e4\u00e4 Ik\u00e4vihreiden j\u00e4seni\u00e4, jotka on valittu luottamusteht\u00e4viin tai vaikuttajatoimielimiin kunnissa tai hyvinvointialueilla, l\u00e4hett\u00e4m\u00e4\u00e4n viesti\u00e4 Taina T\u00f6rm\u00e4lle.\" \/>\n<meta property=\"og:url\" content=\"https:\/\/yhdistykset.vihreat.fi\/ikavihreat\/hallituksen-kokous-25-9-2025\/\" \/>\n<meta property=\"og:site_name\" content=\"Ik\u00e4vihre\u00e4t\" \/>\n<meta property=\"article:published_time\" content=\"2025-09-29T11:57:07+00:00\" \/>\n<meta property=\"article:modified_time\" content=\"2025-09-29T11:57:08+00:00\" \/>\n<meta property=\"og:image\" content=\"https:\/\/yhdistykset.vihreat.fi\/ikavihreat\/files\/2025\/09\/hallituksen-kokous-25092025-e1759146715699-1200x320.jpg\" \/>\n\t<meta property=\"og:image:width\" content=\"2040\" \/>\n\t<meta property=\"og:image:height\" content=\"1070\" \/>\n\t<meta property=\"og:image:type\" content=\"image\/jpeg\" \/>\n<meta name=\"author\" content=\"aunimarjavilavaara\" \/>\n<meta name=\"twitter:card\" content=\"summary_large_image\" \/>\n<meta name=\"twitter:label1\" content=\"Kirjoittanut\" \/>\n\t<meta name=\"twitter:data1\" content=\"aunimarjavilavaara\" \/>\n\t<meta name=\"twitter:label2\" content=\"Arvioitu lukuaika\" \/>\n\t<meta name=\"twitter:data2\" content=\"1 minuutti\" \/>\n<script type=\"application\/ld+json\" class=\"yoast-schema-graph\">{\"@context\":\"https:\\\/\\\/schema.org\",\"@graph\":[{\"@type\":\"Article\",\"@id\":\"https:\\\/\\\/yhdistykset.vihreat.fi\\\/ikavihreat\\\/hallituksen-kokous-25-9-2025\\\/#article\",\"isPartOf\":{\"@id\":\"https:\\\/\\\/yhdistykset.vihreat.fi\\\/ikavihreat\\\/hallituksen-kokous-25-9-2025\\\/\"},\"author\":{\"name\":\"aunimarjavilavaara\",\"@id\":\"https:\\\/\\\/yhdistykset.vihreat.fi\\\/ikavihreat\\\/#\\\/schema\\\/person\\\/1f494bf1f1266351cc8858830963daf2\"},\"headline\":\"Hallituksen kokous 25.9.2025\",\"datePublished\":\"2025-09-29T11:57:07+00:00\",\"dateModified\":\"2025-09-29T11:57:08+00:00\",\"mainEntityOfPage\":{\"@id\":\"https:\\\/\\\/yhdistykset.vihreat.fi\\\/ikavihreat\\\/hallituksen-kokous-25-9-2025\\\/\"},\"wordCount\":47,\"commentCount\":0,\"publisher\":{\"@id\":\"https:\\\/\\\/yhdistykset.vihreat.fi\\\/ikavihreat\\\/#organization\"},\"image\":{\"@id\":\"https:\\\/\\\/yhdistykset.vihreat.fi\\\/ikavihreat\\\/hallituksen-kokous-25-9-2025\\\/#primaryimage\"},\"thumbnailUrl\":\"https:\\\/\\\/yhdistykset.vihreat.fi\\\/ikavihreat\\\/files\\\/2025\\\/09\\\/hallituksen-kokous-25092025-e1759146715699-1024x537.jpg\",\"keywords\":[\"hallituksen kokkous\"],\"articleSection\":[\"Ajankohtaista\",\"Tiedotteet\"],\"inLanguage\":\"fi\",\"potentialAction\":[{\"@type\":\"CommentAction\",\"name\":\"Comment\",\"target\":[\"https:\\\/\\\/yhdistykset.vihreat.fi\\\/ikavihreat\\\/hallituksen-kokous-25-9-2025\\\/#respond\"]}]},{\"@type\":\"WebPage\",\"@id\":\"https:\\\/\\\/yhdistykset.vihreat.fi\\\/ikavihreat\\\/hallituksen-kokous-25-9-2025\\\/\",\"url\":\"https:\\\/\\\/yhdistykset.vihreat.fi\\\/ikavihreat\\\/hallituksen-kokous-25-9-2025\\\/\",\"name\":\"Hallituksen kokous 25.9.2025 - Ik\u00e4vihre\u00e4t\",\"isPartOf\":{\"@id\":\"https:\\\/\\\/yhdistykset.vihreat.fi\\\/ikavihreat\\\/#website\"},\"primaryImageOfPage\":{\"@id\":\"https:\\\/\\\/yhdistykset.vihreat.fi\\\/ikavihreat\\\/hallituksen-kokous-25-9-2025\\\/#primaryimage\"},\"image\":{\"@id\":\"https:\\\/\\\/yhdistykset.vihreat.fi\\\/ikavihreat\\\/hallituksen-kokous-25-9-2025\\\/#primaryimage\"},\"thumbnailUrl\":\"https:\\\/\\\/yhdistykset.vihreat.fi\\\/ikavihreat\\\/files\\\/2025\\\/09\\\/hallituksen-kokous-25092025-e1759146715699-1024x537.jpg\",\"datePublished\":\"2025-09-29T11:57:07+00:00\",\"dateModified\":\"2025-09-29T11:57:08+00:00\",\"breadcrumb\":{\"@id\":\"https:\\\/\\\/yhdistykset.vihreat.fi\\\/ikavihreat\\\/hallituksen-kokous-25-9-2025\\\/#breadcrumb\"},\"inLanguage\":\"fi\",\"potentialAction\":[{\"@type\":\"ReadAction\",\"target\":[\"https:\\\/\\\/yhdistykset.vihreat.fi\\\/ikavihreat\\\/hallituksen-kokous-25-9-2025\\\/\"]}]},{\"@type\":\"ImageObject\",\"inLanguage\":\"fi\",\"@id\":\"https:\\\/\\\/yhdistykset.vihreat.fi\\\/ikavihreat\\\/hallituksen-kokous-25-9-2025\\\/#primaryimage\",\"url\":\"https:\\\/\\\/yhdistykset.vihreat.fi\\\/ikavihreat\\\/files\\\/2025\\\/09\\\/hallituksen-kokous-25092025-e1759146715699-1200x320.jpg\",\"contentUrl\":\"https:\\\/\\\/yhdistykset.vihreat.fi\\\/ikavihreat\\\/files\\\/2025\\\/09\\\/hallituksen-kokous-25092025-e1759146715699-1200x320.jpg\",\"width\":2040,\"height\":1070},{\"@type\":\"BreadcrumbList\",\"@id\":\"https:\\\/\\\/yhdistykset.vihreat.fi\\\/ikavihreat\\\/hallituksen-kokous-25-9-2025\\\/#breadcrumb\",\"itemListElement\":[{\"@type\":\"ListItem\",\"position\":1,\"name\":\"Home\",\"item\":\"https:\\\/\\\/yhdistykset.vihreat.fi\\\/ikavihreat\\\/\"},{\"@type\":\"ListItem\",\"position\":2,\"name\":\"Hallituksen kokous 25.9.2025\"}]},{\"@type\":\"WebSite\",\"@id\":\"https:\\\/\\\/yhdistykset.vihreat.fi\\\/ikavihreat\\\/#website\",\"url\":\"https:\\\/\\\/yhdistykset.vihreat.fi\\\/ikavihreat\\\/\",\"name\":\"Ik\u00e4vihre\u00e4t\",\"description\":\"Ik\u00e4vihre\u00e4t ry:n yhdistyksen verkkosivu\",\"publisher\":{\"@id\":\"https:\\\/\\\/yhdistykset.vihreat.fi\\\/ikavihreat\\\/#organization\"},\"potentialAction\":[{\"@type\":\"SearchAction\",\"target\":{\"@type\":\"EntryPoint\",\"urlTemplate\":\"https:\\\/\\\/yhdistykset.vihreat.fi\\\/ikavihreat\\\/?s={search_term_string}\"},\"query-input\":{\"@type\":\"PropertyValueSpecification\",\"valueRequired\":true,\"valueName\":\"search_term_string\"}}],\"inLanguage\":\"fi\"},{\"@type\":\"Organization\",\"@id\":\"https:\\\/\\\/yhdistykset.vihreat.fi\\\/ikavihreat\\\/#organization\",\"name\":\"Ik\u00e4vihre\u00e4t\",\"url\":\"https:\\\/\\\/yhdistykset.vihreat.fi\\\/ikavihreat\\\/\",\"logo\":{\"@type\":\"ImageObject\",\"inLanguage\":\"fi\",\"@id\":\"https:\\\/\\\/yhdistykset.vihreat.fi\\\/ikavihreat\\\/#\\\/schema\\\/logo\\\/image\\\/\",\"url\":\"https:\\\/\\\/yhdistykset.vihreat.fi\\\/ikavihreat\\\/files\\\/2024\\\/09\\\/Ika\u0308vihrea\u0308t-logo.png\",\"contentUrl\":\"https:\\\/\\\/yhdistykset.vihreat.fi\\\/ikavihreat\\\/files\\\/2024\\\/09\\\/Ika\u0308vihrea\u0308t-logo.png\",\"width\":398,\"height\":76,\"caption\":\"Ik\u00e4vihre\u00e4t\"},\"image\":{\"@id\":\"https:\\\/\\\/yhdistykset.vihreat.fi\\\/ikavihreat\\\/#\\\/schema\\\/logo\\\/image\\\/\"}},{\"@type\":\"Person\",\"@id\":\"https:\\\/\\\/yhdistykset.vihreat.fi\\\/ikavihreat\\\/#\\\/schema\\\/person\\\/1f494bf1f1266351cc8858830963daf2\",\"name\":\"aunimarjavilavaara\",\"image\":{\"@type\":\"ImageObject\",\"inLanguage\":\"fi\",\"@id\":\"https:\\\/\\\/secure.gravatar.com\\\/avatar\\\/b0514220ef544d9230d6a6d9190c16f46f0c27de199b5db125a228d7f3ac8643?s=96&d=mm&r=g\",\"url\":\"https:\\\/\\\/secure.gravatar.com\\\/avatar\\\/b0514220ef544d9230d6a6d9190c16f46f0c27de199b5db125a228d7f3ac8643?s=96&d=mm&r=g\",\"contentUrl\":\"https:\\\/\\\/secure.gravatar.com\\\/avatar\\\/b0514220ef544d9230d6a6d9190c16f46f0c27de199b5db125a228d7f3ac8643?s=96&d=mm&r=g\",\"caption\":\"aunimarjavilavaara\"},\"url\":\"https:\\\/\\\/yhdistykset.vihreat.fi\\\/ikavihreat\\\/author\\\/aunimarjavilavaara\\\/\"}]}<\/script>\n<!-- \/ Yoast SEO plugin. -->","yoast_head_json":{"title":"Hallituksen kokous 25.9.2025 - Ik\u00e4vihre\u00e4t","robots":{"index":"index","follow":"follow","max-snippet":"max-snippet:-1","max-image-preview":"max-image-preview:large","max-video-preview":"max-video-preview:-1"},"canonical":"https:\/\/yhdistykset.vihreat.fi\/ikavihreat\/hallituksen-kokous-25-9-2025\/","og_locale":"fi_FI","og_type":"article","og_title":"Hallituksen kokous 25.9.2025 - Ik\u00e4vihre\u00e4t","og_description":"Lue hallituksen kokouksen keskusteluista ja p\u00e4\u00e4t\u00f6ksist\u00e4 t\u00e4m\u00e4n verkkosivun alasivulla Hallituksen kokousp\u00f6yt\u00e4kirjat. Osallistumme ja vaikutamme. Hallitus pyyt\u00e4\u00e4 Ik\u00e4vihreiden j\u00e4seni\u00e4, jotka on valittu luottamusteht\u00e4viin tai vaikuttajatoimielimiin kunnissa tai hyvinvointialueilla, l\u00e4hett\u00e4m\u00e4\u00e4n viesti\u00e4 Taina T\u00f6rm\u00e4lle.","og_url":"https:\/\/yhdistykset.vihreat.fi\/ikavihreat\/hallituksen-kokous-25-9-2025\/","og_site_name":"Ik\u00e4vihre\u00e4t","article_published_time":"2025-09-29T11:57:07+00:00","article_modified_time":"2025-09-29T11:57:08+00:00","og_image":[{"width":2040,"height":1070,"url":"https:\/\/yhdistykset.vihreat.fi\/ikavihreat\/files\/2025\/09\/hallituksen-kokous-25092025-e1759146715699-1200x320.jpg","type":"image\/jpeg"}],"author":"aunimarjavilavaara","twitter_card":"summary_large_image","twitter_misc":{"Kirjoittanut":"aunimarjavilavaara","Arvioitu lukuaika":"1 minuutti"},"schema":{"@context":"https:\/\/schema.org","@graph":[{"@type":"Article","@id":"https:\/\/yhdistykset.vihreat.fi\/ikavihreat\/hallituksen-kokous-25-9-2025\/#article","isPartOf":{"@id":"https:\/\/yhdistykset.vihreat.fi\/ikavihreat\/hallituksen-kokous-25-9-2025\/"},"author":{"name":"aunimarjavilavaara","@id":"https:\/\/yhdistykset.vihreat.fi\/ikavihreat\/#\/schema\/person\/1f494bf1f1266351cc8858830963daf2"},"headline":"Hallituksen kokous 25.9.2025","datePublished":"2025-09-29T11:57:07+00:00","dateModified":"2025-09-29T11:57:08+00:00","mainEntityOfPage":{"@id":"https:\/\/yhdistykset.vihreat.fi\/ikavihreat\/hallituksen-kokous-25-9-2025\/"},"wordCount":47,"commentCount":0,"publisher":{"@id":"https:\/\/yhdistykset.vihreat.fi\/ikavihreat\/#organization"},"image":{"@id":"https:\/\/yhdistykset.vihreat.fi\/ikavihreat\/hallituksen-kokous-25-9-2025\/#primaryimage"},"thumbnailUrl":"https:\/\/yhdistykset.vihreat.fi\/ikavihreat\/files\/2025\/09\/hallituksen-kokous-25092025-e1759146715699-1024x537.jpg","keywords":["hallituksen kokkous"],"articleSection":["Ajankohtaista","Tiedotteet"],"inLanguage":"fi","potentialAction":[{"@type":"CommentAction","name":"Comment","target":["https:\/\/yhdistykset.vihreat.fi\/ikavihreat\/hallituksen-kokous-25-9-2025\/#respond"]}]},{"@type":"WebPage","@id":"https:\/\/yhdistykset.vihreat.fi\/ikavihreat\/hallituksen-kokous-25-9-2025\/","url":"https:\/\/yhdistykset.vihreat.fi\/ikavihreat\/hallituksen-kokous-25-9-2025\/","name":"Hallituksen kokous 25.9.2025 - Ik\u00e4vihre\u00e4t","isPartOf":{"@id":"https:\/\/yhdistykset.vihreat.fi\/ikavihreat\/#website"},"primaryImageOfPage":{"@id":"https:\/\/yhdistykset.vihreat.fi\/ikavihreat\/hallituksen-kokous-25-9-2025\/#primaryimage"},"image":{"@id":"https:\/\/yhdistykset.vihreat.fi\/ikavihreat\/hallituksen-kokous-25-9-2025\/#primaryimage"},"thumbnailUrl":"https:\/\/yhdistykset.vihreat.fi\/ikavihreat\/files\/2025\/09\/hallituksen-kokous-25092025-e1759146715699-1024x537.jpg","datePublished":"2025-09-29T11:57:07+00:00","dateModified":"2025-09-29T11:57:08+00:00","breadcrumb":{"@id":"https:\/\/yhdistykset.vihreat.fi\/ikavihreat\/hallituksen-kokous-25-9-2025\/#breadcrumb"},"inLanguage":"fi","potentialAction":[{"@type":"ReadAction","target":["https:\/\/yhdistykset.vihreat.fi\/ikavihreat\/hallituksen-kokous-25-9-2025\/"]}]},{"@type":"ImageObject","inLanguage":"fi","@id":"https:\/\/yhdistykset.vihreat.fi\/ikavihreat\/hallituksen-kokous-25-9-2025\/#primaryimage","url":"https:\/\/yhdistykset.vihreat.fi\/ikavihreat\/files\/2025\/09\/hallituksen-kokous-25092025-e1759146715699-1200x320.jpg","contentUrl":"https:\/\/yhdistykset.vihreat.fi\/ikavihreat\/files\/2025\/09\/hallituksen-kokous-25092025-e1759146715699-1200x320.jpg","width":2040,"height":1070},{"@type":"BreadcrumbList","@id":"https:\/\/yhdistykset.vihreat.fi\/ikavihreat\/hallituksen-kokous-25-9-2025\/#breadcrumb","itemListElement":[{"@type":"ListItem","position":1,"name":"Home","item":"https:\/\/yhdistykset.vihreat.fi\/ikavihreat\/"},{"@type":"ListItem","position":2,"name":"Hallituksen kokous 25.9.2025"}]},{"@type":"WebSite","@id":"https:\/\/yhdistykset.vihreat.fi\/ikavihreat\/#website","url":"https:\/\/yhdistykset.vihreat.fi\/ikavihreat\/","name":"Ik\u00e4vihre\u00e4t","description":"Ik\u00e4vihre\u00e4t ry:n yhdistyksen verkkosivu","publisher":{"@id":"https:\/\/yhdistykset.vihreat.fi\/ikavihreat\/#organization"},"potentialAction":[{"@type":"SearchAction","target":{"@type":"EntryPoint","urlTemplate":"https:\/\/yhdistykset.vihreat.fi\/ikavihreat\/?s={search_term_string}"},"query-input":{"@type":"PropertyValueSpecification","valueRequired":true,"valueName":"search_term_string"}}],"inLanguage":"fi"},{"@type":"Organization","@id":"https:\/\/yhdistykset.vihreat.fi\/ikavihreat\/#organization","name":"Ik\u00e4vihre\u00e4t","url":"https:\/\/yhdistykset.vihreat.fi\/ikavihreat\/","logo":{"@type":"ImageObject","inLanguage":"fi","@id":"https:\/\/yhdistykset.vihreat.fi\/ikavihreat\/#\/schema\/logo\/image\/","url":"https:\/\/yhdistykset.vihreat.fi\/ikavihreat\/files\/2024\/09\/Ika\u0308vihrea\u0308t-logo.png","contentUrl":"https:\/\/yhdistykset.vihreat.fi\/ikavihreat\/files\/2024\/09\/Ika\u0308vihrea\u0308t-logo.png","width":398,"height":76,"caption":"Ik\u00e4vihre\u00e4t"},"image":{"@id":"https:\/\/yhdistykset.vihreat.fi\/ikavihreat\/#\/schema\/logo\/image\/"}},{"@type":"Person","@id":"https:\/\/yhdistykset.vihreat.fi\/ikavihreat\/#\/schema\/person\/1f494bf1f1266351cc8858830963daf2","name":"aunimarjavilavaara","image":{"@type":"ImageObject","inLanguage":"fi","@id":"https:\/\/secure.gravatar.com\/avatar\/b0514220ef544d9230d6a6d9190c16f46f0c27de199b5db125a228d7f3ac8643?s=96&d=mm&r=g","url":"https:\/\/secure.gravatar.com\/avatar\/b0514220ef544d9230d6a6d9190c16f46f0c27de199b5db125a228d7f3ac8643?s=96&d=mm&r=g","contentUrl":"https:\/\/secure.gravatar.com\/avatar\/b0514220ef544d9230d6a6d9190c16f46f0c27de199b5db125a228d7f3ac8643?s=96&d=mm&r=g","caption":"aunimarjavilavaara"},"url":"https:\/\/yhdistykset.vihreat.fi\/ikavihreat\/author\/aunimarjavilavaara\/"}]}},"_links":{"self":[{"href":"https:\/\/yhdistykset.vihreat.fi\/ikavihreat\/wp-json\/wp\/v2\/posts\/2476","targetHints":{"allow":["GET"]}}],"collection":[{"href":"https:\/\/yhdistykset.vihreat.fi\/ikavihreat\/wp-json\/wp\/v2\/posts"}],"about":[{"href":"https:\/\/yhdistykset.vihreat.fi\/ikavihreat\/wp-json\/wp\/v2\/types\/post"}],"author":[{"embeddable":true,"href":"https:\/\/yhdistykset.vihreat.fi\/ikavihreat\/wp-json\/wp\/v2\/users\/865"}],"replies":[{"embeddable":true,"href":"https:\/\/yhdistykset.vihreat.fi\/ikavihreat\/wp-json\/wp\/v2\/comments?post=2476"}],"version-history":[{"count":1,"href":"https:\/\/yhdistykset.vihreat.fi\/ikavihreat\/wp-json\/wp\/v2\/posts\/2476\/revisions"}],"predecessor-version":[{"id":2478,"href":"https:\/\/yhdistykset.vihreat.fi\/ikavihreat\/wp-json\/wp\/v2\/posts\/2476\/revisions\/2478"}],"wp:attachment":[{"href":"https:\/\/yhdistykset.vihreat.fi\/ikavihreat\/wp-json\/wp\/v2\/media?parent=2476"}],"wp:term":[{"taxonomy":"category","embeddable":true,"href":"https:\/\/yhdistykset.vihreat.fi\/ikavihreat\/wp-json\/wp\/v2\/categories?post=2476"},{"taxonomy":"post_tag","embeddable":true,"href":"https:\/\/yhdistykset.vihreat.fi\/ikavihreat\/wp-json\/wp\/v2\/tags?post=2476"}],"curies":[{"name":"wp","href":"https:\/\/api.w.org\/{rel}","templated":true}]}}