{"id":2697,"date":"2026-08-27T20:34:32","date_gmt":"2026-08-27T17:34:32","guid":{"rendered":"https:\/\/yhdistykset.vihreat.fi\/ikavihreat\/?p=2697"},"modified":"2026-08-27T20:34:34","modified_gmt":"2026-08-27T17:34:34","slug":"elakelaisten-olympialaiset-lempaalassa","status":"publish","type":"post","link":"https:\/\/yhdistykset.vihreat.fi\/ikavihreat\/elakelaisten-olympialaiset-lempaalassa\/","title":{"rendered":"El\u00e4kel\u00e4isten olympialaiset Lemp\u00e4\u00e4l\u00e4ss\u00e4"},"content":{"rendered":"\n<p class=\"wp-block-paragraph\">Lemp\u00e4\u00e4l\u00e4ss\u00e4 j\u00e4rjestettiin el\u00e4kel\u00e4isj\u00e4rjest\u00f6jen voimin el\u00e4kel\u00e4isten Olympialaiset kes\u00e4isen\u00e4 keskiviikkona 26.8.2026. Tilaisuuden avajaispuheen piti j\u00e4rjest\u00f6suunnittelija Anu Nevalainen.  Puhe sis\u00e4lt\u00e4\u00e4 olennaisen koko olympia-aatteesta. Puhe on kokonaisuudessaan seuraava:<\/p>\n\n\n\n<p class=\"wp-block-paragraph\">\u201dHyv\u00e4t olympialaisten osallistujat. On ilo ja kunnia saada olla t\u00e4\u00e4ll\u00e4 t\u00e4n\u00e4\u00e4n mukana. Olemme kokoontuneet viett\u00e4m\u00e4\u00e4n liikunnallista p\u00e4iv\u00e4\u00e4 yhdess\u00e4, nauttimaan kohtaamisista, hyv\u00e4st\u00e4 seurasta ja leikkimielisest\u00e4 kisailusta. T\u00e4m\u00e4 p\u00e4iv\u00e4 kertoo ennen kaikkea yhteis\u00f6llisyydest\u00e4, yhdess\u00e4 tekemisest\u00e4 ja siit\u00e4 voimasta, joka syntyy, kun ihmiset kokoontuvat yhteisen asian \u00e4\u00e4relle.<\/p>\n\n\n\n<p class=\"wp-block-paragraph\">J\u00e4rjest\u00f6ty\u00f6ss\u00e4 tied\u00e4mme hyvin, ett\u00e4 kaikkea ei tarvitse eik\u00e4 kannata tehd\u00e4 yksin. Itse asiassa parhaat ideat ja onnistumiset syntyv\u00e4t usein niin, ett\u00e4 joku sanoo: &#8221;Minulla on idea&#8221;, toinen vastaa: &#8221;Min\u00e4 voin auttaa&#8221;, ja kolmas toteaa: &#8221;Ja min\u00e4 keit\u00e4n kahvit.&#8221; Siit\u00e4 syntyy yhteisty\u00f6. Ja juuri yhteisty\u00f6 on yksi j\u00e4rjest\u00f6kent\u00e4n suurimmista vahvuuksista.<\/p>\n\n\n\n<p class=\"wp-block-paragraph\">J\u00e4rjest\u00f6jen merkitys ei ole pelk\u00e4st\u00e4\u00e4n siin\u00e4, mit\u00e4 kukin toimija tekee omassa toiminnassaan. Todellinen voima l\u00f6ytyy siit\u00e4, mit\u00e4 saadaan aikaan yhdess\u00e4. Kun osaaminen, kokemus, verkostot ja hyv\u00e4 tahto yhdistet\u00e4\u00e4n, syntyy jotakin sellaista, mit\u00e4 yksik\u00e4\u00e4n toimija ei pystyisi yksin rakentamaan. Yhteisty\u00f6 mahdollistaa uusia ideoita, vahvempia verkostoja ja ennen kaikkea enemm\u00e4n hyvinvointia ihmisille.<\/p>\n\n\n\n<p class=\"wp-block-paragraph\">Kunnan n\u00e4k\u00f6kulmasta j\u00e4rjest\u00f6t ovat korvaamattomia kumppaneita. Te tuotatte toimintaa, kohtaamisia, vertaistukea, iloa, merkityst\u00e4 ja osallisuutta. Te tavoitatte ihmisi\u00e4 heid\u00e4n arjessaan ja rakennatte yhteis\u00f6j\u00e4, joissa jokainen voi tuntea kuuluvansa joukkoon.Monelle ihmiselle juuri j\u00e4rjest\u00f6n toiminta on se paikka, jossa tulee n\u00e4hdyksi, kuulluksi ja kohdatuksi. Se voi olla harrastusryhm\u00e4, vapaaehtoisteht\u00e4v\u00e4, vertaistukitapaaminen tai yhteinen tapahtuma.<\/p>\n\n\n\n<p class=\"wp-block-paragraph\">Ja t\u00e4m\u00e4 on valtavan arvokasta. Osallisuus ei tarkoita vain sit\u00e4, ett\u00e4 ihmiset ovat mukana toiminnassa. Osallisuus tarkoittaa tunnetta siit\u00e4, ett\u00e4 kuuluu joukkoon. Ett\u00e4 omalla osallistumisella on merkityst\u00e4. Ett\u00e4 omat ajatukset, kokemukset ja taidot ovat t\u00e4rkeit\u00e4. Juuri t\u00e4llaisia kokemuksia j\u00e4rjest\u00f6t luovat joka p\u00e4iv\u00e4 ymp\u00e4ri vuoden.<\/p>\n\n\n\n<p class=\"wp-block-paragraph\">Samalla haluan nostaa esiin yhden t\u00e4rke\u00e4n asian. Puhumme usein yhteisty\u00f6st\u00e4 tavoitteena tai toimintatapana, mutta t\u00e4\u00e4ll\u00e4 sit\u00e4 ei tarvitse erikseen selitt\u00e4\u00e4. Te n\u00e4yt\u00e4tte k\u00e4yt\u00e4nn\u00f6ss\u00e4, milt\u00e4 yhteisty\u00f6 parhaimmillaan n\u00e4ytt\u00e4\u00e4. Erilaiset j\u00e4rjest\u00f6t, erilaiset ihmiset ja erilaiset taustat kohtaavat saman tapahtuman \u00e4\u00e4rell\u00e4, tekev\u00e4t yhdess\u00e4 ja iloitsevat yhdess\u00e4.<\/p>\n\n\n\n<p class=\"wp-block-paragraph\">T\u00e4llaiset hetket muistuttavat meit\u00e4 siit\u00e4, ett\u00e4 yhteis\u00f6llisyys ei synny itsest\u00e4\u00e4n. Se rakentuu pienist\u00e4 teoista, avoimuudesta, yhdess\u00e4 tekemisest\u00e4 ja halusta kohdata toinen ihminen. Ja jos joskus arjessa tuntuu silt\u00e4, ett\u00e4 maailma muuttuu liian nopeasti, resurssit ovat tiukoilla tai teht\u00e4v\u00e4\u00e4 riitt\u00e4\u00e4 enemm\u00e4n kuin tekij\u00f6it\u00e4, niin juuri t\u00e4llaiset p\u00e4iv\u00e4t muistuttavat meit\u00e4 siit\u00e4, miksi t\u00e4t\u00e4 ty\u00f6t\u00e4 tehd\u00e4\u00e4n. Ne muistuttavat siit\u00e4, ett\u00e4 jokainen vapaaehtoinen tunti, jokainen j\u00e4rjestetty tapahtuma, jokainen kohtaaminen ja jokainen autettu ihminen on t\u00e4rke\u00e4.<\/p>\n\n\n\n<p class=\"wp-block-paragraph\">Haluan l\u00e4mpim\u00e4sti kiitt\u00e4\u00e4 kaikkia tapahtuman j\u00e4rjest\u00e4ji\u00e4, vapaaehtoisia, osallistujia ja yhteisty\u00f6kumppaneita. Toivotan kaikille iloa, onnistumisia, naurua ja reilua kisamielt\u00e4. Kannustetaan toisiamme, tutustutaan uusiin ihmisiin, nautitaan yhdess\u00e4olosta ja tehd\u00e4\u00e4n t\u00e4st\u00e4 p\u00e4iv\u00e4st\u00e4 sellainen, joka j\u00e4\u00e4 mieleen hyv\u00e4n\u00e4 kokemuksena pitk\u00e4\u00e4n. Kiitos ja oikein onnistuneita olympialaisia kaikille!\u201d Saimme tapahtuman suunnitteluun ja toteutukseen yhteisty\u00f6apua kunnan liikunnanohjaajalta ja pefletit lainattiin katsomon kiviportaille Nuorisoseurantalolta. Kuten mainoskuva kertoo, j\u00e4rjest\u00e4jin\u00e4 olimme mekin Ikivihre\u00e4t el\u00e4kel\u00e4iset ry viiden muun el\u00e4kel\u00e4isyhdistyksen kanssa. Tilauuden kuvat otti Anneli Kesola. <\/p>\n\n\n\n<figure class=\"wp-block-gallery has-nested-images columns-default is-cropped wp-block-gallery-1 is-layout-flex wp-block-gallery-is-layout-flex\">\n<figure class=\"wp-block-image size-large is-resized\"><a href=\"https:\/\/yhdistykset.vihreat.fi\/ikavihreat\/files\/2026\/08\/image.png\"><img loading=\"lazy\" decoding=\"async\" width=\"1004\" height=\"565\" data-id=\"2701\" src=\"https:\/\/yhdistykset.vihreat.fi\/ikavihreat\/files\/2026\/08\/image.png\" alt=\"\" class=\"wp-image-2701\" style=\"width:701px;height:auto\" srcset=\"https:\/\/yhdistykset.vihreat.fi\/ikavihreat\/files\/2026\/08\/image.png 1004w, https:\/\/yhdistykset.vihreat.fi\/ikavihreat\/files\/2026\/08\/image-768x432.png 768w\" sizes=\"auto, (max-width: 1004px) 100vw, 1004px\" \/><\/a><\/figure>\n<\/figure>\n\n\n\n<figure class=\"wp-block-gallery has-nested-images columns-default is-cropped wp-block-gallery-2 is-layout-flex wp-block-gallery-is-layout-flex\">\n<figure class=\"wp-block-image size-large\"><a href=\"https:\/\/yhdistykset.vihreat.fi\/ikavihreat\/files\/2026\/08\/image-1.png\"><img loading=\"lazy\" decoding=\"async\" width=\"494\" height=\"659\" data-id=\"2702\" src=\"https:\/\/yhdistykset.vihreat.fi\/ikavihreat\/files\/2026\/08\/image-1.png\" alt=\"\" class=\"wp-image-2702\"\/><\/a><\/figure>\n\n\n\n<figure class=\"wp-block-image size-large\"><a href=\"https:\/\/yhdistykset.vihreat.fi\/ikavihreat\/files\/2026\/08\/image-2.png\"><img loading=\"lazy\" decoding=\"async\" width=\"941\" height=\"706\" data-id=\"2703\" src=\"https:\/\/yhdistykset.vihreat.fi\/ikavihreat\/files\/2026\/08\/image-2.png\" alt=\"\" class=\"wp-image-2703\" srcset=\"https:\/\/yhdistykset.vihreat.fi\/ikavihreat\/files\/2026\/08\/image-2.png 941w, https:\/\/yhdistykset.vihreat.fi\/ikavihreat\/files\/2026\/08\/image-2-768x576.png 768w\" sizes=\"auto, (max-width: 941px) 100vw, 941px\" \/><\/a><\/figure>\n<\/figure>\n\n\n\n<p class=\"wp-block-paragraph\"><\/p>\n","protected":false},"excerpt":{"rendered":"<p>Lemp\u00e4\u00e4l\u00e4ss\u00e4 j\u00e4rjestettiin el\u00e4kel\u00e4isj\u00e4rjest\u00f6jen voimin el\u00e4kel\u00e4isten Olympialaiset kes\u00e4isen\u00e4 keskiviikkona 26.8.2026. Tilaisuuden avajaispuheen piti j\u00e4rjest\u00f6suunnittelija Anu Nevalainen. Puhe sis\u00e4lt\u00e4\u00e4 olennaisen koko olympia-aatteesta. Puhe on kokonaisuudessaan seuraava: \u201dHyv\u00e4t olympialaisten osallistujat. On ilo ja kunnia saada olla t\u00e4\u00e4ll\u00e4 t\u00e4n\u00e4\u00e4n mukana. Olemme kokoontuneet viett\u00e4m\u00e4\u00e4n liikunnallista p\u00e4iv\u00e4\u00e4 yhdess\u00e4, nauttimaan kohtaamisista, hyv\u00e4st\u00e4 seurasta ja leikkimielisest\u00e4 kisailusta. T\u00e4m\u00e4 p\u00e4iv\u00e4 kertoo ennen kaikkea yhteis\u00f6llisyydest\u00e4, [&hellip;]<\/p>\n","protected":false},"author":865,"featured_media":2700,"comment_status":"open","ping_status":"open","sticky":false,"template":"","format":"standard","meta":{"footnotes":""},"categories":[59],"tags":[],"class_list":["post-2697","post","type-post","status-publish","format-standard","has-post-thumbnail","hentry","category-ajankohtaista"],"featuredImage":"<img width=\"300\" height=\"169\" src=\"https:\/\/yhdistykset.vihreat.fi\/ikavihreat\/files\/2026\/08\/olympialaiset-e1787851446962.png\" class=\"attachment-medium size-medium wp-post-image\" alt=\"\" decoding=\"async\" loading=\"lazy\" \/>","authorName":"aunimarjavilavaara","term":["Ajankohtaista"],"author_url":"https:\/\/yhdistykset.vihreat.fi\/ikavihreat\/?p=2697","yoast_head":"<!-- This site is optimized with the Yoast SEO plugin v28.1 - https:\/\/yoast.com\/product\/yoast-seo-wordpress\/ -->\n<title>El\u00e4kel\u00e4isten olympialaiset Lemp\u00e4\u00e4l\u00e4ss\u00e4 - Ik\u00e4vihre\u00e4t<\/title>\n<meta name=\"robots\" content=\"index, follow, max-snippet:-1, max-image-preview:large, max-video-preview:-1\" \/>\n<link rel=\"canonical\" href=\"https:\/\/yhdistykset.vihreat.fi\/ikavihreat\/elakelaisten-olympialaiset-lempaalassa\/\" \/>\n<meta property=\"og:locale\" content=\"fi_FI\" \/>\n<meta property=\"og:type\" content=\"article\" \/>\n<meta property=\"og:title\" content=\"El\u00e4kel\u00e4isten olympialaiset Lemp\u00e4\u00e4l\u00e4ss\u00e4 - Ik\u00e4vihre\u00e4t\" \/>\n<meta property=\"og:description\" content=\"Lemp\u00e4\u00e4l\u00e4ss\u00e4 j\u00e4rjestettiin el\u00e4kel\u00e4isj\u00e4rjest\u00f6jen voimin el\u00e4kel\u00e4isten Olympialaiset kes\u00e4isen\u00e4 keskiviikkona 26.8.2026. Tilaisuuden avajaispuheen piti j\u00e4rjest\u00f6suunnittelija Anu Nevalainen. Puhe sis\u00e4lt\u00e4\u00e4 olennaisen koko olympia-aatteesta. Puhe on kokonaisuudessaan seuraava: \u201dHyv\u00e4t olympialaisten osallistujat. On ilo ja kunnia saada olla t\u00e4\u00e4ll\u00e4 t\u00e4n\u00e4\u00e4n mukana. Olemme kokoontuneet viett\u00e4m\u00e4\u00e4n liikunnallista p\u00e4iv\u00e4\u00e4 yhdess\u00e4, nauttimaan kohtaamisista, hyv\u00e4st\u00e4 seurasta ja leikkimielisest\u00e4 kisailusta. T\u00e4m\u00e4 p\u00e4iv\u00e4 kertoo ennen kaikkea yhteis\u00f6llisyydest\u00e4, [&hellip;]\" \/>\n<meta property=\"og:url\" content=\"https:\/\/yhdistykset.vihreat.fi\/ikavihreat\/elakelaisten-olympialaiset-lempaalassa\/\" \/>\n<meta property=\"og:site_name\" content=\"Ik\u00e4vihre\u00e4t\" \/>\n<meta property=\"article:published_time\" content=\"2026-08-27T17:34:32+00:00\" \/>\n<meta property=\"article:modified_time\" content=\"2026-08-27T17:34:34+00:00\" \/>\n<meta property=\"og:image\" content=\"https:\/\/yhdistykset.vihreat.fi\/ikavihreat\/files\/2026\/08\/olympialaiset-991x320.png\" \/>\n\t<meta property=\"og:image:width\" content=\"782\" \/>\n\t<meta property=\"og:image:height\" content=\"440\" \/>\n\t<meta property=\"og:image:type\" content=\"image\/png\" \/>\n<meta name=\"author\" content=\"aunimarjavilavaara\" \/>\n<meta name=\"twitter:card\" content=\"summary_large_image\" \/>\n<meta name=\"twitter:label1\" content=\"Kirjoittanut\" \/>\n\t<meta name=\"twitter:data1\" content=\"aunimarjavilavaara\" \/>\n\t<meta name=\"twitter:label2\" content=\"Arvioitu lukuaika\" \/>\n\t<meta name=\"twitter:data2\" content=\"4 minuuttia\" \/>\n<script type=\"application\/ld+json\" class=\"yoast-schema-graph\">{\"@context\":\"https:\\\/\\\/schema.org\",\"@graph\":[{\"@type\":\"Article\",\"@id\":\"https:\\\/\\\/yhdistykset.vihreat.fi\\\/ikavihreat\\\/elakelaisten-olympialaiset-lempaalassa\\\/#article\",\"isPartOf\":{\"@id\":\"https:\\\/\\\/yhdistykset.vihreat.fi\\\/ikavihreat\\\/elakelaisten-olympialaiset-lempaalassa\\\/\"},\"author\":{\"name\":\"aunimarjavilavaara\",\"@id\":\"https:\\\/\\\/yhdistykset.vihreat.fi\\\/ikavihreat\\\/#\\\/schema\\\/person\\\/1f494bf1f1266351cc8858830963daf2\"},\"headline\":\"El\u00e4kel\u00e4isten olympialaiset Lemp\u00e4\u00e4l\u00e4ss\u00e4\",\"datePublished\":\"2026-08-27T17:34:32+00:00\",\"dateModified\":\"2026-08-27T17:34:34+00:00\",\"mainEntityOfPage\":{\"@id\":\"https:\\\/\\\/yhdistykset.vihreat.fi\\\/ikavihreat\\\/elakelaisten-olympialaiset-lempaalassa\\\/\"},\"wordCount\":562,\"commentCount\":0,\"publisher\":{\"@id\":\"https:\\\/\\\/yhdistykset.vihreat.fi\\\/ikavihreat\\\/#organization\"},\"image\":{\"@id\":\"https:\\\/\\\/yhdistykset.vihreat.fi\\\/ikavihreat\\\/elakelaisten-olympialaiset-lempaalassa\\\/#primaryimage\"},\"thumbnailUrl\":\"https:\\\/\\\/yhdistykset.vihreat.fi\\\/ikavihreat\\\/files\\\/2026\\\/08\\\/olympialaiset-991x320.png\",\"articleSection\":[\"Ajankohtaista\"],\"inLanguage\":\"fi\",\"potentialAction\":[{\"@type\":\"CommentAction\",\"name\":\"Comment\",\"target\":[\"https:\\\/\\\/yhdistykset.vihreat.fi\\\/ikavihreat\\\/elakelaisten-olympialaiset-lempaalassa\\\/#respond\"]}]},{\"@type\":\"WebPage\",\"@id\":\"https:\\\/\\\/yhdistykset.vihreat.fi\\\/ikavihreat\\\/elakelaisten-olympialaiset-lempaalassa\\\/\",\"url\":\"https:\\\/\\\/yhdistykset.vihreat.fi\\\/ikavihreat\\\/elakelaisten-olympialaiset-lempaalassa\\\/\",\"name\":\"El\u00e4kel\u00e4isten olympialaiset Lemp\u00e4\u00e4l\u00e4ss\u00e4 - Ik\u00e4vihre\u00e4t\",\"isPartOf\":{\"@id\":\"https:\\\/\\\/yhdistykset.vihreat.fi\\\/ikavihreat\\\/#website\"},\"primaryImageOfPage\":{\"@id\":\"https:\\\/\\\/yhdistykset.vihreat.fi\\\/ikavihreat\\\/elakelaisten-olympialaiset-lempaalassa\\\/#primaryimage\"},\"image\":{\"@id\":\"https:\\\/\\\/yhdistykset.vihreat.fi\\\/ikavihreat\\\/elakelaisten-olympialaiset-lempaalassa\\\/#primaryimage\"},\"thumbnailUrl\":\"https:\\\/\\\/yhdistykset.vihreat.fi\\\/ikavihreat\\\/files\\\/2026\\\/08\\\/olympialaiset-991x320.png\",\"datePublished\":\"2026-08-27T17:34:32+00:00\",\"dateModified\":\"2026-08-27T17:34:34+00:00\",\"breadcrumb\":{\"@id\":\"https:\\\/\\\/yhdistykset.vihreat.fi\\\/ikavihreat\\\/elakelaisten-olympialaiset-lempaalassa\\\/#breadcrumb\"},\"inLanguage\":\"fi\",\"potentialAction\":[{\"@type\":\"ReadAction\",\"target\":[\"https:\\\/\\\/yhdistykset.vihreat.fi\\\/ikavihreat\\\/elakelaisten-olympialaiset-lempaalassa\\\/\"]}]},{\"@type\":\"ImageObject\",\"inLanguage\":\"fi\",\"@id\":\"https:\\\/\\\/yhdistykset.vihreat.fi\\\/ikavihreat\\\/elakelaisten-olympialaiset-lempaalassa\\\/#primaryimage\",\"url\":\"https:\\\/\\\/yhdistykset.vihreat.fi\\\/ikavihreat\\\/files\\\/2026\\\/08\\\/olympialaiset-991x320.png\",\"contentUrl\":\"https:\\\/\\\/yhdistykset.vihreat.fi\\\/ikavihreat\\\/files\\\/2026\\\/08\\\/olympialaiset-991x320.png\",\"width\":782,\"height\":440},{\"@type\":\"BreadcrumbList\",\"@id\":\"https:\\\/\\\/yhdistykset.vihreat.fi\\\/ikavihreat\\\/elakelaisten-olympialaiset-lempaalassa\\\/#breadcrumb\",\"itemListElement\":[{\"@type\":\"ListItem\",\"position\":1,\"name\":\"Home\",\"item\":\"https:\\\/\\\/yhdistykset.vihreat.fi\\\/ikavihreat\\\/\"},{\"@type\":\"ListItem\",\"position\":2,\"name\":\"El\u00e4kel\u00e4isten olympialaiset Lemp\u00e4\u00e4l\u00e4ss\u00e4\"}]},{\"@type\":\"WebSite\",\"@id\":\"https:\\\/\\\/yhdistykset.vihreat.fi\\\/ikavihreat\\\/#website\",\"url\":\"https:\\\/\\\/yhdistykset.vihreat.fi\\\/ikavihreat\\\/\",\"name\":\"Ik\u00e4vihre\u00e4t\",\"description\":\"Ik\u00e4vihre\u00e4t ry:n yhdistyksen verkkosivu\",\"publisher\":{\"@id\":\"https:\\\/\\\/yhdistykset.vihreat.fi\\\/ikavihreat\\\/#organization\"},\"potentialAction\":[{\"@type\":\"SearchAction\",\"target\":{\"@type\":\"EntryPoint\",\"urlTemplate\":\"https:\\\/\\\/yhdistykset.vihreat.fi\\\/ikavihreat\\\/?s={search_term_string}\"},\"query-input\":{\"@type\":\"PropertyValueSpecification\",\"valueRequired\":true,\"valueName\":\"search_term_string\"}}],\"inLanguage\":\"fi\"},{\"@type\":\"Organization\",\"@id\":\"https:\\\/\\\/yhdistykset.vihreat.fi\\\/ikavihreat\\\/#organization\",\"name\":\"Ik\u00e4vihre\u00e4t\",\"url\":\"https:\\\/\\\/yhdistykset.vihreat.fi\\\/ikavihreat\\\/\",\"logo\":{\"@type\":\"ImageObject\",\"inLanguage\":\"fi\",\"@id\":\"https:\\\/\\\/yhdistykset.vihreat.fi\\\/ikavihreat\\\/#\\\/schema\\\/logo\\\/image\\\/\",\"url\":\"https:\\\/\\\/yhdistykset.vihreat.fi\\\/ikavihreat\\\/files\\\/2024\\\/09\\\/Ika\u0308vihrea\u0308t-logo.png\",\"contentUrl\":\"https:\\\/\\\/yhdistykset.vihreat.fi\\\/ikavihreat\\\/files\\\/2024\\\/09\\\/Ika\u0308vihrea\u0308t-logo.png\",\"width\":398,\"height\":76,\"caption\":\"Ik\u00e4vihre\u00e4t\"},\"image\":{\"@id\":\"https:\\\/\\\/yhdistykset.vihreat.fi\\\/ikavihreat\\\/#\\\/schema\\\/logo\\\/image\\\/\"}},{\"@type\":\"Person\",\"@id\":\"https:\\\/\\\/yhdistykset.vihreat.fi\\\/ikavihreat\\\/#\\\/schema\\\/person\\\/1f494bf1f1266351cc8858830963daf2\",\"name\":\"aunimarjavilavaara\",\"image\":{\"@type\":\"ImageObject\",\"inLanguage\":\"fi\",\"@id\":\"https:\\\/\\\/secure.gravatar.com\\\/avatar\\\/b0514220ef544d9230d6a6d9190c16f46f0c27de199b5db125a228d7f3ac8643?s=96&d=mm&r=g\",\"url\":\"https:\\\/\\\/secure.gravatar.com\\\/avatar\\\/b0514220ef544d9230d6a6d9190c16f46f0c27de199b5db125a228d7f3ac8643?s=96&d=mm&r=g\",\"contentUrl\":\"https:\\\/\\\/secure.gravatar.com\\\/avatar\\\/b0514220ef544d9230d6a6d9190c16f46f0c27de199b5db125a228d7f3ac8643?s=96&d=mm&r=g\",\"caption\":\"aunimarjavilavaara\"},\"url\":\"https:\\\/\\\/yhdistykset.vihreat.fi\\\/ikavihreat\\\/author\\\/aunimarjavilavaara\\\/\"}]}<\/script>\n<!-- \/ Yoast SEO plugin. -->","yoast_head_json":{"title":"El\u00e4kel\u00e4isten olympialaiset Lemp\u00e4\u00e4l\u00e4ss\u00e4 - Ik\u00e4vihre\u00e4t","robots":{"index":"index","follow":"follow","max-snippet":"max-snippet:-1","max-image-preview":"max-image-preview:large","max-video-preview":"max-video-preview:-1"},"canonical":"https:\/\/yhdistykset.vihreat.fi\/ikavihreat\/elakelaisten-olympialaiset-lempaalassa\/","og_locale":"fi_FI","og_type":"article","og_title":"El\u00e4kel\u00e4isten olympialaiset Lemp\u00e4\u00e4l\u00e4ss\u00e4 - Ik\u00e4vihre\u00e4t","og_description":"Lemp\u00e4\u00e4l\u00e4ss\u00e4 j\u00e4rjestettiin el\u00e4kel\u00e4isj\u00e4rjest\u00f6jen voimin el\u00e4kel\u00e4isten Olympialaiset kes\u00e4isen\u00e4 keskiviikkona 26.8.2026. Tilaisuuden avajaispuheen piti j\u00e4rjest\u00f6suunnittelija Anu Nevalainen. Puhe sis\u00e4lt\u00e4\u00e4 olennaisen koko olympia-aatteesta. Puhe on kokonaisuudessaan seuraava: \u201dHyv\u00e4t olympialaisten osallistujat. On ilo ja kunnia saada olla t\u00e4\u00e4ll\u00e4 t\u00e4n\u00e4\u00e4n mukana. Olemme kokoontuneet viett\u00e4m\u00e4\u00e4n liikunnallista p\u00e4iv\u00e4\u00e4 yhdess\u00e4, nauttimaan kohtaamisista, hyv\u00e4st\u00e4 seurasta ja leikkimielisest\u00e4 kisailusta. T\u00e4m\u00e4 p\u00e4iv\u00e4 kertoo ennen kaikkea yhteis\u00f6llisyydest\u00e4, [&hellip;]","og_url":"https:\/\/yhdistykset.vihreat.fi\/ikavihreat\/elakelaisten-olympialaiset-lempaalassa\/","og_site_name":"Ik\u00e4vihre\u00e4t","article_published_time":"2026-08-27T17:34:32+00:00","article_modified_time":"2026-08-27T17:34:34+00:00","og_image":[{"width":782,"height":440,"url":"https:\/\/yhdistykset.vihreat.fi\/ikavihreat\/files\/2026\/08\/olympialaiset-991x320.png","type":"image\/png"}],"author":"aunimarjavilavaara","twitter_card":"summary_large_image","twitter_misc":{"Kirjoittanut":"aunimarjavilavaara","Arvioitu lukuaika":"4 minuuttia"},"schema":{"@context":"https:\/\/schema.org","@graph":[{"@type":"Article","@id":"https:\/\/yhdistykset.vihreat.fi\/ikavihreat\/elakelaisten-olympialaiset-lempaalassa\/#article","isPartOf":{"@id":"https:\/\/yhdistykset.vihreat.fi\/ikavihreat\/elakelaisten-olympialaiset-lempaalassa\/"},"author":{"name":"aunimarjavilavaara","@id":"https:\/\/yhdistykset.vihreat.fi\/ikavihreat\/#\/schema\/person\/1f494bf1f1266351cc8858830963daf2"},"headline":"El\u00e4kel\u00e4isten olympialaiset Lemp\u00e4\u00e4l\u00e4ss\u00e4","datePublished":"2026-08-27T17:34:32+00:00","dateModified":"2026-08-27T17:34:34+00:00","mainEntityOfPage":{"@id":"https:\/\/yhdistykset.vihreat.fi\/ikavihreat\/elakelaisten-olympialaiset-lempaalassa\/"},"wordCount":562,"commentCount":0,"publisher":{"@id":"https:\/\/yhdistykset.vihreat.fi\/ikavihreat\/#organization"},"image":{"@id":"https:\/\/yhdistykset.vihreat.fi\/ikavihreat\/elakelaisten-olympialaiset-lempaalassa\/#primaryimage"},"thumbnailUrl":"https:\/\/yhdistykset.vihreat.fi\/ikavihreat\/files\/2026\/08\/olympialaiset-991x320.png","articleSection":["Ajankohtaista"],"inLanguage":"fi","potentialAction":[{"@type":"CommentAction","name":"Comment","target":["https:\/\/yhdistykset.vihreat.fi\/ikavihreat\/elakelaisten-olympialaiset-lempaalassa\/#respond"]}]},{"@type":"WebPage","@id":"https:\/\/yhdistykset.vihreat.fi\/ikavihreat\/elakelaisten-olympialaiset-lempaalassa\/","url":"https:\/\/yhdistykset.vihreat.fi\/ikavihreat\/elakelaisten-olympialaiset-lempaalassa\/","name":"El\u00e4kel\u00e4isten olympialaiset Lemp\u00e4\u00e4l\u00e4ss\u00e4 - Ik\u00e4vihre\u00e4t","isPartOf":{"@id":"https:\/\/yhdistykset.vihreat.fi\/ikavihreat\/#website"},"primaryImageOfPage":{"@id":"https:\/\/yhdistykset.vihreat.fi\/ikavihreat\/elakelaisten-olympialaiset-lempaalassa\/#primaryimage"},"image":{"@id":"https:\/\/yhdistykset.vihreat.fi\/ikavihreat\/elakelaisten-olympialaiset-lempaalassa\/#primaryimage"},"thumbnailUrl":"https:\/\/yhdistykset.vihreat.fi\/ikavihreat\/files\/2026\/08\/olympialaiset-991x320.png","datePublished":"2026-08-27T17:34:32+00:00","dateModified":"2026-08-27T17:34:34+00:00","breadcrumb":{"@id":"https:\/\/yhdistykset.vihreat.fi\/ikavihreat\/elakelaisten-olympialaiset-lempaalassa\/#breadcrumb"},"inLanguage":"fi","potentialAction":[{"@type":"ReadAction","target":["https:\/\/yhdistykset.vihreat.fi\/ikavihreat\/elakelaisten-olympialaiset-lempaalassa\/"]}]},{"@type":"ImageObject","inLanguage":"fi","@id":"https:\/\/yhdistykset.vihreat.fi\/ikavihreat\/elakelaisten-olympialaiset-lempaalassa\/#primaryimage","url":"https:\/\/yhdistykset.vihreat.fi\/ikavihreat\/files\/2026\/08\/olympialaiset-991x320.png","contentUrl":"https:\/\/yhdistykset.vihreat.fi\/ikavihreat\/files\/2026\/08\/olympialaiset-991x320.png","width":782,"height":440},{"@type":"BreadcrumbList","@id":"https:\/\/yhdistykset.vihreat.fi\/ikavihreat\/elakelaisten-olympialaiset-lempaalassa\/#breadcrumb","itemListElement":[{"@type":"ListItem","position":1,"name":"Home","item":"https:\/\/yhdistykset.vihreat.fi\/ikavihreat\/"},{"@type":"ListItem","position":2,"name":"El\u00e4kel\u00e4isten olympialaiset Lemp\u00e4\u00e4l\u00e4ss\u00e4"}]},{"@type":"WebSite","@id":"https:\/\/yhdistykset.vihreat.fi\/ikavihreat\/#website","url":"https:\/\/yhdistykset.vihreat.fi\/ikavihreat\/","name":"Ik\u00e4vihre\u00e4t","description":"Ik\u00e4vihre\u00e4t ry:n yhdistyksen verkkosivu","publisher":{"@id":"https:\/\/yhdistykset.vihreat.fi\/ikavihreat\/#organization"},"potentialAction":[{"@type":"SearchAction","target":{"@type":"EntryPoint","urlTemplate":"https:\/\/yhdistykset.vihreat.fi\/ikavihreat\/?s={search_term_string}"},"query-input":{"@type":"PropertyValueSpecification","valueRequired":true,"valueName":"search_term_string"}}],"inLanguage":"fi"},{"@type":"Organization","@id":"https:\/\/yhdistykset.vihreat.fi\/ikavihreat\/#organization","name":"Ik\u00e4vihre\u00e4t","url":"https:\/\/yhdistykset.vihreat.fi\/ikavihreat\/","logo":{"@type":"ImageObject","inLanguage":"fi","@id":"https:\/\/yhdistykset.vihreat.fi\/ikavihreat\/#\/schema\/logo\/image\/","url":"https:\/\/yhdistykset.vihreat.fi\/ikavihreat\/files\/2024\/09\/Ika\u0308vihrea\u0308t-logo.png","contentUrl":"https:\/\/yhdistykset.vihreat.fi\/ikavihreat\/files\/2024\/09\/Ika\u0308vihrea\u0308t-logo.png","width":398,"height":76,"caption":"Ik\u00e4vihre\u00e4t"},"image":{"@id":"https:\/\/yhdistykset.vihreat.fi\/ikavihreat\/#\/schema\/logo\/image\/"}},{"@type":"Person","@id":"https:\/\/yhdistykset.vihreat.fi\/ikavihreat\/#\/schema\/person\/1f494bf1f1266351cc8858830963daf2","name":"aunimarjavilavaara","image":{"@type":"ImageObject","inLanguage":"fi","@id":"https:\/\/secure.gravatar.com\/avatar\/b0514220ef544d9230d6a6d9190c16f46f0c27de199b5db125a228d7f3ac8643?s=96&d=mm&r=g","url":"https:\/\/secure.gravatar.com\/avatar\/b0514220ef544d9230d6a6d9190c16f46f0c27de199b5db125a228d7f3ac8643?s=96&d=mm&r=g","contentUrl":"https:\/\/secure.gravatar.com\/avatar\/b0514220ef544d9230d6a6d9190c16f46f0c27de199b5db125a228d7f3ac8643?s=96&d=mm&r=g","caption":"aunimarjavilavaara"},"url":"https:\/\/yhdistykset.vihreat.fi\/ikavihreat\/author\/aunimarjavilavaara\/"}]}},"_links":{"self":[{"href":"https:\/\/yhdistykset.vihreat.fi\/ikavihreat\/wp-json\/wp\/v2\/posts\/2697","targetHints":{"allow":["GET"]}}],"collection":[{"href":"https:\/\/yhdistykset.vihreat.fi\/ikavihreat\/wp-json\/wp\/v2\/posts"}],"about":[{"href":"https:\/\/yhdistykset.vihreat.fi\/ikavihreat\/wp-json\/wp\/v2\/types\/post"}],"author":[{"embeddable":true,"href":"https:\/\/yhdistykset.vihreat.fi\/ikavihreat\/wp-json\/wp\/v2\/users\/865"}],"replies":[{"embeddable":true,"href":"https:\/\/yhdistykset.vihreat.fi\/ikavihreat\/wp-json\/wp\/v2\/comments?post=2697"}],"version-history":[{"count":1,"href":"https:\/\/yhdistykset.vihreat.fi\/ikavihreat\/wp-json\/wp\/v2\/posts\/2697\/revisions"}],"predecessor-version":[{"id":2705,"href":"https:\/\/yhdistykset.vihreat.fi\/ikavihreat\/wp-json\/wp\/v2\/posts\/2697\/revisions\/2705"}],"wp:featuredmedia":[{"embeddable":true,"href":"https:\/\/yhdistykset.vihreat.fi\/ikavihreat\/wp-json\/wp\/v2\/media\/2700"}],"wp:attachment":[{"href":"https:\/\/yhdistykset.vihreat.fi\/ikavihreat\/wp-json\/wp\/v2\/media?parent=2697"}],"wp:term":[{"taxonomy":"category","embeddable":true,"href":"https:\/\/yhdistykset.vihreat.fi\/ikavihreat\/wp-json\/wp\/v2\/categories?post=2697"},{"taxonomy":"post_tag","embeddable":true,"href":"https:\/\/yhdistykset.vihreat.fi\/ikavihreat\/wp-json\/wp\/v2\/tags?post=2697"}],"curies":[{"name":"wp","href":"https:\/\/api.w.org\/{rel}","templated":true}]}}