{"id":2711,"date":"2026-09-01T13:49:59","date_gmt":"2026-09-01T10:49:59","guid":{"rendered":"https:\/\/yhdistykset.vihreat.fi\/ikavihreat\/?p=2711"},"modified":"2026-09-01T13:50:01","modified_gmt":"2026-09-01T10:50:01","slug":"yrjo-ala-paavola-85-vuotta-luonnon-puolesta","status":"publish","type":"post","link":"https:\/\/yhdistykset.vihreat.fi\/ikavihreat\/yrjo-ala-paavola-85-vuotta-luonnon-puolesta\/","title":{"rendered":"Yrj\u00f6 Ala-Paavola  85-vuotta luonnon puolesta."},"content":{"rendered":"\n<p class=\"wp-block-paragraph\"><\/p>\n\n\n\n<figure class=\"wp-block-image size-full\"><a href=\"https:\/\/yhdistykset.vihreat.fi\/ikavihreat\/files\/2026\/09\/image.png\"><img loading=\"lazy\" decoding=\"async\" width=\"948\" height=\"320\" src=\"https:\/\/yhdistykset.vihreat.fi\/ikavihreat\/files\/2026\/09\/image-948x320.png\" alt=\"\" class=\"wp-image-2713\"\/><\/a><\/figure>\n\n\n\n<p class=\"wp-block-paragraph\">Yrj\u00f6 Ala-Paavolan 85-vuotisjuhlan kahvitilaisuus pidettiin Teiskon vanhassa pappilassa Salonsaaressa 23.8.2026. Kuvassa on Birgit Backlund-Palander Ik\u00e4vihreist\u00e4 onnittelemassa ja etuvasemmalla istuu ik\u00e4vihre\u00e4 ja ikivihre\u00e4 Sinikka Ala-Paavola. Taustalla hymyilee Valeri Kalves. Heid\u00e4n huvilansa \u201dKaunistonkallio\u201d N\u00e4sij\u00e4rven rannassa on sit\u00e4 geologisesti mielenkiintoista kukonharjakalliota, josta Yrj\u00f6 kertoi meille juhlijoille. Ostivat aikoinaan tontin Ala-Paavolasta. H\u00e4nen miehell\u00e4\u00e4n Yrj\u00f6ll\u00e4 oli maantiekarhu, jolla h\u00e4n h\u00f6yl\u00e4si ja tasasi Paavolantiet\u00e4. Valeri on kotoisin Englannista. Leenan vieress\u00e4 istunut Svetlana on kotoisin Ven\u00e4j\u00e4lt\u00e4.<\/p>\n\n\n\n<p class=\"wp-block-paragraph\">Yrj\u00f6n lapsenlapsi Santeri Leinonen ilahdutti ja el\u00e4v\u00f6itti Yrj\u00f6n tarinoinnin v\u00e4liss\u00e4 meit\u00e4 harmonikalla ja yhteis\u00f6aululla.<\/p>\n\n\n\n<p class=\"wp-block-paragraph\">P\u00e4iv\u00e4 Yrj\u00f6 Ala-Paavolan 85-vuotissyntym\u00e4p\u00e4ivill\u00e4 oli juhlallinen alkaen Teiskon vanhasta, juuri kunnostetusta kirkosta, josta suntio kertoi meille monenlaista. Yrj\u00f6 ja muut sukulaiset laskivat kukkia l\u00e4hell\u00e4 toisiaan sijaitseville Ala-Paavoloiden suvun haudoille.<\/p>\n\n\n\n<p class=\"wp-block-paragraph\">El\u00e4m\u00e4\u00e4 kannattaa juhlia.<\/p>\n\n\n\n<p class=\"wp-block-paragraph\">Kiitos, Yrj\u00f6!<\/p>\n\n\n\n<p class=\"wp-block-paragraph\"><\/p>\n","protected":false},"excerpt":{"rendered":"<p>Yrj\u00f6 Ala-Paavolan 85-vuotisjuhlan kahvitilaisuus pidettiin Teiskon vanhassa pappilassa Salonsaaressa 23.8.2026. Kuvassa on Birgit Backlund-Palander Ik\u00e4vihreist\u00e4 onnittelemassa ja etuvasemmalla istuu ik\u00e4vihre\u00e4 ja ikivihre\u00e4 Sinikka Ala-Paavola. Taustalla hymyilee Valeri Kalves. Heid\u00e4n huvilansa \u201dKaunistonkallio\u201d N\u00e4sij\u00e4rven rannassa on sit\u00e4 geologisesti mielenkiintoista kukonharjakalliota, josta Yrj\u00f6 kertoi meille juhlijoille. Ostivat aikoinaan tontin Ala-Paavolasta. H\u00e4nen miehell\u00e4\u00e4n Yrj\u00f6ll\u00e4 oli maantiekarhu, jolla h\u00e4n h\u00f6yl\u00e4si [&hellip;]<\/p>\n","protected":false},"author":865,"featured_media":2723,"comment_status":"open","ping_status":"open","sticky":false,"template":"","format":"standard","meta":{"footnotes":""},"categories":[59,1],"tags":[202,8,200],"class_list":["post-2711","post","type-post","status-publish","format-standard","has-post-thumbnail","hentry","category-ajankohtaista","category-tiedotteet","tag-85-vuotta","tag-ikavihreat","tag-yrjo-ala-pavola"],"featuredImage":"<img width=\"225\" height=\"300\" src=\"https:\/\/yhdistykset.vihreat.fi\/ikavihreat\/files\/2026\/09\/20260818_144522-scaled.jpg\" class=\"attachment-medium size-medium wp-post-image\" alt=\"\" decoding=\"async\" loading=\"lazy\" \/>","authorName":"aunimarjavilavaara","term":["Ajankohtaista","Tiedotteet"],"author_url":"https:\/\/yhdistykset.vihreat.fi\/ikavihreat\/?p=2711","yoast_head":"<!-- This site is optimized with the Yoast SEO plugin v28.1 - https:\/\/yoast.com\/product\/yoast-seo-wordpress\/ -->\n<title>Yrj\u00f6 Ala-Paavola 85-vuotta luonnon puolesta. - Ik\u00e4vihre\u00e4t<\/title>\n<meta name=\"robots\" content=\"index, follow, max-snippet:-1, max-image-preview:large, max-video-preview:-1\" \/>\n<link rel=\"canonical\" href=\"https:\/\/yhdistykset.vihreat.fi\/ikavihreat\/yrjo-ala-paavola-85-vuotta-luonnon-puolesta\/\" \/>\n<meta property=\"og:locale\" content=\"fi_FI\" \/>\n<meta property=\"og:type\" content=\"article\" \/>\n<meta property=\"og:title\" content=\"Yrj\u00f6 Ala-Paavola 85-vuotta luonnon puolesta. - Ik\u00e4vihre\u00e4t\" \/>\n<meta property=\"og:description\" content=\"Yrj\u00f6 Ala-Paavolan 85-vuotisjuhlan kahvitilaisuus pidettiin Teiskon vanhassa pappilassa Salonsaaressa 23.8.2026. Kuvassa on Birgit Backlund-Palander Ik\u00e4vihreist\u00e4 onnittelemassa ja etuvasemmalla istuu ik\u00e4vihre\u00e4 ja ikivihre\u00e4 Sinikka Ala-Paavola. Taustalla hymyilee Valeri Kalves. Heid\u00e4n huvilansa \u201dKaunistonkallio\u201d N\u00e4sij\u00e4rven rannassa on sit\u00e4 geologisesti mielenkiintoista kukonharjakalliota, josta Yrj\u00f6 kertoi meille juhlijoille. Ostivat aikoinaan tontin Ala-Paavolasta. H\u00e4nen miehell\u00e4\u00e4n Yrj\u00f6ll\u00e4 oli maantiekarhu, jolla h\u00e4n h\u00f6yl\u00e4si [&hellip;]\" \/>\n<meta property=\"og:url\" content=\"https:\/\/yhdistykset.vihreat.fi\/ikavihreat\/yrjo-ala-paavola-85-vuotta-luonnon-puolesta\/\" \/>\n<meta property=\"og:site_name\" content=\"Ik\u00e4vihre\u00e4t\" \/>\n<meta property=\"article:published_time\" content=\"2026-09-01T10:49:59+00:00\" \/>\n<meta property=\"article:modified_time\" content=\"2026-09-01T10:50:01+00:00\" \/>\n<meta property=\"og:image\" content=\"https:\/\/yhdistykset.vihreat.fi\/ikavihreat\/files\/2026\/09\/20260818_144522-1200x320.jpg\" \/>\n\t<meta property=\"og:image:width\" content=\"1920\" \/>\n\t<meta property=\"og:image:height\" content=\"2560\" \/>\n\t<meta property=\"og:image:type\" content=\"image\/jpeg\" \/>\n<meta name=\"author\" content=\"aunimarjavilavaara\" \/>\n<meta name=\"twitter:card\" content=\"summary_large_image\" \/>\n<meta name=\"twitter:label1\" content=\"Kirjoittanut\" \/>\n\t<meta name=\"twitter:data1\" content=\"aunimarjavilavaara\" \/>\n\t<meta name=\"twitter:label2\" content=\"Arvioitu lukuaika\" \/>\n\t<meta name=\"twitter:data2\" content=\"2 minuuttia\" \/>\n<script type=\"application\/ld+json\" class=\"yoast-schema-graph\">{\"@context\":\"https:\\\/\\\/schema.org\",\"@graph\":[{\"@type\":\"Article\",\"@id\":\"https:\\\/\\\/yhdistykset.vihreat.fi\\\/ikavihreat\\\/yrjo-ala-paavola-85-vuotta-luonnon-puolesta\\\/#article\",\"isPartOf\":{\"@id\":\"https:\\\/\\\/yhdistykset.vihreat.fi\\\/ikavihreat\\\/yrjo-ala-paavola-85-vuotta-luonnon-puolesta\\\/\"},\"author\":{\"name\":\"aunimarjavilavaara\",\"@id\":\"https:\\\/\\\/yhdistykset.vihreat.fi\\\/ikavihreat\\\/#\\\/schema\\\/person\\\/1f494bf1f1266351cc8858830963daf2\"},\"headline\":\"Yrj\u00f6 Ala-Paavola 85-vuotta luonnon puolesta.\",\"datePublished\":\"2026-09-01T10:49:59+00:00\",\"dateModified\":\"2026-09-01T10:50:01+00:00\",\"mainEntityOfPage\":{\"@id\":\"https:\\\/\\\/yhdistykset.vihreat.fi\\\/ikavihreat\\\/yrjo-ala-paavola-85-vuotta-luonnon-puolesta\\\/\"},\"wordCount\":145,\"commentCount\":0,\"publisher\":{\"@id\":\"https:\\\/\\\/yhdistykset.vihreat.fi\\\/ikavihreat\\\/#organization\"},\"image\":{\"@id\":\"https:\\\/\\\/yhdistykset.vihreat.fi\\\/ikavihreat\\\/yrjo-ala-paavola-85-vuotta-luonnon-puolesta\\\/#primaryimage\"},\"thumbnailUrl\":\"https:\\\/\\\/yhdistykset.vihreat.fi\\\/ikavihreat\\\/files\\\/2026\\\/09\\\/20260818_144522-1200x320.jpg\",\"keywords\":[\"85 vuotta\",\"ik\u00e4vihre\u00e4t\",\"YRj\u00f6 Ala-pavola\"],\"articleSection\":[\"Ajankohtaista\",\"Tiedotteet\"],\"inLanguage\":\"fi\",\"potentialAction\":[{\"@type\":\"CommentAction\",\"name\":\"Comment\",\"target\":[\"https:\\\/\\\/yhdistykset.vihreat.fi\\\/ikavihreat\\\/yrjo-ala-paavola-85-vuotta-luonnon-puolesta\\\/#respond\"]}]},{\"@type\":\"WebPage\",\"@id\":\"https:\\\/\\\/yhdistykset.vihreat.fi\\\/ikavihreat\\\/yrjo-ala-paavola-85-vuotta-luonnon-puolesta\\\/\",\"url\":\"https:\\\/\\\/yhdistykset.vihreat.fi\\\/ikavihreat\\\/yrjo-ala-paavola-85-vuotta-luonnon-puolesta\\\/\",\"name\":\"Yrj\u00f6 Ala-Paavola 85-vuotta luonnon puolesta. - Ik\u00e4vihre\u00e4t\",\"isPartOf\":{\"@id\":\"https:\\\/\\\/yhdistykset.vihreat.fi\\\/ikavihreat\\\/#website\"},\"primaryImageOfPage\":{\"@id\":\"https:\\\/\\\/yhdistykset.vihreat.fi\\\/ikavihreat\\\/yrjo-ala-paavola-85-vuotta-luonnon-puolesta\\\/#primaryimage\"},\"image\":{\"@id\":\"https:\\\/\\\/yhdistykset.vihreat.fi\\\/ikavihreat\\\/yrjo-ala-paavola-85-vuotta-luonnon-puolesta\\\/#primaryimage\"},\"thumbnailUrl\":\"https:\\\/\\\/yhdistykset.vihreat.fi\\\/ikavihreat\\\/files\\\/2026\\\/09\\\/20260818_144522-1200x320.jpg\",\"datePublished\":\"2026-09-01T10:49:59+00:00\",\"dateModified\":\"2026-09-01T10:50:01+00:00\",\"breadcrumb\":{\"@id\":\"https:\\\/\\\/yhdistykset.vihreat.fi\\\/ikavihreat\\\/yrjo-ala-paavola-85-vuotta-luonnon-puolesta\\\/#breadcrumb\"},\"inLanguage\":\"fi\",\"potentialAction\":[{\"@type\":\"ReadAction\",\"target\":[\"https:\\\/\\\/yhdistykset.vihreat.fi\\\/ikavihreat\\\/yrjo-ala-paavola-85-vuotta-luonnon-puolesta\\\/\"]}]},{\"@type\":\"ImageObject\",\"inLanguage\":\"fi\",\"@id\":\"https:\\\/\\\/yhdistykset.vihreat.fi\\\/ikavihreat\\\/yrjo-ala-paavola-85-vuotta-luonnon-puolesta\\\/#primaryimage\",\"url\":\"https:\\\/\\\/yhdistykset.vihreat.fi\\\/ikavihreat\\\/files\\\/2026\\\/09\\\/20260818_144522-1200x320.jpg\",\"contentUrl\":\"https:\\\/\\\/yhdistykset.vihreat.fi\\\/ikavihreat\\\/files\\\/2026\\\/09\\\/20260818_144522-1200x320.jpg\",\"width\":1920,\"height\":2560},{\"@type\":\"BreadcrumbList\",\"@id\":\"https:\\\/\\\/yhdistykset.vihreat.fi\\\/ikavihreat\\\/yrjo-ala-paavola-85-vuotta-luonnon-puolesta\\\/#breadcrumb\",\"itemListElement\":[{\"@type\":\"ListItem\",\"position\":1,\"name\":\"Home\",\"item\":\"https:\\\/\\\/yhdistykset.vihreat.fi\\\/ikavihreat\\\/\"},{\"@type\":\"ListItem\",\"position\":2,\"name\":\"Yrj\u00f6 Ala-Paavola 85-vuotta luonnon puolesta.\"}]},{\"@type\":\"WebSite\",\"@id\":\"https:\\\/\\\/yhdistykset.vihreat.fi\\\/ikavihreat\\\/#website\",\"url\":\"https:\\\/\\\/yhdistykset.vihreat.fi\\\/ikavihreat\\\/\",\"name\":\"Ik\u00e4vihre\u00e4t\",\"description\":\"Ik\u00e4vihre\u00e4t ry:n yhdistyksen verkkosivu\",\"publisher\":{\"@id\":\"https:\\\/\\\/yhdistykset.vihreat.fi\\\/ikavihreat\\\/#organization\"},\"potentialAction\":[{\"@type\":\"SearchAction\",\"target\":{\"@type\":\"EntryPoint\",\"urlTemplate\":\"https:\\\/\\\/yhdistykset.vihreat.fi\\\/ikavihreat\\\/?s={search_term_string}\"},\"query-input\":{\"@type\":\"PropertyValueSpecification\",\"valueRequired\":true,\"valueName\":\"search_term_string\"}}],\"inLanguage\":\"fi\"},{\"@type\":\"Organization\",\"@id\":\"https:\\\/\\\/yhdistykset.vihreat.fi\\\/ikavihreat\\\/#organization\",\"name\":\"Ik\u00e4vihre\u00e4t\",\"url\":\"https:\\\/\\\/yhdistykset.vihreat.fi\\\/ikavihreat\\\/\",\"logo\":{\"@type\":\"ImageObject\",\"inLanguage\":\"fi\",\"@id\":\"https:\\\/\\\/yhdistykset.vihreat.fi\\\/ikavihreat\\\/#\\\/schema\\\/logo\\\/image\\\/\",\"url\":\"https:\\\/\\\/yhdistykset.vihreat.fi\\\/ikavihreat\\\/files\\\/2024\\\/09\\\/Ika\u0308vihrea\u0308t-logo.png\",\"contentUrl\":\"https:\\\/\\\/yhdistykset.vihreat.fi\\\/ikavihreat\\\/files\\\/2024\\\/09\\\/Ika\u0308vihrea\u0308t-logo.png\",\"width\":398,\"height\":76,\"caption\":\"Ik\u00e4vihre\u00e4t\"},\"image\":{\"@id\":\"https:\\\/\\\/yhdistykset.vihreat.fi\\\/ikavihreat\\\/#\\\/schema\\\/logo\\\/image\\\/\"}},{\"@type\":\"Person\",\"@id\":\"https:\\\/\\\/yhdistykset.vihreat.fi\\\/ikavihreat\\\/#\\\/schema\\\/person\\\/1f494bf1f1266351cc8858830963daf2\",\"name\":\"aunimarjavilavaara\",\"image\":{\"@type\":\"ImageObject\",\"inLanguage\":\"fi\",\"@id\":\"https:\\\/\\\/secure.gravatar.com\\\/avatar\\\/b0514220ef544d9230d6a6d9190c16f46f0c27de199b5db125a228d7f3ac8643?s=96&d=mm&r=g\",\"url\":\"https:\\\/\\\/secure.gravatar.com\\\/avatar\\\/b0514220ef544d9230d6a6d9190c16f46f0c27de199b5db125a228d7f3ac8643?s=96&d=mm&r=g\",\"contentUrl\":\"https:\\\/\\\/secure.gravatar.com\\\/avatar\\\/b0514220ef544d9230d6a6d9190c16f46f0c27de199b5db125a228d7f3ac8643?s=96&d=mm&r=g\",\"caption\":\"aunimarjavilavaara\"},\"url\":\"https:\\\/\\\/yhdistykset.vihreat.fi\\\/ikavihreat\\\/author\\\/aunimarjavilavaara\\\/\"}]}<\/script>\n<!-- \/ Yoast SEO plugin. -->","yoast_head_json":{"title":"Yrj\u00f6 Ala-Paavola 85-vuotta luonnon puolesta. - Ik\u00e4vihre\u00e4t","robots":{"index":"index","follow":"follow","max-snippet":"max-snippet:-1","max-image-preview":"max-image-preview:large","max-video-preview":"max-video-preview:-1"},"canonical":"https:\/\/yhdistykset.vihreat.fi\/ikavihreat\/yrjo-ala-paavola-85-vuotta-luonnon-puolesta\/","og_locale":"fi_FI","og_type":"article","og_title":"Yrj\u00f6 Ala-Paavola 85-vuotta luonnon puolesta. - Ik\u00e4vihre\u00e4t","og_description":"Yrj\u00f6 Ala-Paavolan 85-vuotisjuhlan kahvitilaisuus pidettiin Teiskon vanhassa pappilassa Salonsaaressa 23.8.2026. Kuvassa on Birgit Backlund-Palander Ik\u00e4vihreist\u00e4 onnittelemassa ja etuvasemmalla istuu ik\u00e4vihre\u00e4 ja ikivihre\u00e4 Sinikka Ala-Paavola. Taustalla hymyilee Valeri Kalves. Heid\u00e4n huvilansa \u201dKaunistonkallio\u201d N\u00e4sij\u00e4rven rannassa on sit\u00e4 geologisesti mielenkiintoista kukonharjakalliota, josta Yrj\u00f6 kertoi meille juhlijoille. Ostivat aikoinaan tontin Ala-Paavolasta. H\u00e4nen miehell\u00e4\u00e4n Yrj\u00f6ll\u00e4 oli maantiekarhu, jolla h\u00e4n h\u00f6yl\u00e4si [&hellip;]","og_url":"https:\/\/yhdistykset.vihreat.fi\/ikavihreat\/yrjo-ala-paavola-85-vuotta-luonnon-puolesta\/","og_site_name":"Ik\u00e4vihre\u00e4t","article_published_time":"2026-09-01T10:49:59+00:00","article_modified_time":"2026-09-01T10:50:01+00:00","og_image":[{"width":1920,"height":2560,"url":"https:\/\/yhdistykset.vihreat.fi\/ikavihreat\/files\/2026\/09\/20260818_144522-1200x320.jpg","type":"image\/jpeg"}],"author":"aunimarjavilavaara","twitter_card":"summary_large_image","twitter_misc":{"Kirjoittanut":"aunimarjavilavaara","Arvioitu lukuaika":"2 minuuttia"},"schema":{"@context":"https:\/\/schema.org","@graph":[{"@type":"Article","@id":"https:\/\/yhdistykset.vihreat.fi\/ikavihreat\/yrjo-ala-paavola-85-vuotta-luonnon-puolesta\/#article","isPartOf":{"@id":"https:\/\/yhdistykset.vihreat.fi\/ikavihreat\/yrjo-ala-paavola-85-vuotta-luonnon-puolesta\/"},"author":{"name":"aunimarjavilavaara","@id":"https:\/\/yhdistykset.vihreat.fi\/ikavihreat\/#\/schema\/person\/1f494bf1f1266351cc8858830963daf2"},"headline":"Yrj\u00f6 Ala-Paavola 85-vuotta luonnon puolesta.","datePublished":"2026-09-01T10:49:59+00:00","dateModified":"2026-09-01T10:50:01+00:00","mainEntityOfPage":{"@id":"https:\/\/yhdistykset.vihreat.fi\/ikavihreat\/yrjo-ala-paavola-85-vuotta-luonnon-puolesta\/"},"wordCount":145,"commentCount":0,"publisher":{"@id":"https:\/\/yhdistykset.vihreat.fi\/ikavihreat\/#organization"},"image":{"@id":"https:\/\/yhdistykset.vihreat.fi\/ikavihreat\/yrjo-ala-paavola-85-vuotta-luonnon-puolesta\/#primaryimage"},"thumbnailUrl":"https:\/\/yhdistykset.vihreat.fi\/ikavihreat\/files\/2026\/09\/20260818_144522-1200x320.jpg","keywords":["85 vuotta","ik\u00e4vihre\u00e4t","YRj\u00f6 Ala-pavola"],"articleSection":["Ajankohtaista","Tiedotteet"],"inLanguage":"fi","potentialAction":[{"@type":"CommentAction","name":"Comment","target":["https:\/\/yhdistykset.vihreat.fi\/ikavihreat\/yrjo-ala-paavola-85-vuotta-luonnon-puolesta\/#respond"]}]},{"@type":"WebPage","@id":"https:\/\/yhdistykset.vihreat.fi\/ikavihreat\/yrjo-ala-paavola-85-vuotta-luonnon-puolesta\/","url":"https:\/\/yhdistykset.vihreat.fi\/ikavihreat\/yrjo-ala-paavola-85-vuotta-luonnon-puolesta\/","name":"Yrj\u00f6 Ala-Paavola 85-vuotta luonnon puolesta. - Ik\u00e4vihre\u00e4t","isPartOf":{"@id":"https:\/\/yhdistykset.vihreat.fi\/ikavihreat\/#website"},"primaryImageOfPage":{"@id":"https:\/\/yhdistykset.vihreat.fi\/ikavihreat\/yrjo-ala-paavola-85-vuotta-luonnon-puolesta\/#primaryimage"},"image":{"@id":"https:\/\/yhdistykset.vihreat.fi\/ikavihreat\/yrjo-ala-paavola-85-vuotta-luonnon-puolesta\/#primaryimage"},"thumbnailUrl":"https:\/\/yhdistykset.vihreat.fi\/ikavihreat\/files\/2026\/09\/20260818_144522-1200x320.jpg","datePublished":"2026-09-01T10:49:59+00:00","dateModified":"2026-09-01T10:50:01+00:00","breadcrumb":{"@id":"https:\/\/yhdistykset.vihreat.fi\/ikavihreat\/yrjo-ala-paavola-85-vuotta-luonnon-puolesta\/#breadcrumb"},"inLanguage":"fi","potentialAction":[{"@type":"ReadAction","target":["https:\/\/yhdistykset.vihreat.fi\/ikavihreat\/yrjo-ala-paavola-85-vuotta-luonnon-puolesta\/"]}]},{"@type":"ImageObject","inLanguage":"fi","@id":"https:\/\/yhdistykset.vihreat.fi\/ikavihreat\/yrjo-ala-paavola-85-vuotta-luonnon-puolesta\/#primaryimage","url":"https:\/\/yhdistykset.vihreat.fi\/ikavihreat\/files\/2026\/09\/20260818_144522-1200x320.jpg","contentUrl":"https:\/\/yhdistykset.vihreat.fi\/ikavihreat\/files\/2026\/09\/20260818_144522-1200x320.jpg","width":1920,"height":2560},{"@type":"BreadcrumbList","@id":"https:\/\/yhdistykset.vihreat.fi\/ikavihreat\/yrjo-ala-paavola-85-vuotta-luonnon-puolesta\/#breadcrumb","itemListElement":[{"@type":"ListItem","position":1,"name":"Home","item":"https:\/\/yhdistykset.vihreat.fi\/ikavihreat\/"},{"@type":"ListItem","position":2,"name":"Yrj\u00f6 Ala-Paavola 85-vuotta luonnon puolesta."}]},{"@type":"WebSite","@id":"https:\/\/yhdistykset.vihreat.fi\/ikavihreat\/#website","url":"https:\/\/yhdistykset.vihreat.fi\/ikavihreat\/","name":"Ik\u00e4vihre\u00e4t","description":"Ik\u00e4vihre\u00e4t ry:n yhdistyksen verkkosivu","publisher":{"@id":"https:\/\/yhdistykset.vihreat.fi\/ikavihreat\/#organization"},"potentialAction":[{"@type":"SearchAction","target":{"@type":"EntryPoint","urlTemplate":"https:\/\/yhdistykset.vihreat.fi\/ikavihreat\/?s={search_term_string}"},"query-input":{"@type":"PropertyValueSpecification","valueRequired":true,"valueName":"search_term_string"}}],"inLanguage":"fi"},{"@type":"Organization","@id":"https:\/\/yhdistykset.vihreat.fi\/ikavihreat\/#organization","name":"Ik\u00e4vihre\u00e4t","url":"https:\/\/yhdistykset.vihreat.fi\/ikavihreat\/","logo":{"@type":"ImageObject","inLanguage":"fi","@id":"https:\/\/yhdistykset.vihreat.fi\/ikavihreat\/#\/schema\/logo\/image\/","url":"https:\/\/yhdistykset.vihreat.fi\/ikavihreat\/files\/2024\/09\/Ika\u0308vihrea\u0308t-logo.png","contentUrl":"https:\/\/yhdistykset.vihreat.fi\/ikavihreat\/files\/2024\/09\/Ika\u0308vihrea\u0308t-logo.png","width":398,"height":76,"caption":"Ik\u00e4vihre\u00e4t"},"image":{"@id":"https:\/\/yhdistykset.vihreat.fi\/ikavihreat\/#\/schema\/logo\/image\/"}},{"@type":"Person","@id":"https:\/\/yhdistykset.vihreat.fi\/ikavihreat\/#\/schema\/person\/1f494bf1f1266351cc8858830963daf2","name":"aunimarjavilavaara","image":{"@type":"ImageObject","inLanguage":"fi","@id":"https:\/\/secure.gravatar.com\/avatar\/b0514220ef544d9230d6a6d9190c16f46f0c27de199b5db125a228d7f3ac8643?s=96&d=mm&r=g","url":"https:\/\/secure.gravatar.com\/avatar\/b0514220ef544d9230d6a6d9190c16f46f0c27de199b5db125a228d7f3ac8643?s=96&d=mm&r=g","contentUrl":"https:\/\/secure.gravatar.com\/avatar\/b0514220ef544d9230d6a6d9190c16f46f0c27de199b5db125a228d7f3ac8643?s=96&d=mm&r=g","caption":"aunimarjavilavaara"},"url":"https:\/\/yhdistykset.vihreat.fi\/ikavihreat\/author\/aunimarjavilavaara\/"}]}},"_links":{"self":[{"href":"https:\/\/yhdistykset.vihreat.fi\/ikavihreat\/wp-json\/wp\/v2\/posts\/2711","targetHints":{"allow":["GET"]}}],"collection":[{"href":"https:\/\/yhdistykset.vihreat.fi\/ikavihreat\/wp-json\/wp\/v2\/posts"}],"about":[{"href":"https:\/\/yhdistykset.vihreat.fi\/ikavihreat\/wp-json\/wp\/v2\/types\/post"}],"author":[{"embeddable":true,"href":"https:\/\/yhdistykset.vihreat.fi\/ikavihreat\/wp-json\/wp\/v2\/users\/865"}],"replies":[{"embeddable":true,"href":"https:\/\/yhdistykset.vihreat.fi\/ikavihreat\/wp-json\/wp\/v2\/comments?post=2711"}],"version-history":[{"count":1,"href":"https:\/\/yhdistykset.vihreat.fi\/ikavihreat\/wp-json\/wp\/v2\/posts\/2711\/revisions"}],"predecessor-version":[{"id":2714,"href":"https:\/\/yhdistykset.vihreat.fi\/ikavihreat\/wp-json\/wp\/v2\/posts\/2711\/revisions\/2714"}],"wp:featuredmedia":[{"embeddable":true,"href":"https:\/\/yhdistykset.vihreat.fi\/ikavihreat\/wp-json\/wp\/v2\/media\/2723"}],"wp:attachment":[{"href":"https:\/\/yhdistykset.vihreat.fi\/ikavihreat\/wp-json\/wp\/v2\/media?parent=2711"}],"wp:term":[{"taxonomy":"category","embeddable":true,"href":"https:\/\/yhdistykset.vihreat.fi\/ikavihreat\/wp-json\/wp\/v2\/categories?post=2711"},{"taxonomy":"post_tag","embeddable":true,"href":"https:\/\/yhdistykset.vihreat.fi\/ikavihreat\/wp-json\/wp\/v2\/tags?post=2711"}],"curies":[{"name":"wp","href":"https:\/\/api.w.org\/{rel}","templated":true}]}}