{"id":1054,"date":"2024-03-24T12:05:28","date_gmt":"2024-03-24T10:05:28","guid":{"rendered":"https:\/\/yhdistykset.vihreat.fi\/kemionsaaren.vihreat\/?p=1054"},"modified":"2024-03-24T16:22:40","modified_gmt":"2024-03-24T14:22:40","slug":"perusopetusuudistus","status":"publish","type":"post","link":"https:\/\/yhdistykset.vihreat.fi\/kemionsaaren.vihreat\/2024\/03\/24\/perusopetusuudistus\/","title":{"rendered":"Perusopetusuudistus"},"content":{"rendered":"<p><span style=\"color: #000000;\"><span style=\"font-family: Calisto MT, serif;\"><span style=\"font-size: medium;\">K<\/span><\/span><\/span><span style=\"color: #000000;\"><span style=\"font-family: Calisto MT, serif;\"><span style=\"font-size: medium;\">unta on aloittanut kouluverkoston muutoksia koskevan selvitysty\u00f6n. Lasten m\u00e4\u00e4r\u00e4 v\u00e4henee <\/span><\/span><\/span><span style=\"color: #000000;\"><span style=\"font-family: Calisto MT, serif;\"><span style=\"font-size: medium;\">K<\/span><\/span><\/span><span style=\"color: #000000;\"><span style=\"font-family: Calisto MT, serif;\"><span style=\"font-size: medium;\">emi\u00f6nsaaren kunnassa todella rajusti t\u00e4ll\u00e4 hetkell\u00e4 ja jotain on hyv\u00e4 tehd\u00e4, ett\u00e4 laadukas perusopetus voidaan taata. <\/span><\/span><\/span><\/p>\n<p><span style=\"color: #000000;\"><span style=\"font-family: Calisto MT, serif;\"><span style=\"font-size: medium;\">T\u00e4ll\u00e4 kertaa kunta on ihan tosissaan avoimesti valmistelemassa asiaa, valtuustoryhm\u00e4l\u00e4iset ovat olleet mukana iltakouluissa ja nyt kun <\/span><\/span><\/span><span style=\"color: #000000;\"><span style=\"font-family: Calisto MT, serif;\"><span style=\"font-size: medium;\">konsulttiyrityksen tekem\u00e4 <\/span><\/span><\/span><span style=\"color: #000000;\"><span style=\"font-family: Calisto MT, serif;\"><span style=\"font-size: medium;\">raportti on saanut selke\u00e4mm\u00e4n muodon, sit\u00e4 on my\u00f6s esitelty kuntalaisille. <\/span><\/span><\/span><span style=\"color: #000000;\"><span style=\"font-family: Calisto MT, serif;\"><span style=\"font-size: medium;\">Kunnan kotisivuilla on varsin kattava paketti asiasta:<strong> <a href=\"https:\/\/www.kemionsaari.fi\/2024\/03\/13\/kemionsaaren-perusopetusselvitys-tarjoaa-vaihtoehtoisia-ratkaisuja-tulevaisuuteen\/\" target=\"_blank\" rel=\"noopener\">Perusopetusselvitys<\/a>.<\/strong><\/span><\/span><\/span><\/p>\n<p><span style=\"color: #000000;\"><span style=\"font-family: Calisto MT, serif;\"><span style=\"font-size: medium;\">S<\/span><\/span><\/span><span style=\"color: #000000;\"><span style=\"font-family: Calisto MT, serif;\"><span style=\"font-size: medium;\">ivistysjohtaja <\/span><\/span><\/span><strong><span style=\"color: #000000;\"><span style=\"font-family: Calisto MT, serif;\"><span style=\"font-size: medium;\">Marjaana Hoikkala<\/span><\/span><\/span><\/strong><strong><span style=\"color: #000000;\"><span style=\"font-family: Calisto MT, serif;\"><span style=\"font-size: medium;\">n <\/span><\/span><\/span><\/strong><span style=\"color: #000000;\"><span style=\"font-family: Calisto MT, serif;\"><span style=\"font-size: medium;\">sanoin:<\/span><\/span><\/span><span style=\"color: #000000;\"><span style=\"font-family: Calisto MT, serif;\"><span style=\"font-size: medium;\"><br \/>\n\u201d\u2212 On t\u00e4rke\u00e4\u00e4, ett\u00e4 perusopetuksen j\u00e4rjest\u00e4misest\u00e4 tulevaisuudessa k\u00e4yd\u00e4\u00e4n mahdollisimman avointa ja laajaa keskustelua. Selvityksen ja sen pohjalta k\u00e4ydyn keskustelun perusteella laaditaan perusopetuksen kehitt\u00e4missuunnitelma, jonka my\u00f6t\u00e4 pystymme tulevaisuudessakin turvaamaan laadukkaan ja yhdenvertaisen perusopetuksen kuntamme kaikille lapsille ja nuorille. \u201d<\/span><\/span><\/span><\/p>\n<p><span style=\"color: #000000;\"><span style=\"font-family: Calisto MT, serif;\"><span style=\"font-size: medium;\">Nyt on siis tehty selvitys ja siit\u00e4 k\u00e4yd\u00e4\u00e4n avointa keskustelua. K<\/span><\/span><\/span><span style=\"color: #000000;\"><span style=\"font-family: Calisto MT, serif;\"><span style=\"font-size: medium;\">eskustelutilaisuuksia oli viime viikolla Taalintehtaalla ja V\u00e4stanfj\u00e4rdiss\u00e4, ensi viikon tiistaina p\u00e4\u00e4see viel\u00e4 Villa Landeen keskustelemaan aiheesta <\/span><\/span><\/span><span style=\"color: #000000;\"><span style=\"font-family: Calisto MT, serif;\"><span style=\"font-size: medium;\">ja keskiviikkona Hitis-Rosalan koulussa<\/span><\/span><\/span><span style=\"color: #000000;\"><span style=\"font-family: Calisto MT, serif;\"><span style=\"font-size: medium;\">. Ja t\u00e4ytt\u00e4k\u00e4\u00e4 toki nettikysely aiheesta: <\/span><\/span><\/span><strong><a href=\"https:\/\/link.webropolsurveys.com\/S\/4552A68191D7C9EB\" target=\"_blank\" rel=\"noopener\">Perusopetuskysely<\/a>.<\/strong> <span style=\"color: #000000;\"><span style=\"font-family: Calisto MT, serif;\"><span style=\"font-size: medium;\">K<\/span><\/span><\/span><span style=\"color: #000000;\"><span style=\"font-family: Calisto MT, serif;\"><span style=\"font-size: medium;\">ertokaa <\/span><\/span><\/span><span style=\"color: #000000;\"><span style=\"font-family: Calisto MT, serif;\"><span style=\"font-size: medium;\">mielell\u00e4\u00e4n my\u00f6s <\/span><\/span><\/span><span style=\"color: #000000;\"><span style=\"font-family: Calisto MT, serif;\"><span style=\"font-size: medium;\">meille poliitikoille, mit\u00e4 pit\u00e4isi kouluverkon kanssa tehd\u00e4 ja mit\u00e4 ei pit\u00e4isi tehd\u00e4. Viemme asioita eteenp\u00e4in.<\/span><\/span><\/span><\/p>\n<p><span style=\"color: #000000;\"><span style=\"font-family: Calisto MT, serif;\"><span style=\"font-size: medium;\">Kunnan sivuilta l\u00f6ytyy my\u00f6s koko prosessi aikataulu. Tein siit\u00e4 oman versioni <strong><a href=\"https:\/\/yhdistykset.vihreat.fi\/kemionsaaren.vihreat\/files\/2024\/03\/Perusopetusselvitys-kaavio.png\" target=\"_blank\" rel=\"noopener\">kaaviomuodossa<\/a><\/strong>:<\/span><\/span><\/span><\/p>\n<p><span style=\"color: #000000;\"><span style=\"font-family: Calisto MT, serif;\"><span style=\"font-size: medium;\"><a href=\"https:\/\/yhdistykset.vihreat.fi\/kemionsaaren.vihreat\/files\/2024\/03\/Perusopetusselvitys-kaavio.png\"><img loading=\"lazy\" decoding=\"async\" class=\"aligncenter size-large wp-image-1067\" src=\"https:\/\/yhdistykset.vihreat.fi\/kemionsaaren.vihreat\/files\/2024\/03\/Perusopetusselvitys-kaavio-1024x252.png\" alt=\"\" width=\"1024\" height=\"252\" srcset=\"https:\/\/yhdistykset.vihreat.fi\/kemionsaaren.vihreat\/files\/2024\/03\/Perusopetusselvitys-kaavio-980x241.png 980w, https:\/\/yhdistykset.vihreat.fi\/kemionsaaren.vihreat\/files\/2024\/03\/Perusopetusselvitys-kaavio-480x118.png 480w\" sizes=\"auto, (min-width: 0px) and (max-width: 480px) 480px, (min-width: 481px) and (max-width: 980px) 980px, (min-width: 981px) 1024px, 100vw\" \/><\/a><\/span><\/span><\/span><\/p>\n<p><span style=\"color: #000000;\"><span style=\"font-family: Calisto MT, serif;\"><span style=\"font-size: medium;\">Kuntalaisten huomioiden j\u00e4lkeen <\/span><\/span><\/span><span style=\"color: #000000;\"><span style=\"font-family: Calisto MT, serif;\"><span style=\"font-size: medium;\">virkamiehet <\/span><\/span><\/span><span style=\"color: #000000;\"><span style=\"font-family: Calisto MT, serif;\"><span style=\"font-size: medium;\">arvioi<\/span><\/span><\/span><span style=\"color: #000000;\"><span style=\"font-family: Calisto MT, serif;\"><span style=\"font-size: medium;\">vat<\/span><\/span><\/span><span style=\"color: #000000;\"><span style=\"font-family: Calisto MT, serif;\"><span style=\"font-size: medium;\"> mink\u00e4laiset vaikutukset erilaisilla vaihtoehdoilla on, jonka j\u00e4lkeen <\/span><\/span><\/span><span style=\"color: #000000;\"><span style=\"font-family: Calisto MT, serif;\"><span style=\"font-size: medium;\">arviot esitet\u00e4\u00e4n <\/span><\/span><\/span><span style=\"color: #000000;\"><span style=\"font-family: Calisto MT, serif;\"><span style=\"font-size: medium;\"> valtuustolle, sivistyslautakunnalle, suomenkieliselle ja ruotsinkieliselle koulujaostolle sek\u00e4 nuorisovaltuustolle. <\/span><\/span><\/span><span style=\"color: #000000;\"><span style=\"font-family: Calisto MT, serif;\"><span style=\"font-size: medium;\">Kunhan koulujaostot ovat toukokuussa (outoa, ettei n\u00e4iden kokouksille ole annettu p\u00e4iv\u00e4m\u00e4\u00e4ri\u00e4) antaneet lausuntonsa selvityksest\u00e4, muuttuu aineisto kehitt\u00e4missuunnitelmaksi, johon rehtorit ottavat ensimm\u00e4isin\u00e4 kantaa. <\/span><\/span><\/span><\/p>\n<p><span style=\"color: #000000;\"><span style=\"font-family: Calisto MT, serif;\"><span style=\"font-size: medium;\">T\u00e4m\u00e4 j\u00e4lkeen sivistyslautakunta tekee esityksen perusopetuksen<br \/>\nkehitt\u00e4missuunnitelmasta kunnanhallitukselle, joka edelleen tekee mahdollisesti viel\u00e4 muutetun ehdotuksensa valtuustolle. 10.6.2024 valtuusto p\u00e4\u00e4tt\u00e4\u00e4 perusopetuksen kehitt\u00e4missuunnitelmasta. Jota l\u00e4hdet\u00e4\u00e4n toteuttamaan askel askeleelta, ensimm\u00e4inen konkreettinen toteutus on mahdollista n\u00e4hd\u00e4 jo vuoden 2025 budjetissa.<\/span><\/span><\/span><\/p>\n<p>-SZ-<\/p>\n","protected":false},"excerpt":{"rendered":"<p>Kunta on aloittanut kouluverkoston muutoksia koskevan selvitysty\u00f6n. Lasten m\u00e4\u00e4r\u00e4 v\u00e4henee Kemi\u00f6nsaaren kunnassa todella rajusti t\u00e4ll\u00e4 hetkell\u00e4 ja jotain on hyv\u00e4 tehd\u00e4, ett\u00e4 laadukas perusopetus voidaan taata. T\u00e4ll\u00e4 kertaa kunta on ihan tosissaan avoimesti valmistelemassa asiaa, valtuustoryhm\u00e4l\u00e4iset ovat olleet mukana iltakouluissa ja nyt kun konsulttiyrityksen tekem\u00e4 raportti on saanut selke\u00e4mm\u00e4n muodon, sit\u00e4 on my\u00f6s esitelty kuntalaisille. [&hellip;]<\/p>\n","protected":false},"author":1350,"featured_media":0,"comment_status":"open","ping_status":"open","sticky":false,"template":"","format":"standard","meta":{"_et_pb_use_builder":"","_et_pb_old_content":"","_et_gb_content_width":"","footnotes":""},"categories":[1],"tags":[],"class_list":["post-1054","post","type-post","status-publish","format-standard","hentry","category-tiedotteet"],"featuredImage":"","authorName":"satu.zwerver","term":["Meddelanden \/ Tiedotteet"],"author_url":"https:\/\/yhdistykset.vihreat.fi\/kemionsaaren.vihreat\/?p=1054","_links":{"self":[{"href":"https:\/\/yhdistykset.vihreat.fi\/kemionsaaren.vihreat\/wp-json\/wp\/v2\/posts\/1054","targetHints":{"allow":["GET"]}}],"collection":[{"href":"https:\/\/yhdistykset.vihreat.fi\/kemionsaaren.vihreat\/wp-json\/wp\/v2\/posts"}],"about":[{"href":"https:\/\/yhdistykset.vihreat.fi\/kemionsaaren.vihreat\/wp-json\/wp\/v2\/types\/post"}],"author":[{"embeddable":true,"href":"https:\/\/yhdistykset.vihreat.fi\/kemionsaaren.vihreat\/wp-json\/wp\/v2\/users\/1350"}],"replies":[{"embeddable":true,"href":"https:\/\/yhdistykset.vihreat.fi\/kemionsaaren.vihreat\/wp-json\/wp\/v2\/comments?post=1054"}],"version-history":[{"count":9,"href":"https:\/\/yhdistykset.vihreat.fi\/kemionsaaren.vihreat\/wp-json\/wp\/v2\/posts\/1054\/revisions"}],"predecessor-version":[{"id":1069,"href":"https:\/\/yhdistykset.vihreat.fi\/kemionsaaren.vihreat\/wp-json\/wp\/v2\/posts\/1054\/revisions\/1069"}],"wp:attachment":[{"href":"https:\/\/yhdistykset.vihreat.fi\/kemionsaaren.vihreat\/wp-json\/wp\/v2\/media?parent=1054"}],"wp:term":[{"taxonomy":"category","embeddable":true,"href":"https:\/\/yhdistykset.vihreat.fi\/kemionsaaren.vihreat\/wp-json\/wp\/v2\/categories?post=1054"},{"taxonomy":"post_tag","embeddable":true,"href":"https:\/\/yhdistykset.vihreat.fi\/kemionsaaren.vihreat\/wp-json\/wp\/v2\/tags?post=1054"}],"curies":[{"name":"wp","href":"https:\/\/api.w.org\/{rel}","templated":true}]}}