{"id":1070,"date":"2024-03-25T21:01:43","date_gmt":"2024-03-25T19:01:43","guid":{"rendered":"https:\/\/yhdistykset.vihreat.fi\/kemionsaaren.vihreat\/?p=1070"},"modified":"2024-03-25T21:01:43","modified_gmt":"2024-03-25T19:01:43","slug":"utredningen-av-den-grundlaggande-utbildningen","status":"publish","type":"post","link":"https:\/\/yhdistykset.vihreat.fi\/kemionsaaren.vihreat\/2024\/03\/25\/utredningen-av-den-grundlaggande-utbildningen\/","title":{"rendered":"Utredningen av den grundl\u00e4ggande utbildningen"},"content":{"rendered":"<p>Kommunen har startat en utredning om f\u00f6r\u00e4ndringar i skoln\u00e4tverket. Antalet barn i Kimito\u00f6ns kommun minskar drastiskt just nu och n\u00e5got m\u00e5ste g\u00f6ras f\u00f6r att s\u00e4kerst\u00e4lla en kvalitativ grundutbildning.<\/p>\n<p>Den h\u00e4r g\u00e5ngen arbetar kommunen verkligen \u00f6ppet med fr\u00e5gan, fullm\u00e4ktigeledam\u00f6terna har deltagit i aftonskolorna och nu n\u00e4r konsultf\u00f6retagets rapporten har f\u00e5tt en tydligare form har den ocks\u00e5 presenterats f\u00f6r inv\u00e5narna. P\u00e5 kommunens webbplats finns ett mycket omfattande paket om \u00e4mnet:<strong> <a href=\"https:\/\/www.kimitoon.fi\/2024\/03\/13\/utredningen-av-den-grundlaggande-utbildningen-i-kimitoon-presenterar-alternativa-losningar-for-framtiden\/\" target=\"_blank\" rel=\"noopener\">Utredningen av den grundl\u00e4ggande utbildningen<\/a>.<\/strong><\/p>\n<p>Med Marjaana Hoikkalas, utbildningsdirekt\u00f6rens ord:<br \/>\n\u201d\u2013 Det \u00e4r viktigt att man diskuterar s\u00e5 \u00f6ppet och brett som m\u00f6jligt om ordnandet av den grundl\u00e4ggande utbildningen i framtiden. P\u00e5 basis av utredningen och diskussionen tar man fram en utvecklingsplan f\u00f6r den grundl\u00e4ggande utbildningen, vilken hj\u00e4lper oss att trygga en h\u00f6gkvalitativ och j\u00e4mlik grundl\u00e4ggande utbildning f\u00f6r alla barn och unga i v\u00e5r kommun.\u201d<\/p>\n<p>S\u00e5 nu finns det en studie och den behandlas i en \u00f6ppen debatt. F\u00f6rra veckan h\u00f6lls diskussionsevenemang i Dalsbruk och V\u00e4stanfj\u00e4rd, och n\u00e4sta tisdag kan du fortfarande diskutera fr\u00e5gan i Villa Lande och p\u00e5 onsdag i Hitis-Rosala skola. Och naturligtvis, fyll i<strong> <a href=\"https:\/\/link.webropolsurveys.com\/S\/4552A68191D7C9EB\" target=\"_blank\" rel=\"noopener\">webb-enk\u00e4ten<\/a> <\/strong>om \u00e4mnet. Du f\u00e5r ocks\u00e5 g\u00e4rna ber\u00e4tta f\u00f6r oss politiker vad som b\u00f6r och inte b\u00f6r g\u00f6ras n\u00e4r det g\u00e4ller skoln\u00e4tet. Vi kommer att ta det vidare.<\/p>\n<p>Du kan ocks\u00e5 hitta en tidtabell f\u00f6r hela processen p\u00e5 kommunens webbplats. Jag har gjort min egen version av den i <strong><a href=\"http:\/\/Du kan ocks\u00e5 hitta en tidtabell f\u00f6r hela processen p\u00e5 kommunens webbplats. Jag har gjort min egen version av den i diagramform:\" target=\"_blank\" rel=\"noopener\">diagramform<\/a>:<\/strong><\/p>\n<p><span style=\"color: #000000;\"><span style=\"font-family: Calisto MT, serif;\"><span style=\"font-size: medium;\"><br \/>\n<a href=\"https:\/\/yhdistykset.vihreat.fi\/kemionsaaren.vihreat\/files\/2024\/03\/Perusopetusselvitys-kaavio.png\" target=\"_blank\" rel=\"noopener\"><img loading=\"lazy\" decoding=\"async\" class=\"aligncenter wp-image-1067 size-large\" src=\"https:\/\/yhdistykset.vihreat.fi\/kemionsaaren.vihreat\/files\/2024\/03\/Perusopetusselvitys-kaavio-1024x252.png\" alt=\"\" width=\"1024\" height=\"252\" srcset=\"https:\/\/yhdistykset.vihreat.fi\/kemionsaaren.vihreat\/files\/2024\/03\/Perusopetusselvitys-kaavio-980x241.png 980w, https:\/\/yhdistykset.vihreat.fi\/kemionsaaren.vihreat\/files\/2024\/03\/Perusopetusselvitys-kaavio-480x118.png 480w\" sizes=\"auto, (min-width: 0px) and (max-width: 480px) 480px, (min-width: 481px) and (max-width: 980px) 980px, (min-width: 981px) 1024px, 100vw\" \/><\/a><\/p>\n<p>Efter <\/span><\/span><\/span><span style=\"color: #000000;\"><span style=\"font-family: Calisto MT, serif;\"><span style=\"font-size: medium;\">kommentarerna fr\u00e5n kommuninv\u00e5narna <\/span><\/span><\/span><span style=\"color: #000000;\"><span style=\"font-family: Calisto MT, serif;\"><span style=\"font-size: medium;\">kommer tj\u00e4nstem\u00e4nnen att bed\u00f6ma vilka konsekvenser de olika alternativen kommer att f\u00e5, och sedan kommer bed\u00f6mningarna att presenteras f\u00f6r fullm\u00e4ktige, utbildningsn\u00e4mnden, de finska och svenska skolstyrelserna och ungdomsr\u00e5det. N\u00e4r skol<\/span><\/span><\/span><span style=\"color: #000000;\"><span style=\"font-family: Calisto MT, serif;\"><span style=\"font-size: medium;\">sektionerna <\/span><\/span><\/span><span style=\"color: #000000;\"><span style=\"font-family: Calisto MT, serif;\"><span style=\"font-size: medium;\">har yttrat sig \u00f6ver rapporten i maj (m\u00e4rkligt att inga datum har angivits f\u00f6r deras m\u00f6ten) kommer materialet att omvandlas till en utvecklingsplan, som rektorerna blir de f\u00f6rsta att kommentera.<\/p>\n<p><\/span><\/span><\/span><span style=\"color: #000000;\"><span style=\"font-family: Calisto MT, serif;\"><span style=\"font-size: medium;\">B<\/span><\/span><\/span><span style=\"color: #000000;\"><span style=\"font-family: Calisto MT, serif;\"><span style=\"font-size: medium;\">ildning<\/span><\/span><\/span><span style=\"color: #000000;\"><span style=\"font-family: Calisto MT, serif;\"><span style=\"font-size: medium;\">n\u00e4mnden <\/span><\/span><\/span><span style=\"color: #000000;\"><span style=\"font-family: Calisto MT, serif;\"><span style=\"font-size: medium;\">kommer sedan att l\u00e4gga fram ett f\u00f6rslag till utvecklingsplan f\u00f6r den grundl\u00e4ggande utbildningen till kommunfullm\u00e4ktige, som sedan <\/span><\/span><\/span><span style=\"color: #000000;\"><span style=\"font-family: Calisto MT, serif;\"><span style=\"font-size: medium;\">f\u00f6resl\u00e5r sitt, kanske \u00e4nnu \u00e4ndrat, <\/span><\/span><\/span><span style=\"color: #000000;\"><span style=\"font-family: Calisto MT, serif;\"><span style=\"font-size: medium;\">f\u00f6rslag till fullm\u00e4ktige. Den 10 juni 2024 fattar fullm\u00e4ktige beslut om utvecklingsplanen f\u00f6r den grundl\u00e4ggande utbildningen. <\/span><\/span><\/span><span style=\"color: #000000;\"><span style=\"font-family: Calisto MT, serif;\"><span style=\"font-size: medium;\">Planen <\/span><\/span><\/span><span style=\"color: #000000;\"><span style=\"font-family: Calisto MT, serif;\"><span style=\"font-size: medium;\">kommer att genomf\u00f6ras steg f\u00f6r steg, med den f\u00f6rsta konkreta implementeringen redan m\u00f6jlig i budgeten f\u00f6r 2025.<\/p>\n<p><\/span><\/span><\/span><\/p>\n","protected":false},"excerpt":{"rendered":"<p>Kommunen har startat en utredning om f\u00f6r\u00e4ndringar i skoln\u00e4tverket. Antalet barn i Kimito\u00f6ns kommun minskar drastiskt just nu och n\u00e5got m\u00e5ste g\u00f6ras f\u00f6r att s\u00e4kerst\u00e4lla en kvalitativ grundutbildning. Den h\u00e4r g\u00e5ngen arbetar kommunen verkligen \u00f6ppet med fr\u00e5gan, fullm\u00e4ktigeledam\u00f6terna har deltagit i aftonskolorna och nu n\u00e4r konsultf\u00f6retagets rapporten har f\u00e5tt en tydligare form har den ocks\u00e5 [&hellip;]<\/p>\n","protected":false},"author":1350,"featured_media":0,"comment_status":"open","ping_status":"open","sticky":false,"template":"","format":"standard","meta":{"_et_pb_use_builder":"","_et_pb_old_content":"","_et_gb_content_width":"","footnotes":""},"categories":[1],"tags":[],"class_list":["post-1070","post","type-post","status-publish","format-standard","hentry","category-tiedotteet"],"featuredImage":"","authorName":"satu.zwerver","term":["Meddelanden \/ Tiedotteet"],"author_url":"https:\/\/yhdistykset.vihreat.fi\/kemionsaaren.vihreat\/?p=1070","_links":{"self":[{"href":"https:\/\/yhdistykset.vihreat.fi\/kemionsaaren.vihreat\/wp-json\/wp\/v2\/posts\/1070","targetHints":{"allow":["GET"]}}],"collection":[{"href":"https:\/\/yhdistykset.vihreat.fi\/kemionsaaren.vihreat\/wp-json\/wp\/v2\/posts"}],"about":[{"href":"https:\/\/yhdistykset.vihreat.fi\/kemionsaaren.vihreat\/wp-json\/wp\/v2\/types\/post"}],"author":[{"embeddable":true,"href":"https:\/\/yhdistykset.vihreat.fi\/kemionsaaren.vihreat\/wp-json\/wp\/v2\/users\/1350"}],"replies":[{"embeddable":true,"href":"https:\/\/yhdistykset.vihreat.fi\/kemionsaaren.vihreat\/wp-json\/wp\/v2\/comments?post=1070"}],"version-history":[{"count":3,"href":"https:\/\/yhdistykset.vihreat.fi\/kemionsaaren.vihreat\/wp-json\/wp\/v2\/posts\/1070\/revisions"}],"predecessor-version":[{"id":1073,"href":"https:\/\/yhdistykset.vihreat.fi\/kemionsaaren.vihreat\/wp-json\/wp\/v2\/posts\/1070\/revisions\/1073"}],"wp:attachment":[{"href":"https:\/\/yhdistykset.vihreat.fi\/kemionsaaren.vihreat\/wp-json\/wp\/v2\/media?parent=1070"}],"wp:term":[{"taxonomy":"category","embeddable":true,"href":"https:\/\/yhdistykset.vihreat.fi\/kemionsaaren.vihreat\/wp-json\/wp\/v2\/categories?post=1070"},{"taxonomy":"post_tag","embeddable":true,"href":"https:\/\/yhdistykset.vihreat.fi\/kemionsaaren.vihreat\/wp-json\/wp\/v2\/tags?post=1070"}],"curies":[{"name":"wp","href":"https:\/\/api.w.org\/{rel}","templated":true}]}}