{"id":1075,"date":"2024-03-27T09:14:56","date_gmt":"2024-03-27T07:14:56","guid":{"rendered":"https:\/\/yhdistykset.vihreat.fi\/kemionsaaren.vihreat\/?p=1075"},"modified":"2024-03-27T09:19:02","modified_gmt":"2024-03-27T07:19:02","slug":"uusi-organisaatiomalli","status":"publish","type":"post","link":"https:\/\/yhdistykset.vihreat.fi\/kemionsaaren.vihreat\/2024\/03\/27\/uusi-organisaatiomalli\/","title":{"rendered":"Uusi organisaatiomalli"},"content":{"rendered":"<p><a href=\"https:\/\/yhdistykset.vihreat.fi\/kemionsaaren.vihreat\/files\/2024\/03\/IMG_20240325_182244.png\"><img loading=\"lazy\" decoding=\"async\" class=\"aligncenter size-large wp-image-1079\" src=\"https:\/\/yhdistykset.vihreat.fi\/kemionsaaren.vihreat\/files\/2024\/03\/IMG_20240325_182244-951x1024.png\" alt=\"Aftonskola organisationsf\u00f6r\u00e4ngdring \/ Iltakoulu organisaatiouudistus \" width=\"951\" height=\"1024\" \/><\/a><br \/>\nKemi\u00f6nsaaren Vihre\u00e4t esitteli malliehdotuksensa kunnan uudeksi organisaatioksi kunnan iltakoulussa poliitikoille maanantaina 25. maaliskuuta. Satu esitteli ehdotuksen kuvalla, joka muistutti pitk\u00e4lti virkamiesten ehdotusta V6.<\/p>\n<p>Vihreiden ehdotuksessa olimme lis\u00e4nneet ehdotukseen V6 sen, mik\u00e4 mielest\u00e4mme puuttui mallista eli <strong>ymp\u00e4rist\u00f6neuvoston<\/strong> ja <strong>ymp\u00e4rist\u00f6asioiden k\u00e4sittelyn hyvinvointilautakunnassa<\/strong>. Vihreiden mielest\u00e4 viranomaisp\u00e4\u00e4t\u00f6ksi\u00e4 sis\u00e4lt\u00e4v\u00e4t ymp\u00e4rist\u00f6asiat (ymp\u00e4rist\u00f6luvat, valvonta jne.) kuuluvat rakennuslupien kanssa viranomaislautakuntaan, kuten ehdotuksessa V6. Lain mukaan viranomaisp\u00e4\u00e4t\u00f6ksi\u00e4 eiv\u00e4t ole alisteisia kunnanhallitukselle.<\/p>\n<p>Vihreiden ehdotuksessa siis lis\u00e4t\u00e4\u00e4n sana <strong>ymp\u00e4rist\u00f6 hyvinvointilautakuntaan<\/strong>. Hyvinvointilautakunnassa k\u00e4sitell\u00e4\u00e4n mallia V6 mukaillen sivistys- (kouluasiat, kirjastot, kansalaisopistot, kulttuuri) ja hyvinvointiasiat (liikunta jne.). T\u00e4ss\u00e4 yhteydess\u00e4 k\u00e4sitelt\u00e4isiin my\u00f6s ne ymp\u00e4rist\u00f6asiat, jotka liittyv\u00e4t ilmastoon, kest\u00e4v\u00e4\u00e4n kehitykseen jne. &#8211; itse asiassa ne ymp\u00e4rist\u00f6asiat, joita ei k\u00e4sitell\u00e4 viranomaislautakunnassa.\u00a0 Valiokunnassa k\u00e4sitell\u00e4\u00e4n ymp\u00e4rist\u00f6asioita positiivisen kautta, jolloin ne mahdollistavat hyvinvointia sek\u00e4 l\u00e4hestymistapansa ett\u00e4 positiivisten tulosten (niin ymp\u00e4rist\u00f6lle kuin ihmisille) kautta.<\/p>\n<p>Ja jotta asukkailla olisi mahdollisuus saada \u00e4\u00e4nens\u00e4 kuuluviin, Vihre\u00e4t ehdottavat, ett\u00e4 ymp\u00e4rist\u00f6asioita varten perustetaan vaikutuselin, <strong>ymp\u00e4rist\u00f6neuvosto<\/strong>, samaan tapaan kuin on jo nuorisoparlamentti ja vanhus- ja vammaisneuvosto.<\/p>\n<p>Ehdotuksemme johti vilkkaaseen keskusteluun iltakoulussa. Jotkut olivat sit\u00e4 mielt\u00e4, ett\u00e4 ymp\u00e4rist\u00f6asioita ei voi k\u00e4sitell\u00e4 niin monessa eri organisaation osassa. Kuitenkin, kuten Satu totesi, ymp\u00e4rist\u00f6asiat ovat osa jokseenkin kaikkia p\u00e4\u00e4t\u00f6ksi\u00e4, joita tehd\u00e4\u00e4n, ja niiden merkitys kasvaa jatkuvasti. Ehdotusta ymp\u00e4rist\u00f6neuvoston perustamisesta monet pitiv\u00e4t hyv\u00e4n\u00e4 ajatuksena.<\/p>\n<p>Satu per\u00e4\u00e4nkuulutti my\u00f6s enemm\u00e4n osallistumista ja keskustelua kunnan toimielimiss\u00e4, jotta voidaan tehd\u00e4 hyvi\u00e4 p\u00e4\u00e4t\u00f6ksi\u00e4 ja s\u00e4ilytt\u00e4\u00e4 kiinnostus osallistua kunnallispolitiikkaan.<\/p>\n<p>Ehdotuksemme johti my\u00f6nteiseen keskusteluun ja nyt tuntuu, ett\u00e4 ymp\u00e4rist\u00f6asiat alkavat l\u00f6yt\u00e4\u00e4 paikkansa kunnassamme.<\/p>\n<p>&nbsp;<\/p>\n<p>Gunilla Avellan &#8211; SZ<\/p>\n<p>&nbsp;<\/p>\n","protected":false},"excerpt":{"rendered":"<p>Kemi\u00f6nsaaren Vihre\u00e4t esitteli malliehdotuksensa kunnan uudeksi organisaatioksi kunnan iltakoulussa poliitikoille maanantaina 25. maaliskuuta. Satu esitteli ehdotuksen kuvalla, joka muistutti pitk\u00e4lti virkamiesten ehdotusta V6. Vihreiden ehdotuksessa olimme lis\u00e4nneet ehdotukseen V6 sen, mik\u00e4 mielest\u00e4mme puuttui mallista eli ymp\u00e4rist\u00f6neuvoston ja ymp\u00e4rist\u00f6asioiden k\u00e4sittelyn hyvinvointilautakunnassa. Vihreiden mielest\u00e4 viranomaisp\u00e4\u00e4t\u00f6ksi\u00e4 sis\u00e4lt\u00e4v\u00e4t ymp\u00e4rist\u00f6asiat (ymp\u00e4rist\u00f6luvat, valvonta jne.) kuuluvat rakennuslupien kanssa viranomaislautakuntaan, kuten ehdotuksessa V6. [&hellip;]<\/p>\n","protected":false},"author":1350,"featured_media":0,"comment_status":"open","ping_status":"open","sticky":false,"template":"","format":"standard","meta":{"_et_pb_use_builder":"","_et_pb_old_content":"","_et_gb_content_width":"","footnotes":""},"categories":[105],"tags":[130,129],"class_list":["post-1075","post","type-post","status-publish","format-standard","hentry","category-aktuellt-ajankohtaista","tag-iltakoulu","tag-organisatio"],"featuredImage":"","authorName":"satu.zwerver","term":["Aktuellt \/ Ajankohtaista"],"author_url":"https:\/\/yhdistykset.vihreat.fi\/kemionsaaren.vihreat\/?p=1075","_links":{"self":[{"href":"https:\/\/yhdistykset.vihreat.fi\/kemionsaaren.vihreat\/wp-json\/wp\/v2\/posts\/1075","targetHints":{"allow":["GET"]}}],"collection":[{"href":"https:\/\/yhdistykset.vihreat.fi\/kemionsaaren.vihreat\/wp-json\/wp\/v2\/posts"}],"about":[{"href":"https:\/\/yhdistykset.vihreat.fi\/kemionsaaren.vihreat\/wp-json\/wp\/v2\/types\/post"}],"author":[{"embeddable":true,"href":"https:\/\/yhdistykset.vihreat.fi\/kemionsaaren.vihreat\/wp-json\/wp\/v2\/users\/1350"}],"replies":[{"embeddable":true,"href":"https:\/\/yhdistykset.vihreat.fi\/kemionsaaren.vihreat\/wp-json\/wp\/v2\/comments?post=1075"}],"version-history":[{"count":7,"href":"https:\/\/yhdistykset.vihreat.fi\/kemionsaaren.vihreat\/wp-json\/wp\/v2\/posts\/1075\/revisions"}],"predecessor-version":[{"id":1090,"href":"https:\/\/yhdistykset.vihreat.fi\/kemionsaaren.vihreat\/wp-json\/wp\/v2\/posts\/1075\/revisions\/1090"}],"wp:attachment":[{"href":"https:\/\/yhdistykset.vihreat.fi\/kemionsaaren.vihreat\/wp-json\/wp\/v2\/media?parent=1075"}],"wp:term":[{"taxonomy":"category","embeddable":true,"href":"https:\/\/yhdistykset.vihreat.fi\/kemionsaaren.vihreat\/wp-json\/wp\/v2\/categories?post=1075"},{"taxonomy":"post_tag","embeddable":true,"href":"https:\/\/yhdistykset.vihreat.fi\/kemionsaaren.vihreat\/wp-json\/wp\/v2\/tags?post=1075"}],"curies":[{"name":"wp","href":"https:\/\/api.w.org\/{rel}","templated":true}]}}