{"id":1084,"date":"2024-03-27T09:16:29","date_gmt":"2024-03-27T07:16:29","guid":{"rendered":"https:\/\/yhdistykset.vihreat.fi\/kemionsaaren.vihreat\/?p=1084"},"modified":"2024-03-27T09:18:45","modified_gmt":"2024-03-27T07:18:45","slug":"en-ny-organisationsmodell","status":"publish","type":"post","link":"https:\/\/yhdistykset.vihreat.fi\/kemionsaaren.vihreat\/2024\/03\/27\/en-ny-organisationsmodell\/","title":{"rendered":"En ny organisationsmodell"},"content":{"rendered":"<p><a href=\"https:\/\/yhdistykset.vihreat.fi\/kemionsaaren.vihreat\/files\/2024\/03\/IMG_20240325_182244.png\"><img loading=\"lazy\" decoding=\"async\" class=\"aligncenter size-large wp-image-1079\" src=\"https:\/\/yhdistykset.vihreat.fi\/kemionsaaren.vihreat\/files\/2024\/03\/IMG_20240325_182244-951x1024.png\" alt=\"Aftonskola organisationsf\u00f6r\u00e4ngdring \/ Iltakoulu organisaatiouudistus\" width=\"951\" height=\"1024\" \/><\/a><\/p>\n<p>De gr\u00f6na i Kimito\u00f6n presenterade sitt modellf\u00f6rslag till ny organisation i kommunen p\u00e5 kommunens aftonskola f\u00f6r politiker m\u00e5ndagen den 25.3. Satu presenterade f\u00f6rslaget med en grafisk bild, som i stort liknade tj\u00e4nstem\u00e4nnens f\u00f6rslag V6.<\/p>\n<p>I de De gr\u00f6nas f\u00f6rslag hade vi i f\u00f6rslagV6 inf\u00f6rt det vi ans\u00e5g fattas i modellen, <strong>ett milj\u00f6r\u00e5d <\/strong>och behandling av <strong>milj\u00f6fr\u00e5gor i v\u00e4lf\u00e4rdsutskottet.<\/strong> D\u00e4remot anser de Gr\u00f6na att milj\u00f6fr\u00e5gor som inneb\u00e4r myndighetsbeslut (milj\u00f6tillst\u00e5nd, \u00f6vervakning osv) h\u00f6ra hemma i en myndighetsn\u00e4mnd tillsammans med byggnadstillst\u00e5nden, s\u00e5som i f\u00f6rslag V6. Myndighetsbeslut kan enligt lag inte underst\u00e4llas kommunstyrelsen.<\/p>\n<p>De Gr\u00f6nas f\u00f6rslag \u00e4r allts\u00e5 att inf\u00f6ra ordet <strong>milj\u00f6 i v\u00e4lf\u00e4rdsutskottet<\/strong>. I v\u00e4lf\u00e4rdsutskottet behandlas enligt modell V6, bildning (skol\u00e4renden, bibliotek, medborgarinstitut, kultur) och v\u00e4lf\u00e4rd (motion osv). H\u00e4r skulle milj\u00f6fr\u00e5gor med tanke p\u00e5 klimat, h\u00e5llbar utveckling osv behandlas. Egentligen de milj\u00f6fr\u00e5gor som inte behandlas av myndighetsn\u00e4mnden. I v\u00e4lf\u00e4rdsutskottet behandlas milj\u00f6fr\u00e5gor p\u00e5 ett positivt s\u00e4tt och m\u00f6jligg\u00f6r d\u00e4rmed v\u00e4lbefinnande b\u00e5de genom tillv\u00e4gag\u00e5ngss\u00e4ttet och genom positiva resultat (b\u00e5de f\u00f6r milj\u00f6n och f\u00f6r m\u00e4nniskor).<\/p>\n<p>Och f\u00f6r att innev\u00e5narna ska ha m\u00f6jlighet att p\u00e5 ett smidigt s\u00e4tt bli h\u00f6rda f\u00f6resl\u00e5r de Gr\u00f6na att det ska finnas ett p\u00e5verkningsorgan f\u00f6r milj\u00f6fr\u00e5gor, <strong>ett milj\u00f6r\u00e5d<\/strong>, p\u00e5 samma s\u00e4tt som det finns ett ungdomsparlament och ett r\u00e5d f\u00f6r \u00e4ldre och de med funktionsvariationer.<\/p>\n<p>V\u00e5rt f\u00f6rslag ledde till livliga diskussioner p\u00e5 aftonskolan. En del tyckte att man inte kan ha milj\u00f6fr\u00e5gor p\u00e5 s\u00e5 m\u00e5nga olika platser i organisationen. Men som Satu sade s\u00e5 ing\u00e5r milj\u00f6fr\u00e5gor s\u00e5 gott som i alla beslut som tas och blir allt viktigare. F\u00f6rslaget om att inr\u00e4tta ett milj\u00f6r\u00e5d tyckte m\u00e5nga att var en bra id\u00e9.<\/p>\n<p>Satu efterlyste ocks\u00e5 mera deltagande och diskussioner i de kommunala organen f\u00f6r att vi ska f\u00e5 bra beslut och uppeh\u00e5lla intresset f\u00f6r att delta i kommunpolitiken.<\/p>\n<p>V\u00e5rt f\u00f6rslag ledde till positiva diskussioner och nu k\u00e4nns det som om milj\u00f6fr\u00e5gorna b\u00f6rjar hitta sin plats i v\u00e5r kommun.<\/p>\n<p>Gunilla Avellan<\/p>\n<p>&nbsp;<\/p>\n","protected":false},"excerpt":{"rendered":"<p>De gr\u00f6na i Kimito\u00f6n presenterade sitt modellf\u00f6rslag till ny organisation i kommunen p\u00e5 kommunens aftonskola f\u00f6r politiker m\u00e5ndagen den 25.3. Satu presenterade f\u00f6rslaget med en grafisk bild, som i stort liknade tj\u00e4nstem\u00e4nnens f\u00f6rslag V6. I de De gr\u00f6nas f\u00f6rslag hade vi i f\u00f6rslagV6 inf\u00f6rt det vi ans\u00e5g fattas i modellen, ett milj\u00f6r\u00e5d och behandling av [&hellip;]<\/p>\n","protected":false},"author":1350,"featured_media":0,"comment_status":"open","ping_status":"open","sticky":false,"template":"","format":"standard","meta":{"_et_pb_use_builder":"","_et_pb_old_content":"","_et_gb_content_width":"","footnotes":""},"categories":[1],"tags":[],"class_list":["post-1084","post","type-post","status-publish","format-standard","hentry","category-tiedotteet"],"featuredImage":"","authorName":"satu.zwerver","term":["Meddelanden \/ Tiedotteet"],"author_url":"https:\/\/yhdistykset.vihreat.fi\/kemionsaaren.vihreat\/?p=1084","_links":{"self":[{"href":"https:\/\/yhdistykset.vihreat.fi\/kemionsaaren.vihreat\/wp-json\/wp\/v2\/posts\/1084","targetHints":{"allow":["GET"]}}],"collection":[{"href":"https:\/\/yhdistykset.vihreat.fi\/kemionsaaren.vihreat\/wp-json\/wp\/v2\/posts"}],"about":[{"href":"https:\/\/yhdistykset.vihreat.fi\/kemionsaaren.vihreat\/wp-json\/wp\/v2\/types\/post"}],"author":[{"embeddable":true,"href":"https:\/\/yhdistykset.vihreat.fi\/kemionsaaren.vihreat\/wp-json\/wp\/v2\/users\/1350"}],"replies":[{"embeddable":true,"href":"https:\/\/yhdistykset.vihreat.fi\/kemionsaaren.vihreat\/wp-json\/wp\/v2\/comments?post=1084"}],"version-history":[{"count":2,"href":"https:\/\/yhdistykset.vihreat.fi\/kemionsaaren.vihreat\/wp-json\/wp\/v2\/posts\/1084\/revisions"}],"predecessor-version":[{"id":1089,"href":"https:\/\/yhdistykset.vihreat.fi\/kemionsaaren.vihreat\/wp-json\/wp\/v2\/posts\/1084\/revisions\/1089"}],"wp:attachment":[{"href":"https:\/\/yhdistykset.vihreat.fi\/kemionsaaren.vihreat\/wp-json\/wp\/v2\/media?parent=1084"}],"wp:term":[{"taxonomy":"category","embeddable":true,"href":"https:\/\/yhdistykset.vihreat.fi\/kemionsaaren.vihreat\/wp-json\/wp\/v2\/categories?post=1084"},{"taxonomy":"post_tag","embeddable":true,"href":"https:\/\/yhdistykset.vihreat.fi\/kemionsaaren.vihreat\/wp-json\/wp\/v2\/tags?post=1084"}],"curies":[{"name":"wp","href":"https:\/\/api.w.org\/{rel}","templated":true}]}}