{"id":1143,"date":"2024-08-29T09:44:22","date_gmt":"2024-08-29T06:44:22","guid":{"rendered":"https:\/\/yhdistykset.vihreat.fi\/kemionsaaren.vihreat\/?p=1143"},"modified":"2024-08-29T09:44:22","modified_gmt":"2024-08-29T06:44:22","slug":"uutisia-elinkeinolautakunnasta","status":"publish","type":"post","link":"https:\/\/yhdistykset.vihreat.fi\/kemionsaaren.vihreat\/2024\/08\/29\/uutisia-elinkeinolautakunnasta\/","title":{"rendered":"Uutisia elinkeinolautakunnasta"},"content":{"rendered":"<p><a href=\"https:\/\/yhdistykset.vihreat.fi\/kemionsaaren.vihreat\/files\/2024\/08\/EKL-iltakoulu-280824.png\"><img loading=\"lazy\" decoding=\"async\" class=\"aligncenter size-large wp-image-1144\" src=\"https:\/\/yhdistykset.vihreat.fi\/kemionsaaren.vihreat\/files\/2024\/08\/EKL-iltakoulu-280824-1024x785.png\" alt=\"\" width=\"1024\" height=\"785\" srcset=\"https:\/\/yhdistykset.vihreat.fi\/kemionsaaren.vihreat\/files\/2024\/08\/EKL-iltakoulu-280824-980x751.png 980w, https:\/\/yhdistykset.vihreat.fi\/kemionsaaren.vihreat\/files\/2024\/08\/EKL-iltakoulu-280824-480x368.png 480w\" sizes=\"auto, (min-width: 0px) and (max-width: 480px) 480px, (min-width: 481px) and (max-width: 980px) 980px, (min-width: 981px) 1024px, 100vw\" \/><\/a><br \/>\nElinkeinolautakunta piti iltakoulua eilen, 28.8.2024. K\u00e4vimme l\u00e4pi kuntabarometrin tuloksia ja alustavasti ensi vuodeksi suunniteltua toimintaa.<\/p>\n<p>Kuntabarometriss\u00e4 yritt\u00e4j\u00e4t antavat arvosanoja kunnan toimintaan yritt\u00e4j\u00e4n\/yritysten vinkkelist\u00e4. Kemi\u00f6nsaari on t\u00e4h\u00e4nkin menness\u00e4 p\u00e4rj\u00e4nnyt hyvin, mutta t\u00e4ll\u00e4 kertaa hyppy yl\u00f6sp\u00e4in oli todella merkitt\u00e4v\u00e4. L\u00e4hes kaikissa kyselyn kohdissa Kemi\u00f6nsaari oli huomattavasti koko maan keskiarvoa korkeammalla. Tuloksissa kuvastuu se positiivinen, ennakkoluuloton ja aktiivinen ote, joka kehitysosastolla vallitsee. Meill\u00e4 on todella hyvin pullat uunissa. Ahkerat ja osaavat virkamiehet tekev\u00e4t tyytyv\u00e4isin\u00e4 t\u00f6it\u00e4 koko kunnan eteen. Ty\u00f6 yritt\u00e4jyyden eteen kannattaa, sill\u00e4 kun yrityksill\u00e4 menee hyvin, menee my\u00f6s kunnalla hyvin &#8211; on ty\u00f6t\u00e4 ja verotuloja. Eik\u00e4 t\u00e4m\u00e4 tapahtu luonnon ja ymp\u00e4rist\u00f6n kustannuksella, sill\u00e4 kunnan elinkeino-ohjelmassa on mainittu kest\u00e4v\u00e4 elinkeinoel\u00e4m\u00e4 ja kasvu.<\/p>\n<p>Elinkeinolautakunta vastaa <b>elinkeinopalveluista <\/b>(yritt\u00e4jyys, kehitt\u00e4mis- ja koulutuspalvelut sek\u00e4 tiedon tuottaminen ja maaseututoimi ett\u00e4 kilpailutus), <b>ty\u00f6llisyys- ja ty\u00f6nhakijapalveluista, vetovoima- ja edunvalvonnanpalveluista<\/b> sek\u00e4 <b>liikenne- ja tietoliikenneyhteyksist\u00e4<\/b> ett\u00e4 <b>saaristopalveluista<\/b>. T\u00e4t\u00e4 suurta toimintakentt\u00e4\u00e4 on hoitamassa 5 henkil\u00f6\u00e4 sek\u00e4 hanke-ihmisi\u00e4 (9) ja ensi vuonna ty\u00f6llisyyspalveluihin tulee 2-3 ihmist\u00e4 lis\u00e4\u00e4. Budjetti on ollut miljoonan kieppeill\u00e4, hankeihmiset rahoitetaan yleens\u00e4 noin 80%:sesti ulkopuolisella rahoituksella. Ensi vuonna budjetti kaksinkertaistuu, kun TE-keskuksen ty\u00f6t siirtyv\u00e4t kunnalle. T\u00e4ss\u00e4kin asiassa virkamiehill\u00e4 ja &#8211; naisilla on Kemi\u00f6nsaarelle tyypillinen positiivinen asenne &#8211; vaikeuksien sijaan painotetaan mahdollisuuksia. Miten paljon paremmin saamme ty\u00f6llisyysasiat hoidettua, kun meill\u00e4 on paikallinen tuntemus apuna?<\/p>\n<p>Positiiviseen otteeseen ja viestint\u00e4\u00e4n voimme me kaikki pyrki\u00e4. Meill\u00e4 on t\u00e4\u00e4ll\u00e4 asiat hyvin ja l\u00e4ht\u00f6kohdat niin luonnon, ymp\u00e4rist\u00f6n kuin palvelujen ja kulttuurin osalta enemm\u00e4n kuin kohdallaan. Koitetaan saada t\u00e4t\u00e4 viesti\u00e4 lujasti ulosp\u00e4in.<\/p>\n","protected":false},"excerpt":{"rendered":"<p>Elinkeinolautakunta piti iltakoulua eilen, 28.8.2024. K\u00e4vimme l\u00e4pi kuntabarometrin tuloksia ja alustavasti ensi vuodeksi suunniteltua toimintaa. Kuntabarometriss\u00e4 yritt\u00e4j\u00e4t antavat arvosanoja kunnan toimintaan yritt\u00e4j\u00e4n\/yritysten vinkkelist\u00e4. Kemi\u00f6nsaari on t\u00e4h\u00e4nkin menness\u00e4 p\u00e4rj\u00e4nnyt hyvin, mutta t\u00e4ll\u00e4 kertaa hyppy yl\u00f6sp\u00e4in oli todella merkitt\u00e4v\u00e4. L\u00e4hes kaikissa kyselyn kohdissa Kemi\u00f6nsaari oli huomattavasti koko maan keskiarvoa korkeammalla. Tuloksissa kuvastuu se positiivinen, ennakkoluuloton ja aktiivinen [&hellip;]<\/p>\n","protected":false},"author":1350,"featured_media":0,"comment_status":"open","ping_status":"open","sticky":false,"template":"","format":"standard","meta":{"_et_pb_use_builder":"","_et_pb_old_content":"","_et_gb_content_width":"","footnotes":""},"categories":[1],"tags":[],"class_list":["post-1143","post","type-post","status-publish","format-standard","hentry","category-tiedotteet"],"featuredImage":"","authorName":"satu.zwerver","term":["Meddelanden \/ Tiedotteet"],"author_url":"https:\/\/yhdistykset.vihreat.fi\/kemionsaaren.vihreat\/?p=1143","_links":{"self":[{"href":"https:\/\/yhdistykset.vihreat.fi\/kemionsaaren.vihreat\/wp-json\/wp\/v2\/posts\/1143","targetHints":{"allow":["GET"]}}],"collection":[{"href":"https:\/\/yhdistykset.vihreat.fi\/kemionsaaren.vihreat\/wp-json\/wp\/v2\/posts"}],"about":[{"href":"https:\/\/yhdistykset.vihreat.fi\/kemionsaaren.vihreat\/wp-json\/wp\/v2\/types\/post"}],"author":[{"embeddable":true,"href":"https:\/\/yhdistykset.vihreat.fi\/kemionsaaren.vihreat\/wp-json\/wp\/v2\/users\/1350"}],"replies":[{"embeddable":true,"href":"https:\/\/yhdistykset.vihreat.fi\/kemionsaaren.vihreat\/wp-json\/wp\/v2\/comments?post=1143"}],"version-history":[{"count":1,"href":"https:\/\/yhdistykset.vihreat.fi\/kemionsaaren.vihreat\/wp-json\/wp\/v2\/posts\/1143\/revisions"}],"predecessor-version":[{"id":1145,"href":"https:\/\/yhdistykset.vihreat.fi\/kemionsaaren.vihreat\/wp-json\/wp\/v2\/posts\/1143\/revisions\/1145"}],"wp:attachment":[{"href":"https:\/\/yhdistykset.vihreat.fi\/kemionsaaren.vihreat\/wp-json\/wp\/v2\/media?parent=1143"}],"wp:term":[{"taxonomy":"category","embeddable":true,"href":"https:\/\/yhdistykset.vihreat.fi\/kemionsaaren.vihreat\/wp-json\/wp\/v2\/categories?post=1143"},{"taxonomy":"post_tag","embeddable":true,"href":"https:\/\/yhdistykset.vihreat.fi\/kemionsaaren.vihreat\/wp-json\/wp\/v2\/tags?post=1143"}],"curies":[{"name":"wp","href":"https:\/\/api.w.org\/{rel}","templated":true}]}}