{"id":1149,"date":"2024-09-05T11:01:33","date_gmt":"2024-09-05T08:01:33","guid":{"rendered":"https:\/\/yhdistykset.vihreat.fi\/kemionsaaren.vihreat\/?p=1149"},"modified":"2024-09-05T11:01:33","modified_gmt":"2024-09-05T08:01:33","slug":"september-open","status":"publish","type":"post","link":"https:\/\/yhdistykset.vihreat.fi\/kemionsaaren.vihreat\/2024\/09\/05\/september-open\/","title":{"rendered":"September Open!"},"content":{"rendered":"<p>De Gr\u00f6na i Kimito\u00f6n <a href=\"https:\/\/www.septemberopen.fi\/sv\/\" target=\"_blank\" rel=\"noopener\">September Open<\/a>!<\/p>\n<p>L\u00f6rdagen den 7.9.2024 kan du tr\u00e4ffa de Gr\u00f6na i Kimito\u00f6n vid evenemanget September Open i Dalsbruk. Du hittar oss p\u00e5 September Expo-omr\u00e5det. Kom och h\u00e4lsa p\u00e5! Vi \u00e4r d\u00e4r f\u00f6r att ber\u00e4tta om v\u00e5r verksamhet: vad vi har gjort och vad vi har i tankarna. Du f\u00e5r ett vegetariskt recept och du kan se hur \u00d6stersj\u00f6n ser ut i ett mikroskop.<\/p>\n<p>Vill du sj\u00e4lv bli en som p\u00e5verkar? N\u00e4sta \u00e5r \u00e4r det kommunalval och du kanske kan st\u00e4lla upp som kandidat f\u00f6r de Gr\u00f6na. Kom f\u00f6r att h\u00f6ra mera om denna givande hobby!<\/p>\n<p><a href=\"https:\/\/yhdistykset.vihreat.fi\/kemionsaaren.vihreat\/files\/2024\/09\/Asettajille-pohja-Vihreat.png\"><img loading=\"lazy\" decoding=\"async\" class=\"aligncenter size-medium wp-image-1150\" src=\"https:\/\/yhdistykset.vihreat.fi\/kemionsaaren.vihreat\/files\/2024\/09\/Asettajille-pohja-Vihreat-300x238.png\" alt=\"\" width=\"300\" height=\"238\" \/><\/a><\/p>\n<p>Kemi\u00f6nsaaren Vihre\u00e4t <a href=\"https:\/\/www.septemberopen.fi\/\" target=\"_blank\" rel=\"noopener\">September Openissa<\/a>!<\/p>\n<p>Lauantaina 7.9.2024 voit tavata Kemi\u00f6nsaaren Vihreit\u00e4 Taalintehtaalla September Open tapahtumassa. L\u00f6yd\u00e4t meid\u00e4t September Expo alueelta. Tule moikkaamaan! Olemme siell\u00e4 kertomassa toiminnastamme: mit\u00e4 on tullut tehty\u00e4 ja mit\u00e4 meill\u00e4 on mieless\u00e4. Saat mukaasi kasvisruoka reseptin ja voit n\u00e4hd\u00e4 milt\u00e4 It\u00e4meri n\u00e4ytt\u00e4\u00e4 mikroskoopissa.<\/p>\n<p>Haluatko itse vaikuttajaksi? Ensi vuonna pidet\u00e4\u00e4n kuntavaalit ja voisit kenties asettua Vihreitten ehdokkaaksi noissa vaaleissa. Tule kuulemaan lis\u00e4\u00e4 t\u00e4st\u00e4 antoisasta harrastuksesta!<\/p>\n<p>&nbsp;<\/p>\n","protected":false},"excerpt":{"rendered":"<p>De Gr\u00f6na i Kimito\u00f6n September Open! L\u00f6rdagen den 7.9.2024 kan du tr\u00e4ffa de Gr\u00f6na i Kimito\u00f6n vid evenemanget September Open i Dalsbruk. Du hittar oss p\u00e5 September Expo-omr\u00e5det. Kom och h\u00e4lsa p\u00e5! Vi \u00e4r d\u00e4r f\u00f6r att ber\u00e4tta om v\u00e5r verksamhet: vad vi har gjort och vad vi har i tankarna. Du f\u00e5r ett vegetariskt [&hellip;]<\/p>\n","protected":false},"author":1350,"featured_media":0,"comment_status":"open","ping_status":"open","sticky":false,"template":"","format":"standard","meta":{"_et_pb_use_builder":"","_et_pb_old_content":"","_et_gb_content_width":"","footnotes":""},"categories":[105,9],"tags":[],"class_list":["post-1149","post","type-post","status-publish","format-standard","hentry","category-aktuellt-ajankohtaista","category-evenemang-tapahtumat"],"featuredImage":"","authorName":"satu.zwerver","term":["Aktuellt \/ Ajankohtaista","Evenemang \/ Tapahtumat"],"author_url":"https:\/\/yhdistykset.vihreat.fi\/kemionsaaren.vihreat\/?p=1149","_links":{"self":[{"href":"https:\/\/yhdistykset.vihreat.fi\/kemionsaaren.vihreat\/wp-json\/wp\/v2\/posts\/1149","targetHints":{"allow":["GET"]}}],"collection":[{"href":"https:\/\/yhdistykset.vihreat.fi\/kemionsaaren.vihreat\/wp-json\/wp\/v2\/posts"}],"about":[{"href":"https:\/\/yhdistykset.vihreat.fi\/kemionsaaren.vihreat\/wp-json\/wp\/v2\/types\/post"}],"author":[{"embeddable":true,"href":"https:\/\/yhdistykset.vihreat.fi\/kemionsaaren.vihreat\/wp-json\/wp\/v2\/users\/1350"}],"replies":[{"embeddable":true,"href":"https:\/\/yhdistykset.vihreat.fi\/kemionsaaren.vihreat\/wp-json\/wp\/v2\/comments?post=1149"}],"version-history":[{"count":1,"href":"https:\/\/yhdistykset.vihreat.fi\/kemionsaaren.vihreat\/wp-json\/wp\/v2\/posts\/1149\/revisions"}],"predecessor-version":[{"id":1151,"href":"https:\/\/yhdistykset.vihreat.fi\/kemionsaaren.vihreat\/wp-json\/wp\/v2\/posts\/1149\/revisions\/1151"}],"wp:attachment":[{"href":"https:\/\/yhdistykset.vihreat.fi\/kemionsaaren.vihreat\/wp-json\/wp\/v2\/media?parent=1149"}],"wp:term":[{"taxonomy":"category","embeddable":true,"href":"https:\/\/yhdistykset.vihreat.fi\/kemionsaaren.vihreat\/wp-json\/wp\/v2\/categories?post=1149"},{"taxonomy":"post_tag","embeddable":true,"href":"https:\/\/yhdistykset.vihreat.fi\/kemionsaaren.vihreat\/wp-json\/wp\/v2\/tags?post=1149"}],"curies":[{"name":"wp","href":"https:\/\/api.w.org\/{rel}","templated":true}]}}