{"id":1162,"date":"2024-10-09T06:56:31","date_gmt":"2024-10-09T03:56:31","guid":{"rendered":"https:\/\/yhdistykset.vihreat.fi\/kemionsaaren.vihreat\/?p=1162"},"modified":"2024-10-09T06:57:06","modified_gmt":"2024-10-09T03:57:06","slug":"avoimet-ovet-keskuskoulussa","status":"publish","type":"post","link":"https:\/\/yhdistykset.vihreat.fi\/kemionsaaren.vihreat\/2024\/10\/09\/avoimet-ovet-keskuskoulussa\/","title":{"rendered":"Avoimet ovet Keskuskoulussa"},"content":{"rendered":"<p>Poliitikot oli kutsuttu tutustumaan Kemi\u00f6n keskuskouluun maanantaina 7.10.2024: &#8221;<em>Viet\u00e4mme Suomen opetus- ja kulttuuriministeri\u00f6n lanseeraamaa Sivistyksen teemavuotta, jossa ministeri\u00f6n yhteisty\u00f6kumppanina toimii 150-vuotias Kansanvalistusseura. OAJ on mukana nostamassa sivistyksen arvostusta ja j\u00e4rjest\u00e4\u00e4 siksi Sivistyksen avoimet ovet -tapahtuman, jossa kunnan p\u00e4\u00e4tt\u00e4j\u00e4t p\u00e4\u00e4sev\u00e4t tutustumaan opetukseen. Tapahtumia on eri puolilla Suomea kouluissa, p\u00e4iv\u00e4kodeissa ja oppilaitoksissa.&#8221;<\/em><\/p>\n<p>Eli sinne. \ud83d\ude42 Kierros alkoi opettajanhuoneesta, jossa on panostettu mikrotaukoiluun palapelien ja muiden ajatuksia arjesta irrottavan toiminnan avulla. K\u00e4vimme pikkuriikkissess\u00e4 kirjastossa, matikan- ja \u00e4idinkielen tunneilla, erityisopetuksen luokassa, lounaalla ja lopuksi keskustelimme keskuskoulun tilanteesta, hyvist\u00e4 jutuista ja haasteista.<\/p>\n<p><a href=\"https:\/\/yhdistykset.vihreat.fi\/kemionsaaren.vihreat\/files\/2024\/10\/koulu-scaled.jpg\"><img loading=\"lazy\" decoding=\"async\" class=\"aligncenter wp-image-1163 size-large\" src=\"https:\/\/yhdistykset.vihreat.fi\/kemionsaaren.vihreat\/files\/2024\/10\/koulu-1024x578.jpg\" alt=\"Poliitikot ja opettajat koulun k\u00e4yt\u00e4v\u00e4ll\u00e4\" width=\"1024\" height=\"578\" srcset=\"https:\/\/yhdistykset.vihreat.fi\/kemionsaaren.vihreat\/files\/2024\/10\/koulu-980x553.jpg 980w, https:\/\/yhdistykset.vihreat.fi\/kemionsaaren.vihreat\/files\/2024\/10\/koulu-480x271.jpg 480w\" sizes=\"auto, (min-width: 0px) and (max-width: 480px) 480px, (min-width: 481px) and (max-width: 980px) 980px, (min-width: 981px) 1024px, 100vw\" \/><\/a><\/p>\n<p>Kemi\u00f6nsaaren suomalaisissa kouluissa asiat ovat varsin hyvin, siis paremmin kuin olin itse ajatellut. Opettajia on riitt\u00e4v\u00e4sti, l\u00e4hes kaikki p\u00e4tevi\u00e4, ryhm\u00e4t ovat pieni\u00e4: parikymment\u00e4 oppilasta ja nekin pilkotaan tarvittaessa pienempiin ryhmiin. P\u00e4tevi\u00e4 opettajia saadaan Kemi\u00f6\u00f6n naapurikunnistakin, mutta heille matka viel\u00e4 eteenp\u00e4in Taalintehtaalle on usein aikamoinen kynnys. Ehdotin tutkittavaksi olisiko mahdollista &#8211; ja mit\u00e4 se maksaisi &#8211; jos opettajille maksettaisiin kilometrikorvauksen lis\u00e4ksi palkkaa ajomatkalta v\u00e4lill\u00e4 Kemi\u00f6-Taalintehdas. Olin h\u00e4mm\u00e4stynyt, ett\u00e4 siirtymist\u00e4 ei lasketa ty\u00f6ajaksi. Ei kyll\u00e4 mun firmassa vaan noin teht\u00e4isi\u2026 Paikallista sopimista parhaimmillaan. Kouluselvityksen aikana minua h\u00e4iritsi, ett\u00e4 emme keskustelleet siit\u00e4, mit\u00e4 koulut saavat meille maksaa. Kannattaisiko meid\u00e4n satsata t\u00e4h\u00e4n opettajien liikkuvuuden parantamiseen ty\u00f6ajan laajentamisella? Siit\u00e4 voisi irrota lehti-otsikoitakin.<\/p>\n<p>&nbsp;<\/p>\n<p>My\u00f6s opettajien tarvitsee jatkuvasti oppia uutta. Heille on varattu 3 p\u00e4iv\u00e4\u00e4 koulutukseen (3&#215;6 h), mutta muuttuvassa koulumaailmassa enemm\u00e4nkin olisi hyv\u00e4 olla. Budjetteja mietitt\u00e4ess\u00e4 pit\u00e4\u00e4 t\u00e4m\u00e4 pit\u00e4\u00e4 mieless\u00e4.<\/p>\n<p>Kemi\u00f6nsaaren suomenkielisiss\u00e4 kouluissa oppilaat huomioidaan todella hyvin. Jakotunnit, joissa opiskellaan pienemmiss\u00e4 ryhmiss\u00e4, ja erityisen opetuksen resurssit ovat hyv\u00e4t. Varhan my\u00f6t\u00e4 jopa kuraattorien ja psykiatrin m\u00e4\u00e4r\u00e4 on kasvanut. Vaikeissa tapauksissa valmiudessa on monialainen ryhm\u00e4 asiantuntijoita auttamassa lapsia\/nuoria ja perheit\u00e4.<\/p>\n<p>Kouluihin olisi hyv\u00e4 saada lis\u00e4\u00e4 aikuisia. Jonkin vuoden kouluvaari\/-mummi-toiminta py\u00f6ri ihan hyvin, nyt sit\u00e4 aiotaan viritell\u00e4 uudestaan. Ehdotin, ett\u00e4 olisiko (l\u00e4hinn\u00e4) el\u00e4kel\u00e4isten mahdollista k\u00e4ytt\u00e4\u00e4 koulun tiloja koulu-aikana harrastuksiinsa (puu- ja metallity\u00f6t, kirjallisuus, taideaineet) ja olla samalla luonteva osa koulun v\u00e4ke\u00e4. Ylisukupolviset kontaktit ovat jo rikkautta sin\u00e4ns\u00e4 ja muiden aikuisten l\u00e4sn\u00e4olo voisi vaikuttaa rauhoittavasti koulu-arkeen.<\/p>\n<p>&nbsp;<\/p>\n<p>Heitin my\u00f6s idean yhdistysten ja koulujen yhteisty\u00f6st\u00e4 esimerkiksi pienhankinnoissa. Joku yhdistys voisi olla kiinnostunut ker\u00e4\u00e4m\u00e4\u00e4n rahaa tai muuten lahjoittamaan summan koululle vaikka lokerikon hankintaan. Tai maksamaan paikalliselle pienyritt\u00e4j\u00e4lle, ett\u00e4 t\u00e4m\u00e4 uusii rikki menneet tuolien p\u00e4\u00e4llykset. T\u00e4ll\u00f6in pit\u00e4isi yhdistyksill\u00e4 olla tiedossa mit\u00e4 kouluilla tarvitaan. Onnistuisiko t\u00e4m\u00e4 kunnan yhdistyskoordinaattorin kautta?<\/p>\n<p>Kieliryhmien yhteisty\u00f6st\u00e4 keskustelimme my\u00f6s. Yhteisty\u00f6t\u00e4 on kuulemma jo aloitettu avaamalla nuorisotila Baana samanaikaisesti molemmille kieliryhmille. Kaksikielisi\u00e4 tunteja\u00a0 esimerkiksi saksankieless\u00e4 ja teknisiss\u00e4 t\u00f6iss\u00e4 on kokeiltu, mutta kaikille sellainenkaan ei ole sopiva juttu. Kontakteja kieliryhmien v\u00e4lill\u00e4 tulee kuitenkin saada s\u00e4\u00e4nn\u00f6llisesti, pelkk\u00e4 laavuretki kerran vuodessa ei siihen riit\u00e4. Ja yhteiselo on aloitettava niin pienen\u00e4 kuin mahdollista, silloin eroja ei edes huomaa. T\u00e4ll\u00e4 hetkell\u00e4 Amosparkenissa t\u00e4m\u00e4 toteutuu mainiosti. Meill\u00e4 on siis toivoa!<\/p>\n<p>Et\u00e4opetuksestakin puhuttiin. Siin\u00e4kin on haasteensa eik\u00e4 se kaikkeen sovi, mutta sit\u00e4kin on jo hyvin tuloksin kokeiltu. Valtiovalta tulee varmasti kehitt\u00e4m\u00e4\u00e4n t\u00e4t\u00e4 osa-aluetta tulevina vuosina, joten kaikkea tarvitse tehd\u00e4 itse. Tekniikan ja teko\u00e4lyn ripe\u00e4 kehittyminen tuovat t\u00e4h\u00e4n varmaan ennen\u00e4kem\u00e4tt\u00f6mi\u00e4 mahdollisuuksia.<\/p>\n<p>Oli oikein mielenkiintoinen p\u00e4iv\u00e4, kiitos siit\u00e4 j\u00e4rjest\u00e4jille! P\u00e4\u00e4simme lounaallekin ja hyv\u00e4\u00e4 oli. On kuulemma joka p\u00e4iv\u00e4 kasvisvaihtoehto tarjolla. Hienoa!<\/p>\n<p>&#8211; Satu Zwerver &#8211;<\/p>\n","protected":false},"excerpt":{"rendered":"<p>Poliitikot oli kutsuttu tutustumaan Kemi\u00f6n keskuskouluun maanantaina 7.10.2024: &#8221;Viet\u00e4mme Suomen opetus- ja kulttuuriministeri\u00f6n lanseeraamaa Sivistyksen teemavuotta, jossa ministeri\u00f6n yhteisty\u00f6kumppanina toimii 150-vuotias Kansanvalistusseura. OAJ on mukana nostamassa sivistyksen arvostusta ja j\u00e4rjest\u00e4\u00e4 siksi Sivistyksen avoimet ovet -tapahtuman, jossa kunnan p\u00e4\u00e4tt\u00e4j\u00e4t p\u00e4\u00e4sev\u00e4t tutustumaan opetukseen. Tapahtumia on eri puolilla Suomea kouluissa, p\u00e4iv\u00e4kodeissa ja oppilaitoksissa.&#8221; Eli sinne. \ud83d\ude42 Kierros alkoi [&hellip;]<\/p>\n","protected":false},"author":1350,"featured_media":0,"comment_status":"open","ping_status":"open","sticky":false,"template":"","format":"standard","meta":{"_et_pb_use_builder":"","_et_pb_old_content":"","_et_gb_content_width":"","footnotes":""},"categories":[105],"tags":[132],"class_list":["post-1162","post","type-post","status-publish","format-standard","hentry","category-aktuellt-ajankohtaista","tag-koulu"],"featuredImage":"","authorName":"satu.zwerver","term":["Aktuellt \/ Ajankohtaista"],"author_url":"https:\/\/yhdistykset.vihreat.fi\/kemionsaaren.vihreat\/?p=1162","_links":{"self":[{"href":"https:\/\/yhdistykset.vihreat.fi\/kemionsaaren.vihreat\/wp-json\/wp\/v2\/posts\/1162","targetHints":{"allow":["GET"]}}],"collection":[{"href":"https:\/\/yhdistykset.vihreat.fi\/kemionsaaren.vihreat\/wp-json\/wp\/v2\/posts"}],"about":[{"href":"https:\/\/yhdistykset.vihreat.fi\/kemionsaaren.vihreat\/wp-json\/wp\/v2\/types\/post"}],"author":[{"embeddable":true,"href":"https:\/\/yhdistykset.vihreat.fi\/kemionsaaren.vihreat\/wp-json\/wp\/v2\/users\/1350"}],"replies":[{"embeddable":true,"href":"https:\/\/yhdistykset.vihreat.fi\/kemionsaaren.vihreat\/wp-json\/wp\/v2\/comments?post=1162"}],"version-history":[{"count":4,"href":"https:\/\/yhdistykset.vihreat.fi\/kemionsaaren.vihreat\/wp-json\/wp\/v2\/posts\/1162\/revisions"}],"predecessor-version":[{"id":1167,"href":"https:\/\/yhdistykset.vihreat.fi\/kemionsaaren.vihreat\/wp-json\/wp\/v2\/posts\/1162\/revisions\/1167"}],"wp:attachment":[{"href":"https:\/\/yhdistykset.vihreat.fi\/kemionsaaren.vihreat\/wp-json\/wp\/v2\/media?parent=1162"}],"wp:term":[{"taxonomy":"category","embeddable":true,"href":"https:\/\/yhdistykset.vihreat.fi\/kemionsaaren.vihreat\/wp-json\/wp\/v2\/categories?post=1162"},{"taxonomy":"post_tag","embeddable":true,"href":"https:\/\/yhdistykset.vihreat.fi\/kemionsaaren.vihreat\/wp-json\/wp\/v2\/tags?post=1162"}],"curies":[{"name":"wp","href":"https:\/\/api.w.org\/{rel}","templated":true}]}}