{"id":1178,"date":"2024-12-31T08:13:36","date_gmt":"2024-12-31T06:13:36","guid":{"rendered":"https:\/\/yhdistykset.vihreat.fi\/kemionsaaren.vihreat\/?p=1178"},"modified":"2024-12-31T08:22:38","modified_gmt":"2024-12-31T06:22:38","slug":"2024-2025","status":"publish","type":"post","link":"https:\/\/yhdistykset.vihreat.fi\/kemionsaaren.vihreat\/2024\/12\/31\/2024-2025\/","title":{"rendered":"2024 -> 2025"},"content":{"rendered":"<p><span style=\"color: #000000;\"><span style=\"font-family: Calisto MT, serif;\"><span style=\"font-size: medium;\">Vuoden viimeist\u00e4 p\u00e4iv\u00e4\u00e4 vied\u00e4\u00e4n ja samalla l\u00e4henee loppuaan puheenjohtajuuteni Kemi\u00f6nsaaren Vihreiss\u00e4. Syyskokous valitsi puheenjohtajaksi Sari Kippil\u00e4n, jolle toivotamme onnea pestiin! Hallituksen muut j\u00e4senet 2025 ovat Gunilla Avellan, Lea R\u00e4is\u00e4nen, Sami Siitojoki ja ihka uutena Eeva Toivanen. Tervetuloa Eeva!<\/span><\/span><\/span><\/p>\n<p><span style=\"font-size: medium;\"><span style=\"color: #000000;\"><span style=\"font-family: Calisto MT, serif;\">Lyhyesti viimeaikaista politiikkaa Kemi\u00f6nsaarella:<\/span><\/span><\/span><\/p>\n<p style=\"padding-left: 40px;\"><span style=\"font-size: medium;\"><span style=\"color: #000000;\">\u2022<\/span> <span style=\"color: #000000;\"><span style=\"font-family: Calisto MT, serif;\"><b>Galtarbyn kivilouhos<\/b><\/span><\/span> <span style=\"color: #000000;\"><span style=\"font-family: Calisto MT, serif;\">on saanut ymp\u00e4rist\u00f6luvan, vaikkakin valitusporsessi on viel\u00e4 k\u00e4ynniss\u00e4. Vihre\u00e4t olivat aktiivisesti mukana keskusteluissa kuntalaisten, Destian ja kunnan kanssa. Vihreitten aloitteesta kunnanhallitus antoi erikseen lausuntonsa louhoksesta, joka otti hyvin huomioon kaikkia<\/span><\/span> <span style=\"color: #000000;\"><span style=\"font-family: Calisto MT, serif;\">n\u00e4k\u00f6kanntoja<\/span><\/span> <span style=\"color: #000000;\"><span style=\"font-family: Calisto MT, serif;\">ja painotti voimakkaasti alueen luonto- ja matkailuvaltteja, joihin louhoksen avaaminen vaikuttaa negatiivisesti. Poliittista liikkumatilaa ei t\u00e4llaisessa asiassa, joka on tiukasti lakipyk\u00e4lill\u00e4 s\u00e4\u00e4detty, juurikaan ole ja lupa my\u00f6nnettiin odotetusti.<\/span><\/span><\/span><\/p>\n<p style=\"padding-left: 40px;\"><span style=\"font-size: medium;\"><span style=\"color: #000000;\">\u2022<\/span> <span style=\"color: #000000;\"><span style=\"font-family: Calisto MT, serif;\">Taalintehtaan <strong>P\u00e4hkin\u00e4m\u00e4elle<\/strong> suunnitteilla olevasta uudesta asuinalueesta k\u00e4ytiin paikoin kuumaakin keskustelua. Paikallisten keskuudessa on vastustettu suunnitelmia, osaksi paikkaansapit\u00e4m\u00e4tt\u00f6min perustein. On ymm\u00e4rrett\u00e4v\u00e4\u00e4, ett\u00e4 oman l\u00e4hialueen rakennussuunnitelmat mietitytt\u00e4v\u00e4t, mutta hanke vaikuttaa kuitenkin painottavan luontoa, ekologisuutta ja yhteis\u00f6llisyytt\u00e4 suuresti, jonka takia hanke n\u00e4hd\u00e4\u00e4n Vihreiss\u00e4 positiivisena.\u00a0\u00a0<\/span><\/span><\/span><\/p>\n<p style=\"padding-left: 40px;\"><span style=\"color: #000000;\">\u2022 <\/span><span style=\"color: #000000;\"><span style=\"font-family: Calisto MT, serif;\"><span style=\"font-size: medium;\"><b>Uudesta organisaatiomallista <\/b><\/span><\/span><\/span><span style=\"color: #000000;\"><span style=\"font-family: Calisto MT, serif;\"><span style=\"font-size: medium;\">p\u00e4\u00e4tettiin valtuustossa<\/span><\/span><\/span> <span style=\"color: #000000;\"><span style=\"font-family: Calisto MT, serif;\"><span style=\"font-size: medium;\">joulukuussa. Poliittista ohjausta annetaan vaalien j\u00e4lkeen kahdesta isommasta valiokunnasta useamman lautakunnan sijaan. Valiokunnissa j\u00e4senet ovat valtuustosta, varaj\u00e4senet voivat olla my\u00f6s valtuuston ulkopuolelta. Kaavio organisaatiosta l\u00f6ytyy <\/span><\/span><\/span><a href=\"https:\/\/kemionsaari.tweb.fi\/ktwebscr\/fileshow?doctype=3&amp;docid=187276&amp;version=1\"><span style=\"color: #000080;\"><span style=\"font-family: Calisto MT, serif;\"><span style=\"font-size: medium;\">kunnan sivuilta<\/span><\/span><\/span><\/a><span style=\"color: #000000;\"><span style=\"font-family: Calisto MT, serif;\"><span style=\"font-size: medium;\">.<\/span><\/span><\/span> <span style=\"color: #000000;\"><span style=\"font-family: Calisto MT, serif;\"><span style=\"font-size: medium;\">Malli tiivist\u00e4\u00e4 ty\u00f6skentely\u00e4 ja luo kiinnostavampia kokonaisuuksia luottamushenkil\u00f6ty\u00f6h\u00f6n, samalla kun se vahvistaa l\u00e4hidemokratiaa.<\/span><\/span><\/span><\/p>\n<p style=\"padding-left: 40px;\"><span style=\"color: #000000;\">\u2022<\/span> <span style=\"color: #000000;\"><span style=\"font-family: Calisto MT, serif;\"><span style=\"font-size: medium;\"><b>Mets\u00e4suunnitelma<\/b><\/span><\/span><\/span> <span style=\"color: #000000;\"><span style=\"font-family: Calisto MT, serif;\"><span style=\"font-size: medium;\">k\u00e4vi teknisess\u00e4 lautakunnassa, mutta se lyk\u00e4ttiin my\u00f6hemm\u00e4ksi, koska asiakirjat tulivat niin my\u00f6h\u00e4\u00e4n ja vain suomeksi. Suunnitelmasta j\u00e4rjestet\u00e4\u00e4n keskustelutilaisuus.<\/span><\/span><\/span><\/p>\n<p><span style=\"color: #000000;\"><span style=\"font-family: Calisto MT, serif;\"><span style=\"font-size: medium;\">Pestini valtuustoryhm\u00e4n puheenjohtajana jatkuu. Valtuustoryhm\u00e4 kokoontuu v\u00e4hint\u00e4\u00e4n ennen jokaista valtuustokokousta k\u00e4sittelem\u00e4\u00e4n ajankohtaisia poliittisia asioita. Jos haluat keskustella poliittisista aiheista, ota rohkeasti yhteytt\u00e4 valtuustoryhm\u00e4n j\u00e4seniin (Satu, Gunilla ja Milla) tai muihin luottamushenkil\u00f6ihimme (Sari, Sami ja Lea)! Yhdess\u00e4 olemme vahvoja.<\/span><\/span><\/span><\/p>\n<p>Ensi vuonna on kuntavaalit. Osallistu! \u00c4\u00e4nest\u00e4m\u00e4ll\u00e4. Tukemalla vaality\u00f6t\u00e4. Olemalla ehdokas. Tuellasi saamme kunnan toiminnan (viel\u00e4) vihre\u00e4mm\u00e4ksi.<\/p>\n<p><span style=\"color: #000000;\"><span style=\"font-family: Calisto MT, serif;\"><span style=\"font-size: medium;\">Ensi vuonna juhlitaan my\u00f6s Kemi\u00f6nsaaren 700 \u2013 vuotista taivalta. Osallistukaamme kaikki juhlallisuuksiin!<\/span><\/span><\/span><\/p>\n<p>Kiit\u00e4n kaikkia kuluneesta puheenjohtajavuodesta\u00a0 ja toivotan kaikille erinomaista vuotta 2025!<\/p>\n<p>Vihrein terveisin,<br \/>\nSatu Zwerver<\/p>\n","protected":false},"excerpt":{"rendered":"<p>Vuoden viimeist\u00e4 p\u00e4iv\u00e4\u00e4 vied\u00e4\u00e4n ja samalla l\u00e4henee loppuaan puheenjohtajuuteni Kemi\u00f6nsaaren Vihreiss\u00e4. Syyskokous valitsi puheenjohtajaksi Sari Kippil\u00e4n, jolle toivotamme onnea pestiin! Hallituksen muut j\u00e4senet 2025 ovat Gunilla Avellan, Lea R\u00e4is\u00e4nen, Sami Siitojoki ja ihka uutena Eeva Toivanen. Tervetuloa Eeva! Lyhyesti viimeaikaista politiikkaa Kemi\u00f6nsaarella: \u2022 Galtarbyn kivilouhos on saanut ymp\u00e4rist\u00f6luvan, vaikkakin valitusporsessi on viel\u00e4 k\u00e4ynniss\u00e4. Vihre\u00e4t olivat [&hellip;]<\/p>\n","protected":false},"author":1350,"featured_media":0,"comment_status":"open","ping_status":"open","sticky":false,"template":"","format":"standard","meta":{"_et_pb_use_builder":"","_et_pb_old_content":"","_et_gb_content_width":"","footnotes":""},"categories":[114],"tags":[108,148,111,151,150,149],"class_list":["post-1178","post","type-post","status-publish","format-standard","hentry","category-information-och-asikter-tietoa-ja-mielipiteita","tag-galtarby","tag-hallitus","tag-metsa","tag-organisaatiomalli","tag-pahkinamaki","tag-valtuustoryhma"],"featuredImage":"","authorName":"satu.zwerver","term":["Information och \u00e5sikter\/ Tietoa ja mielipiteit\u00e4"],"author_url":"https:\/\/yhdistykset.vihreat.fi\/kemionsaaren.vihreat\/?p=1178","_links":{"self":[{"href":"https:\/\/yhdistykset.vihreat.fi\/kemionsaaren.vihreat\/wp-json\/wp\/v2\/posts\/1178","targetHints":{"allow":["GET"]}}],"collection":[{"href":"https:\/\/yhdistykset.vihreat.fi\/kemionsaaren.vihreat\/wp-json\/wp\/v2\/posts"}],"about":[{"href":"https:\/\/yhdistykset.vihreat.fi\/kemionsaaren.vihreat\/wp-json\/wp\/v2\/types\/post"}],"author":[{"embeddable":true,"href":"https:\/\/yhdistykset.vihreat.fi\/kemionsaaren.vihreat\/wp-json\/wp\/v2\/users\/1350"}],"replies":[{"embeddable":true,"href":"https:\/\/yhdistykset.vihreat.fi\/kemionsaaren.vihreat\/wp-json\/wp\/v2\/comments?post=1178"}],"version-history":[{"count":16,"href":"https:\/\/yhdistykset.vihreat.fi\/kemionsaaren.vihreat\/wp-json\/wp\/v2\/posts\/1178\/revisions"}],"predecessor-version":[{"id":1197,"href":"https:\/\/yhdistykset.vihreat.fi\/kemionsaaren.vihreat\/wp-json\/wp\/v2\/posts\/1178\/revisions\/1197"}],"wp:attachment":[{"href":"https:\/\/yhdistykset.vihreat.fi\/kemionsaaren.vihreat\/wp-json\/wp\/v2\/media?parent=1178"}],"wp:term":[{"taxonomy":"category","embeddable":true,"href":"https:\/\/yhdistykset.vihreat.fi\/kemionsaaren.vihreat\/wp-json\/wp\/v2\/categories?post=1178"},{"taxonomy":"post_tag","embeddable":true,"href":"https:\/\/yhdistykset.vihreat.fi\/kemionsaaren.vihreat\/wp-json\/wp\/v2\/tags?post=1178"}],"curies":[{"name":"wp","href":"https:\/\/api.w.org\/{rel}","templated":true}]}}