{"id":1193,"date":"2024-12-31T08:28:35","date_gmt":"2024-12-31T06:28:35","guid":{"rendered":"https:\/\/yhdistykset.vihreat.fi\/kemionsaaren.vihreat\/?p=1193"},"modified":"2024-12-31T08:28:35","modified_gmt":"2024-12-31T06:28:35","slug":"2024-2025-2","status":"publish","type":"post","link":"https:\/\/yhdistykset.vihreat.fi\/kemionsaaren.vihreat\/2024\/12\/31\/2024-2025-2\/","title":{"rendered":"2024 -> 2025"},"content":{"rendered":"<p>\u00c5ret n\u00e4rmar sig sitt slut och d\u00e4rmed ocks\u00e5 mitt ordf\u00f6randeskap i De Gr\u00f6na i Kimito\u00f6n. P\u00e5 h\u00f6stm\u00f6tet valdes Sari Kippil\u00e4 till ordf\u00f6rande, och vi \u00f6nskar henne lycka till! \u00d6vriga styrelsemedlemmar 2025 \u00e4r Gunilla Avellan, Lea R\u00e4is\u00e4nen, Sami Siitojoki och, helt ny, Eeva Toivanen. V\u00e4lkommen Eeva!<\/p>\n<p>Kort den senaste tidens politiska h\u00e4ndelser p\u00e5 Kimito\u00f6n:<\/p>\n<p style=\"padding-left: 40px;\">\u2022 <strong>Stenbrottet i Galtarby<\/strong> har f\u00e5tt milj\u00f6tillst\u00e5nd, men klagom\u00e5lsprcessen \u00e4r \u00e4nnu p\u00e5 g\u00e5ng. De gr\u00f6na deltog aktivt i diskussionerna med lokalbefolkningen, Destia och kommunen. P\u00e5 de Gr\u00f6nas initiativ avgav kommunfullm\u00e4ktige ett s\u00e4rskilt yttrande om stenbrottet, d\u00e4r man tog h\u00e4nsyn till alla synpunkter och starkt betonade omr\u00e5dets natur- och turistv\u00e4rden, som kommer att p\u00e5verkas negativt av att stenbrottet \u00f6ppnas. Det politiska man\u00f6verutrymmet \u00e4r litet i ett s\u00e5dant h\u00e4r \u00e4rende, som \u00e4r strikt reglerat i lag, och tillst\u00e5ndet beviljades som f\u00f6rv\u00e4ntat.<\/p>\n<p style=\"padding-left: 40px;\">\u2022 Det <strong>nya bostadsomr\u00e5det som planeras i Hasselbacken<\/strong> debatterades livligt p\u00e5 sina h\u00e5ll. Det finns ett motst\u00e5nd mot planerna bland lokalbefolkningen, en del var baserat p\u00e5 ogrundade argument. Det \u00e4r f\u00f6rst\u00e5eligt att m\u00e4nniskor \u00e4r oroade \u00f6ver utvecklingsplanerna i sitt eget grannskap, men projektet verkar l\u00e4gga stor vikt vid natur, ekologi och gemenskap, varf\u00f6r de gr\u00f6na ser det som ett positivt steg.<\/p>\n<p style=\"padding-left: 40px;\">\u2022 En <strong>ny organisationsmodell<\/strong> i kommunen tas i bruk efter valet. Det besl\u00f6t fullm\u00e4ktige i december. Efter valet kommer den politiska styrningen att ske genom tv\u00e5 st\u00f6rre utskott ist\u00e4llet f\u00f6r flera n\u00e4mnder. Utskotten kommer att ha ledam\u00f6ter fr\u00e5n fullm\u00e4ktige, men ers\u00e4ttare kan vara utanf\u00f6r fullm\u00e4ktige. En organisationsskiss finns p\u00e5 kommunens hemsida. Denna modell kommer att g\u00f6ra arbetet mer kompakt och skapa mer intressanta enheter f\u00f6r f\u00f6rtroendepersonerna, samtidigt som den lokala demokratin st\u00e4rks.<\/p>\n<p style=\"padding-left: 40px;\">\u2022 Den kommunala <strong>skogsbruksplanen<\/strong> gick till tekniska n\u00e4mnden, men sk\u00f6ts upp p\u00e5 grund av att handlingarna kom s\u00e5 sent och endast p\u00e5 finska. Ett diskussionsm\u00f6te kommer att h\u00e5llas om planen.<\/p>\n<p>Jag forts\u00e4tter som ordf\u00f6rande i fullm\u00e4ktigegruppen. Gruppen tr\u00e4ffas minst f\u00f6re varje fullm\u00e4ktigem\u00f6te f\u00f6r att diskutera aktuella politiska fr\u00e5gor. Om du vill diskutera kommunpolitik \u00e4r du v\u00e4lkommen att kontakta medlemmarna i fullm\u00e4ktigegruppen (Satu, Gunilla och Milla) eller v\u00e5ra andra f\u00f6rtroendevalda (Sari, Sami och Lea)! Tillsammans \u00e4r vi starka.<\/p>\n<p>N\u00e4sta \u00e5r \u00e4r det kommunalval. Engagera dig! Genom att r\u00f6sta. Genom att st\u00f6dja valarbetet. Genom att st\u00e4lla upp som kandidat. Med ditt st\u00f6d kan vi g\u00f6ra kommunen (\u00e4nnu) gr\u00f6nare.<\/p>\n<p>N\u00e4sta \u00e5r firar vi ocks\u00e5 Kimito\u00f6ns 700-\u00e5rsjubileum. L\u00e5t oss alla delta i festligheterna!<\/p>\n<p>Jag tackar alla f\u00f6r det g\u00e5ngna \u00e5ret som ordf\u00f6rande och \u00f6nskar er alla ett utm\u00e4rkt 2025!<\/p>\n<p>Med Gr\u00f6na h\u00e4lsningar,<br \/>\nSatu Zwerver<\/p>\n","protected":false},"excerpt":{"rendered":"<p>\u00c5ret n\u00e4rmar sig sitt slut och d\u00e4rmed ocks\u00e5 mitt ordf\u00f6randeskap i De Gr\u00f6na i Kimito\u00f6n. P\u00e5 h\u00f6stm\u00f6tet valdes Sari Kippil\u00e4 till ordf\u00f6rande, och vi \u00f6nskar henne lycka till! \u00d6vriga styrelsemedlemmar 2025 \u00e4r Gunilla Avellan, Lea R\u00e4is\u00e4nen, Sami Siitojoki och, helt ny, Eeva Toivanen. V\u00e4lkommen Eeva! Kort den senaste tidens politiska h\u00e4ndelser p\u00e5 Kimito\u00f6n: \u2022 Stenbrottet [&hellip;]<\/p>\n","protected":false},"author":1350,"featured_media":0,"comment_status":"open","ping_status":"open","sticky":false,"template":"","format":"standard","meta":{"_et_pb_use_builder":"","_et_pb_old_content":"","_et_gb_content_width":"","footnotes":""},"categories":[1],"tags":[],"class_list":["post-1193","post","type-post","status-publish","format-standard","hentry","category-tiedotteet"],"featuredImage":"","authorName":"satu.zwerver","term":["Meddelanden \/ Tiedotteet"],"author_url":"https:\/\/yhdistykset.vihreat.fi\/kemionsaaren.vihreat\/?p=1193","_links":{"self":[{"href":"https:\/\/yhdistykset.vihreat.fi\/kemionsaaren.vihreat\/wp-json\/wp\/v2\/posts\/1193","targetHints":{"allow":["GET"]}}],"collection":[{"href":"https:\/\/yhdistykset.vihreat.fi\/kemionsaaren.vihreat\/wp-json\/wp\/v2\/posts"}],"about":[{"href":"https:\/\/yhdistykset.vihreat.fi\/kemionsaaren.vihreat\/wp-json\/wp\/v2\/types\/post"}],"author":[{"embeddable":true,"href":"https:\/\/yhdistykset.vihreat.fi\/kemionsaaren.vihreat\/wp-json\/wp\/v2\/users\/1350"}],"replies":[{"embeddable":true,"href":"https:\/\/yhdistykset.vihreat.fi\/kemionsaaren.vihreat\/wp-json\/wp\/v2\/comments?post=1193"}],"version-history":[{"count":6,"href":"https:\/\/yhdistykset.vihreat.fi\/kemionsaaren.vihreat\/wp-json\/wp\/v2\/posts\/1193\/revisions"}],"predecessor-version":[{"id":1202,"href":"https:\/\/yhdistykset.vihreat.fi\/kemionsaaren.vihreat\/wp-json\/wp\/v2\/posts\/1193\/revisions\/1202"}],"wp:attachment":[{"href":"https:\/\/yhdistykset.vihreat.fi\/kemionsaaren.vihreat\/wp-json\/wp\/v2\/media?parent=1193"}],"wp:term":[{"taxonomy":"category","embeddable":true,"href":"https:\/\/yhdistykset.vihreat.fi\/kemionsaaren.vihreat\/wp-json\/wp\/v2\/categories?post=1193"},{"taxonomy":"post_tag","embeddable":true,"href":"https:\/\/yhdistykset.vihreat.fi\/kemionsaaren.vihreat\/wp-json\/wp\/v2\/tags?post=1193"}],"curies":[{"name":"wp","href":"https:\/\/api.w.org\/{rel}","templated":true}]}}