{"id":1218,"date":"2025-02-27T07:39:14","date_gmt":"2025-02-27T05:39:14","guid":{"rendered":"https:\/\/yhdistykset.vihreat.fi\/kemionsaaren.vihreat\/?p=1218"},"modified":"2025-02-27T07:39:14","modified_gmt":"2025-02-27T05:39:14","slug":"val-vaalit-2025","status":"publish","type":"post","link":"https:\/\/yhdistykset.vihreat.fi\/kemionsaaren.vihreat\/2025\/02\/27\/val-vaalit-2025\/","title":{"rendered":"Val \/ Vaalit 2025"},"content":{"rendered":"<p style=\"text-align: center;\">\u00c4nnu n\u00e5gra dagar kan man anm\u00e4la sitt intresse f\u00f6r att bli kandidat i v\u00e5rens valen!<br \/>\nTa kontakt med <a href=\"https:\/\/yhdistykset.vihreat.fi\/kemionsaaren.vihreat\/kontaktuppgifter-yhteystiedot\/\" target=\"_blank\" rel=\"noopener\">ordf\u00f6rande Sari Kippil\u00e4<\/a> om det k\u00e4nns s\u00e5.<\/p>\n<p>Viel\u00e4 pari p\u00e4iv\u00e4\u00e4 voi ilmoittaa kiinnostuksestaan l\u00e4hte\u00e4 ehdokkaaksi kev\u00e4\u00e4n vaaleihin!<br \/>\nOta yhteytt\u00e4 <a href=\"https:\/\/yhdistykset.vihreat.fi\/kemionsaaren.vihreat\/kontaktuppgifter-yhteystiedot\/\" target=\"_blank\" rel=\"noopener\">puheenjohtaja Sari Kippil\u00e4\u00e4n<\/a>, jos tuntuu silt\u00e4.<\/p>\n<p><a href=\"https:\/\/yhdistykset.vihreat.fi\/kemionsaaren.vihreat\/files\/2025\/02\/Vaalistartti-2025-zoom-2048x1556-1.jpg\"><img loading=\"lazy\" decoding=\"async\" class=\"aligncenter wp-image-1219 size-large\" src=\"https:\/\/yhdistykset.vihreat.fi\/kemionsaaren.vihreat\/files\/2025\/02\/Vaalistartti-2025-zoom-2048x1556-1-1024x778.jpg\" alt=\"\" width=\"1024\" height=\"778\" srcset=\"https:\/\/yhdistykset.vihreat.fi\/kemionsaaren.vihreat\/files\/2025\/02\/Vaalistartti-2025-zoom-2048x1556-1-980x745.jpg 980w, https:\/\/yhdistykset.vihreat.fi\/kemionsaaren.vihreat\/files\/2025\/02\/Vaalistartti-2025-zoom-2048x1556-1-480x365.jpg 480w\" sizes=\"auto, (min-width: 0px) and (max-width: 480px) 480px, (min-width: 481px) and (max-width: 980px) 980px, (min-width: 981px) 1024px, 100vw\" \/><\/a><\/p>\n<h3>Nu \u00e4r det dags f\u00f6r kommunal- och v\u00e4lf\u00e4rdsomr\u00e5desval!<\/h3>\n<p>Vi kan bygga ett Finland d\u00e4r ingen beh\u00f6ver oroa sig f\u00f6r morgondagen, f\u00f6r om pengarna ska r\u00e4cka till mat eller f\u00f6r om man ska f\u00e5 hj\u00e4lp och v\u00e5rd n\u00e4r man beh\u00f6ver det.<\/p>\n<p>Vi kan v\u00e4lja en framtid d\u00e4r Finland \u00e4r en b\u00e4ttre och tryggare plats f\u00f6r alla att leva, v\u00e4xa, arbeta och \u00e5ldras p\u00e5. Vi kan v\u00e4lja att v\u00e4rna om barndomen, bygga upp en frisk ungdom och tillsammans g\u00f6ra det m\u00f6jligt f\u00f6r alla finl\u00e4ndare att f\u00f6rverkliga sina dr\u00f6mmar. Vi kan lyckas med att hantera klimatkrisen och f\u00f6rlusten av natur, och det \u00e4r vi skyldiga kommande generationer. Vi kan skapa f\u00f6ruts\u00e4ttningar f\u00f6r en smidig och trygg vardag, d\u00e4r du kan fokusera p\u00e5 det som betyder mest<\/p>\n<h3>\nKunta- ja aluevaalit k\u00e4yd\u00e4\u00e4n nyt!<\/h3>\n<p>Me voimme rakentaa Suomea, jossa kukaan ei joudu pelka\u0308a\u0308ma\u0308a\u0308n huomista eika\u0308 miettima\u0308a\u0308n riitta\u0308va\u0308tko\u0308 rahat ruokaan tai saako apua ja hoitoa silloin, kun sita\u0308 tarvitsee.<\/p>\n<p>Voimme valita tulevaisuuden, jossa Suomi on kaikille parempi ja turvallisempi paikka ela\u0308a\u0308, kasvaa, tehda\u0308 tyo\u0308ta\u0308 ja vanheta. Voimme pa\u0308a\u0308tta\u0308a\u0308 turvata lapsuutta, rakentaa ehja\u0308a\u0308 nuoruutta ja mahdollistaa yhdessa\u0308 sita\u0308, etta\u0308 Suomessa jokainen voi kurottaa kohti unelmiaan. Me voimme onnistua ilmastokriisin ja luontokadon torjunnassa, ja olemme sen velkaa tuleville sukupolville. Me voimme luoda puitteet sujuvalle ja turvalliselle arjelle, jossa sina\u0308 voit keskittya\u0308 siihen kaikkein ta\u0308rkeimpa\u0308a\u0308n.<\/p>\n<p>&nbsp;<\/p>\n","protected":false},"excerpt":{"rendered":"<p>\u00c4nnu n\u00e5gra dagar kan man anm\u00e4la sitt intresse f\u00f6r att bli kandidat i v\u00e5rens valen! Ta kontakt med ordf\u00f6rande Sari Kippil\u00e4 om det k\u00e4nns s\u00e5. Viel\u00e4 pari p\u00e4iv\u00e4\u00e4 voi ilmoittaa kiinnostuksestaan l\u00e4hte\u00e4 ehdokkaaksi kev\u00e4\u00e4n vaaleihin! Ota yhteytt\u00e4 puheenjohtaja Sari Kippil\u00e4\u00e4n, jos tuntuu silt\u00e4. Nu \u00e4r det dags f\u00f6r kommunal- och v\u00e4lf\u00e4rdsomr\u00e5desval! Vi kan bygga ett [&hellip;]<\/p>\n","protected":false},"author":1350,"featured_media":0,"comment_status":"open","ping_status":"open","sticky":false,"template":"","format":"standard","meta":{"_et_pb_use_builder":"","_et_pb_old_content":"","_et_gb_content_width":"","footnotes":""},"categories":[1],"tags":[],"class_list":["post-1218","post","type-post","status-publish","format-standard","hentry","category-tiedotteet"],"featuredImage":"","authorName":"satu.zwerver","term":["Meddelanden \/ Tiedotteet"],"author_url":"https:\/\/yhdistykset.vihreat.fi\/kemionsaaren.vihreat\/?p=1218","_links":{"self":[{"href":"https:\/\/yhdistykset.vihreat.fi\/kemionsaaren.vihreat\/wp-json\/wp\/v2\/posts\/1218","targetHints":{"allow":["GET"]}}],"collection":[{"href":"https:\/\/yhdistykset.vihreat.fi\/kemionsaaren.vihreat\/wp-json\/wp\/v2\/posts"}],"about":[{"href":"https:\/\/yhdistykset.vihreat.fi\/kemionsaaren.vihreat\/wp-json\/wp\/v2\/types\/post"}],"author":[{"embeddable":true,"href":"https:\/\/yhdistykset.vihreat.fi\/kemionsaaren.vihreat\/wp-json\/wp\/v2\/users\/1350"}],"replies":[{"embeddable":true,"href":"https:\/\/yhdistykset.vihreat.fi\/kemionsaaren.vihreat\/wp-json\/wp\/v2\/comments?post=1218"}],"version-history":[{"count":2,"href":"https:\/\/yhdistykset.vihreat.fi\/kemionsaaren.vihreat\/wp-json\/wp\/v2\/posts\/1218\/revisions"}],"predecessor-version":[{"id":1221,"href":"https:\/\/yhdistykset.vihreat.fi\/kemionsaaren.vihreat\/wp-json\/wp\/v2\/posts\/1218\/revisions\/1221"}],"wp:attachment":[{"href":"https:\/\/yhdistykset.vihreat.fi\/kemionsaaren.vihreat\/wp-json\/wp\/v2\/media?parent=1218"}],"wp:term":[{"taxonomy":"category","embeddable":true,"href":"https:\/\/yhdistykset.vihreat.fi\/kemionsaaren.vihreat\/wp-json\/wp\/v2\/categories?post=1218"},{"taxonomy":"post_tag","embeddable":true,"href":"https:\/\/yhdistykset.vihreat.fi\/kemionsaaren.vihreat\/wp-json\/wp\/v2\/tags?post=1218"}],"curies":[{"name":"wp","href":"https:\/\/api.w.org\/{rel}","templated":true}]}}