{"id":338,"date":"2017-03-09T08:01:52","date_gmt":"2017-03-09T06:01:52","guid":{"rendered":"https:\/\/yhdistykset.vihreat.fi\/kemionsaaren.vihreat\/?p=338"},"modified":"2018-04-12T00:19:29","modified_gmt":"2018-04-11T21:19:29","slug":"pop-up","status":"publish","type":"post","link":"https:\/\/yhdistykset.vihreat.fi\/kemionsaaren.vihreat\/2017\/03\/09\/pop-up\/","title":{"rendered":"Politiikan pop up -tapahtumassa huominen tehd\u00e4\u00e4n yhdess\u00e4 \/ Under politikens pop-up-vecka g\u00f6r vi framtiden tillsammans"},"content":{"rendered":"<p>(svensk text efter den finska)<\/p>\n<h4>Mediatiedote\u00a0 \u00a09.3.2017<\/h4>\n<p><strong>Kutsumme kemi\u00f6nsaarelaiset keskustelemaan kotikunnan kehitt\u00e4misest\u00e4 ja tapaamaan kuntavaaliehdokkaita politiikan pop-up-viikolla 13.03.\u201321.03. Kemi\u00f6n K-Kompassin Pop-up-liiketilaan. Kemi\u00f6nsaaren Vihre\u00e4t j\u00e4rjest\u00e4\u00e4 tapahtuman yhdess\u00e4 RKP:n, Kokoomuksen ja Keskustan paikallisyhdistysten kanssa.<\/strong><\/p>\n<p>Kompassissa tapahtuu joka p\u00e4iv\u00e4. Kemi\u00f6nsaaren Vihreiden Sari Kippil\u00e4 aikoo tulla Kompassin Pop-up -tapahtumaan ompelukone mukanaan.<\/p>\n<p>&#8211; Voit halutessasi tuoda oman vanhan t-paidan mukaan, siit\u00e4 saa ommeltua hauskan kauppakassin parissa minuutissa.<\/p>\n<p>Sari kertoo harrastaneensa kierr\u00e4tysmateriaalien uusiok\u00e4ytt\u00f6\u00e4 jo pitk\u00e4\u00e4n. \u201dN\u00e4yt\u00e4n my\u00f6s, miten roskista voi k\u00e4tev\u00e4sti tehd\u00e4 kelpo istutusalustoja taimikasvatukseen.\u201d<\/p>\n<p>K\u00e4sity\u00f6vinkkien jakamisen lis\u00e4ksi keskustellaan tietysti sotesta, kouluista, energiaratkaisuista, kaavoituksesta ja kaikista muista kuntalaisia kiinnostavista aiheista. Pop up -tapahtumaan osallistuvat puolueiden ehdokkaat tuovat mukanaan omaa ohjelmaansa, joten joka p\u00e4iv\u00e4lle on luvassa uusia ihmisi\u00e4, aiheita ja tekemist\u00e4.<\/p>\n<p>Poikkea kahville ja keskustelemaan!<\/p>\n<p>Taalintehtaalla Vihreiden ehdokkaita on tavattavissa torip\u00e4ivin\u00e4 torilla.<\/p>\n<p>Vihreiden kuntavaaliohjelmaan ja ehdokkaisiin p\u00e4\u00e4set tutustumaan my\u00f6s t\u00e4\u00e4ll\u00e4:<\/p>\n<p><a href=\"https:\/\/yhdistykset.vihreat.fi\/kemionsaaren.vihreat\/kuntavaaliohjelma-2017\/\">https:\/\/yhdistykset.vihreat.fi\/kemionsaaren.vihreat\/kuntavaaliohjelma-2017\/<\/a><br \/>\n<a href=\"https:\/\/yhdistykset.vihreat.fi\/kemionsaaren.vihreat\/kuntavaaliehdokkaat-2017\/\">https:\/\/yhdistykset.vihreat.fi\/kemionsaaren.vihreat\/kuntavaaliehdokkaat-2017\/<\/a><\/p>\n<p>Lis\u00e4tietoa:<br \/>\nKemi\u00f6nsaaren Vihreiden puheenjohtaja Lea R\u00e4is\u00e4nen, p. 040 7551039, lea.raisanen(at)gmail.com<\/p>\n<h4>Pressmeddelande \u00a0\u00a09.3.2017<\/h4>\n<p><strong>Vi bjuder kimito\u00f6borna till diskussioner om hemtraktens utveckling och till att m\u00f6ta kommunvalkandidater under politikens pop-up-vecka den 13\/3 \u2013 21\/3 i K-Kompassens Pop-up-utrymme i Kimito. De Gr\u00f6na i Kimito\u00f6n arrangerar evenemanget tillsammans med lokalavdelningarna av SFP, Samlingspartiet och Centern.<\/strong><\/p>\n<p>Det h\u00e4nder n\u00e5gonting varje dag i Kompassen. Sari Kippil\u00e4 fr\u00e5n De Gr\u00f6na ska ta med sig symaskinen till pop-upen.<\/p>\n<p>-Du kan ta med dig en gammal t-shirt, man kan sy en rolig b\u00e4rkasse av den p\u00e5 ett par minuter.<\/p>\n<p>Sari har haft \u00e5teranv\u00e4ndning som hobby redan l\u00e4nge:<\/p>\n<p>\u201dJag visar ocks\u00e5 hur man l\u00e4tt omvandlar vissa avfall till goda planteringsunderlag till drivb\u00e4nken.\u201d<\/p>\n<p>F\u00f6rutom hantverkstips diskuterar man f\u00f6rst\u00e5s v\u00e5rdreformen, skolan, energil\u00f6sningar, planl\u00e4ggning och andra \u00e4mnen som intresserar inv\u00e5narna. De deltagande kandidaterna har alla sitt eget program, s\u00e5 du tr\u00e4ffar nya m\u00e4nniskor varje dag.<\/p>\n<p>Kom och diskutera, vi bjuder p\u00e5 kaffe!<\/p>\n<p>I Dalsbruk tr\u00e4ffar du De Gr\u00f6nas kandidater p\u00e5 torget p\u00e5 torgdagarna.<\/p>\n<p>De Gr\u00f6nas valprogram och kandidaterna hittar du \u00e4ven h\u00e4r:<\/p>\n<p><a href=\"https:\/\/yhdistykset.vihreat.fi\/kemionsaaren.vihreat\/kuntavaaliohjelma-2017\/\">https:\/\/yhdistykset.vihreat.fi\/kemionsaaren.vihreat\/kuntavaaliohjelma-2017\/<\/a><br \/>\n<a href=\"https:\/\/yhdistykset.vihreat.fi\/kemionsaaren.vihreat\/kuntavaaliehdokkaat-2017\/\">https:\/\/yhdistykset.vihreat.fi\/kemionsaaren.vihreat\/kuntavaaliehdokkaat-2017\/<\/a><\/p>\n<p>Mer information f\u00e5r du av<br \/>\nordf\u00f6rande f\u00f6r De Gr\u00f6na i Kimito\u00f6n Lea R\u00e4is\u00e4nen, p. 040 7551039, lea.raisanen(at)gmail.com<\/p>\n","protected":false},"excerpt":{"rendered":"<p>(svensk text efter den finska) Mediatiedote\u00a0 \u00a09.3.2017 Kutsumme kemi\u00f6nsaarelaiset keskustelemaan kotikunnan kehitt\u00e4misest\u00e4 ja tapaamaan kuntavaaliehdokkaita politiikan pop-up-viikolla 13.03.\u201321.03. Kemi\u00f6n K-Kompassin Pop-up-liiketilaan. Kemi\u00f6nsaaren Vihre\u00e4t j\u00e4rjest\u00e4\u00e4 tapahtuman yhdess\u00e4 RKP:n, Kokoomuksen ja Keskustan paikallisyhdistysten kanssa. Kompassissa tapahtuu joka p\u00e4iv\u00e4. Kemi\u00f6nsaaren Vihreiden Sari Kippil\u00e4 aikoo tulla Kompassin Pop-up -tapahtumaan ompelukone mukanaan. &#8211; Voit halutessasi tuoda oman vanhan t-paidan mukaan, [&hellip;]<\/p>\n","protected":false},"author":703,"featured_media":0,"comment_status":"open","ping_status":"open","sticky":false,"template":"","format":"standard","meta":{"_et_pb_use_builder":"","_et_pb_old_content":"","_et_gb_content_width":"","footnotes":""},"categories":[1],"tags":[87,84,13,91,20,8,66,92,88,83,85,65,90,86,89],"class_list":["post-338","post","type-post","status-publish","format-standard","hentry","category-tiedotteet","tag-atervinning-kierrattaminen","tag-centern-keskusta","tag-de-grona-vihreat","tag-energilosningar-energiaratkaisut","tag-kimitoon-kemionsaari","tag-kommunalval-kuntavaalit-2017","tag-lea-raisanen","tag-planlaggning-kaavoitus","tag-politikens-pop-up-vecka-politiikan-pop-up-viikko","tag-samlingspartiet-kokoomus","tag-sari-kippila","tag-sfp-rkp","tag-skolan-koulut","tag-social-och-halsovard-sosiaali-ja-terveydenhuolto","tag-vardreformen-sote-uudistus"],"featuredImage":"","authorName":"lea.raisanen","term":["Meddelanden \/ Tiedotteet"],"author_url":"https:\/\/yhdistykset.vihreat.fi\/kemionsaaren.vihreat\/?p=338","_links":{"self":[{"href":"https:\/\/yhdistykset.vihreat.fi\/kemionsaaren.vihreat\/wp-json\/wp\/v2\/posts\/338","targetHints":{"allow":["GET"]}}],"collection":[{"href":"https:\/\/yhdistykset.vihreat.fi\/kemionsaaren.vihreat\/wp-json\/wp\/v2\/posts"}],"about":[{"href":"https:\/\/yhdistykset.vihreat.fi\/kemionsaaren.vihreat\/wp-json\/wp\/v2\/types\/post"}],"author":[{"embeddable":true,"href":"https:\/\/yhdistykset.vihreat.fi\/kemionsaaren.vihreat\/wp-json\/wp\/v2\/users\/703"}],"replies":[{"embeddable":true,"href":"https:\/\/yhdistykset.vihreat.fi\/kemionsaaren.vihreat\/wp-json\/wp\/v2\/comments?post=338"}],"version-history":[{"count":7,"href":"https:\/\/yhdistykset.vihreat.fi\/kemionsaaren.vihreat\/wp-json\/wp\/v2\/posts\/338\/revisions"}],"predecessor-version":[{"id":518,"href":"https:\/\/yhdistykset.vihreat.fi\/kemionsaaren.vihreat\/wp-json\/wp\/v2\/posts\/338\/revisions\/518"}],"wp:attachment":[{"href":"https:\/\/yhdistykset.vihreat.fi\/kemionsaaren.vihreat\/wp-json\/wp\/v2\/media?parent=338"}],"wp:term":[{"taxonomy":"category","embeddable":true,"href":"https:\/\/yhdistykset.vihreat.fi\/kemionsaaren.vihreat\/wp-json\/wp\/v2\/categories?post=338"},{"taxonomy":"post_tag","embeddable":true,"href":"https:\/\/yhdistykset.vihreat.fi\/kemionsaaren.vihreat\/wp-json\/wp\/v2\/tags?post=338"}],"curies":[{"name":"wp","href":"https:\/\/api.w.org\/{rel}","templated":true}]}}