{"id":374,"date":"2017-04-01T11:44:42","date_gmt":"2017-04-01T08:44:42","guid":{"rendered":"https:\/\/yhdistykset.vihreat.fi\/kemionsaaren.vihreat\/?p=374"},"modified":"2018-04-12T00:28:25","modified_gmt":"2018-04-11T21:28:25","slug":"de-unga-och-pekka-haavisto-mots-i-dalsbruk-nuoret-ja-pekka-haavisto-kohtaavat-taalintehtaalla","status":"publish","type":"post","link":"https:\/\/yhdistykset.vihreat.fi\/kemionsaaren.vihreat\/2017\/04\/01\/de-unga-och-pekka-haavisto-mots-i-dalsbruk-nuoret-ja-pekka-haavisto-kohtaavat-taalintehtaalla\/","title":{"rendered":"De unga och Pekka Haavisto m\u00f6ts i Dalsbruk \/ Nuoret ja Pekka Haavisto kohtaavat Taalintehtaalla"},"content":{"rendered":"<p>Mediatiedote \/ Pressmeddelande 27.3.2017 (svensk text efter den finska)<br \/>\nDe Gr\u00f6na i Kimito\u00f6n \u2013 Kemi\u00f6nsaaren Vihre\u00e4t<\/p>\n<h3>Keskustelua konfliktien ratkaisemisesta ja kulttuurien kohtaamisesta<\/h3>\n<p><strong>Ensi perjantaina ulkoministeri\u00f6n rauhanv\u00e4lityksen erityisasiantuntija Pekka Haavisto alustaa keskustelua Taalintehtaalla otsikolla konfliktien ratkaiseminen. Samalla puheenvuoro annetaan kunnan nuorille: Miten eri kieliryhmien ja maahanmuuttajaryhmien v\u00e4lisi\u00e4 raja-aitoja voitaisiin madaltaa?<\/strong><\/p>\n<p>Tilaisuus j\u00e4rjestet\u00e4\u00e4n Taalintehtaan Virastotalolla 31.3. kello 17.00 \u2013 19.00. SPR:n paikallisosaston nuoret kertovat omasta projektistaan kuntaan saapuneiden maahanmuuttajanuorten kotouttamiseksi. Tilaisuuteen on kutsuttu nuoria my\u00f6s muista eri yhdistyksist\u00e4 ja harrastusryhmist\u00e4. Nuorison ideoita kuuntelemassa ja kunnan palveluista nuorille kertomassa on vapaa-aikatoimenjohtaja Bo-Eric Ahlgren.<\/p>\n<p>T\u00e4rke\u00e4 keskustelunaihe on esimerkiksi se, miten koulua voidaan kehitt\u00e4\u00e4 niin, ett\u00e4 siell\u00e4 entist\u00e4 vahvemmin syntyisi yhteis\u00f6llisyytt\u00e4 ja kaikki otettaisiin mukaan. Miten kunta ja vanhemmat voisivat olla rakentamassa Kemi\u00f6nsaarelle entist\u00e4 turvallisempaa ja tasa-arvoisempaa ilmapiiri\u00e4?<\/p>\n<p>Oikeusministeri\u00f6n tuottaman Kielibarometri-tutkimuksen* mukaan kieli-ilmapiiri Suomessa, ja my\u00f6s Kemi\u00f6nsaaressa, on huonompi vuonna 2016 kuin aiempina vuosina. Muutokset suomen- ja ruotsinkielisten v\u00e4lisiss\u00e4 suhteissa heijastelevat my\u00f6s yleisemp\u00e4\u00e4 kiristynytt\u00e4 asenneilmapiiri\u00e4 maahanmuuttajia ja v\u00e4hemmist\u00f6j\u00e4 kohtaan.\u00a0 Suuntaa on k\u00e4\u00e4nnett\u00e4v\u00e4, ja on aika ryhty\u00e4 konkreettisiin toimenpiteisiin suvaitsevuuden lis\u00e4\u00e4miseksi ja ilmapiirin parantamiseksi. Nuoret n\u00e4ytt\u00e4v\u00e4t suuntaa.<\/p>\n<p>Tilaisuus on avoin kaikille ja sinne on vapaa p\u00e4\u00e4sy. Tapahtuman j\u00e4rjest\u00e4\u00e4 Kemi\u00f6nsaaren Vihre\u00e4t ry.<\/p>\n<p><strong>Lis\u00e4tietoja:<\/strong><br \/>\nKemi\u00f6nsaaren Vihreiden puheenjohtaja Lea R\u00e4is\u00e4nen, p. 040 7551039, <a href=\"mailto:lea.raisanen@gmail.com\">lea.raisanen@gmail.com<\/a><\/p>\n<p><em>*<\/em> <em>Oikeusministeri\u00f6n julkaisuja 52\/2016: Kielibarometri 2004\u20132016, tutkimusraportti<\/em><\/p>\n<h3>_ _ _<\/h3>\n<h3>Diskussion kring konfliktl\u00f6sning och m\u00f6ten mellan kulturer<\/h3>\n<p><strong>P\u00e5 fredag inleder utrikesministerns s\u00e4rskilda representant i fredsmedling Pekka Haavisto diskussionen i Dalsbruk under rubriken L\u00f6sning av konflikter. Samtidigt f\u00e5r de unga i kommunen ordet: Hur kan man s\u00e4nka barri\u00e4rerna mellan olika spr\u00e5kgrupper och invandrargrupper?<\/strong><\/p>\n<p>Tillst\u00e4llningen ordnas fredagen den 31 mars klockan 17.00-19.00 i \u00e4mbetshuset i Dalsbruk. De unga fr\u00e5n R\u00f6da Korsets lokalavdelning ber\u00e4ttar om sitt eget projekt f\u00f6r integrering av unga invandrare som anl\u00e4nt till kommunen. Unga ocks\u00e5 fr\u00e5n andra f\u00f6reningar och hobbygrupper har bjudits in till tillst\u00e4llningen. Fritidschef Bo-Eric Ahlgren \u00e4r p\u00e5 plats f\u00f6r att lyssna p\u00e5 id\u00e9erna samt ber\u00e4tta om kommunens service f\u00f6r de unga.<\/p>\n<p>Ett viktigt diskussions\u00e4mne \u00e4r till exempel hur skolan kan utvecklas f\u00f6r att samh\u00f6righeten ska bli starkare och alla f\u00e5r delta. Hur kan kommunen och f\u00f6r\u00e4ldrarna bygga ett \u00e4nnu tryggare och mer j\u00e4mlikt klimat i Kimito\u00f6n.<\/p>\n<p>Enligt Justitieministeriets Spr\u00e5kbarometer-unders\u00f6kning* var spr\u00e5kklimatet i Finland, och ocks\u00e5 i Kimito\u00f6n, s\u00e4mre \u00e5r 2016 \u00e4n tidigare \u00e5r. F\u00f6r\u00e4ndringarna i relationerna mellan finsk- och svenskspr\u00e5kiga reflekterar ocks\u00e5 det \u00f6verlag sp\u00e4ndare \u00e5siktsklimatet mot invandrare och minoriteter. Riktningen m\u00e5ste v\u00e4ndas och det \u00e4r dags f\u00f6r konkreta \u00e5tg\u00e4rder f\u00f6r att \u00f6ka toleransen och f\u00f6rb\u00e4ttra st\u00e4mningen. De unga visar riktningen.<\/p>\n<p>Tillst\u00e4llningen \u00e4r \u00f6ppen f\u00f6r alla, fritt intr\u00e4de. Tillst\u00e4llningen arrangeras av De Gr\u00f6na i Kimito\u00f6n rf.<\/p>\n<p><strong>Till\u00e4ggsuppgifter:<\/strong><\/p>\n<p>Ordf\u00f6rande f\u00f6r De Gr\u00f6na i Kimito\u00f6n Lea R\u00e4is\u00e4nen, tfn 040 7551039, <a href=\"mailto:lea.raisanen@gmail.com\">lea.raisanen@gmail.com<\/a><\/p>\n<p>&nbsp;<\/p>\n<p><em>*<\/em><em>Justitieministeriets publikation 52\/2016: Spr\u00e5kbarometern 2004\u20132016, forskningsrapport<\/em><\/p>\n","protected":false},"excerpt":{"rendered":"<p>Mediatiedote \/ Pressmeddelande 27.3.2017 (svensk text efter den finska) De Gr\u00f6na i Kimito\u00f6n \u2013 Kemi\u00f6nsaaren Vihre\u00e4t Keskustelua konfliktien ratkaisemisesta ja kulttuurien kohtaamisesta Ensi perjantaina ulkoministeri\u00f6n rauhanv\u00e4lityksen erityisasiantuntija Pekka Haavisto alustaa keskustelua Taalintehtaalla otsikolla konfliktien ratkaiseminen. Samalla puheenvuoro annetaan kunnan nuorille: Miten eri kieliryhmien ja maahanmuuttajaryhmien v\u00e4lisi\u00e4 raja-aitoja voitaisiin madaltaa? Tilaisuus j\u00e4rjestet\u00e4\u00e4n Taalintehtaan Virastotalolla 31.3. kello [&hellip;]<\/p>\n","protected":false},"author":703,"featured_media":0,"comment_status":"open","ping_status":"open","sticky":false,"template":"","format":"standard","meta":{"_et_pb_use_builder":"","_et_pb_old_content":"","_et_gb_content_width":"","footnotes":""},"categories":[1],"tags":[93,96,98,95,99,97,61,90,94,73],"class_list":["post-374","post","type-post","status-publish","format-standard","hentry","category-tiedotteet","tag-fred-rauha","tag-fredsmedling-rauhanneuvottelut","tag-invandrar-maahanmuuttajat","tag-konfliktlosning-konfliktien-ratkaisu","tag-minoriteter-vahemmistot","tag-moten-mellan-kulturer-kulttuurien-kohtaaminen","tag-pekka-haavisto","tag-skolan-koulut","tag-sprakklimatet-kieli-ilmapiiri","tag-tolerans-suvaitsevaisuus"],"featuredImage":"","authorName":"lea.raisanen","term":["Meddelanden \/ Tiedotteet"],"author_url":"https:\/\/yhdistykset.vihreat.fi\/kemionsaaren.vihreat\/?p=374","_links":{"self":[{"href":"https:\/\/yhdistykset.vihreat.fi\/kemionsaaren.vihreat\/wp-json\/wp\/v2\/posts\/374","targetHints":{"allow":["GET"]}}],"collection":[{"href":"https:\/\/yhdistykset.vihreat.fi\/kemionsaaren.vihreat\/wp-json\/wp\/v2\/posts"}],"about":[{"href":"https:\/\/yhdistykset.vihreat.fi\/kemionsaaren.vihreat\/wp-json\/wp\/v2\/types\/post"}],"author":[{"embeddable":true,"href":"https:\/\/yhdistykset.vihreat.fi\/kemionsaaren.vihreat\/wp-json\/wp\/v2\/users\/703"}],"replies":[{"embeddable":true,"href":"https:\/\/yhdistykset.vihreat.fi\/kemionsaaren.vihreat\/wp-json\/wp\/v2\/comments?post=374"}],"version-history":[{"count":5,"href":"https:\/\/yhdistykset.vihreat.fi\/kemionsaaren.vihreat\/wp-json\/wp\/v2\/posts\/374\/revisions"}],"predecessor-version":[{"id":520,"href":"https:\/\/yhdistykset.vihreat.fi\/kemionsaaren.vihreat\/wp-json\/wp\/v2\/posts\/374\/revisions\/520"}],"wp:attachment":[{"href":"https:\/\/yhdistykset.vihreat.fi\/kemionsaaren.vihreat\/wp-json\/wp\/v2\/media?parent=374"}],"wp:term":[{"taxonomy":"category","embeddable":true,"href":"https:\/\/yhdistykset.vihreat.fi\/kemionsaaren.vihreat\/wp-json\/wp\/v2\/categories?post=374"},{"taxonomy":"post_tag","embeddable":true,"href":"https:\/\/yhdistykset.vihreat.fi\/kemionsaaren.vihreat\/wp-json\/wp\/v2\/tags?post=374"}],"curies":[{"name":"wp","href":"https:\/\/api.w.org\/{rel}","templated":true}]}}