{"id":403,"date":"2017-03-05T17:33:44","date_gmt":"2017-03-05T15:33:44","guid":{"rendered":"https:\/\/yhdistykset.vihreat.fi\/kemionsaaren.vihreat\/?p=403"},"modified":"2018-04-10T21:35:45","modified_gmt":"2018-04-10T18:35:45","slug":"kommunalvalsprogram-2017-kemionsaaren-vihreiden-kuntavaaliohjelma-kutsuu-osallistumaan","status":"publish","type":"post","link":"https:\/\/yhdistykset.vihreat.fi\/kemionsaaren.vihreat\/2017\/03\/05\/kommunalvalsprogram-2017-kemionsaaren-vihreiden-kuntavaaliohjelma-kutsuu-osallistumaan\/","title":{"rendered":"Kommunalvalsprogram 2017 \/ Kemi\u00f6nsaaren Vihreiden kuntavaaliohjelma kutsuu osallistumaan!"},"content":{"rendered":"<p>Tutustu uuteen vaaliohjelmaan <a href=\"https:\/\/yhdistykset.vihreat.fi\/kemionsaaren.vihreat\/kuntavaaliohjelma-2017\/\">linkin<\/a> kautta.<br \/>\nDe Gr\u00f6na i Kimito\u00f6n\u00a0lanserade kommunalvalsprogram: Tillsammans\u00a0bygger vi en b\u00e4ttre morgondag. L\u00e4s mer! Klicka p\u00e5 <a href=\"https:\/\/yhdistykset.vihreat.fi\/kemionsaaren.vihreat\/kuntavaaliohjelma-2017\/\">l\u00e4nken<\/a>.<\/p>\n","protected":false},"excerpt":{"rendered":"<p>Tutustu uuteen vaaliohjelmaan linkin kautta. De Gr\u00f6na i Kimito\u00f6n\u00a0lanserade kommunalvalsprogram: Tillsammans\u00a0bygger vi en b\u00e4ttre morgondag. L\u00e4s mer! Klicka p\u00e5 l\u00e4nken.<\/p>\n","protected":false},"author":859,"featured_media":0,"comment_status":"open","ping_status":"open","sticky":false,"template":"","format":"standard","meta":{"_et_pb_use_builder":"","_et_pb_old_content":"","_et_gb_content_width":"","footnotes":""},"categories":[1],"tags":[8],"class_list":["post-403","post","type-post","status-publish","format-standard","hentry","category-tiedotteet","tag-kommunalval-kuntavaalit-2017"],"featuredImage":"","authorName":"Sara Luotonen","term":["Meddelanden \/ Tiedotteet"],"author_url":"https:\/\/yhdistykset.vihreat.fi\/kemionsaaren.vihreat\/?p=403","_links":{"self":[{"href":"https:\/\/yhdistykset.vihreat.fi\/kemionsaaren.vihreat\/wp-json\/wp\/v2\/posts\/403","targetHints":{"allow":["GET"]}}],"collection":[{"href":"https:\/\/yhdistykset.vihreat.fi\/kemionsaaren.vihreat\/wp-json\/wp\/v2\/posts"}],"about":[{"href":"https:\/\/yhdistykset.vihreat.fi\/kemionsaaren.vihreat\/wp-json\/wp\/v2\/types\/post"}],"author":[{"embeddable":true,"href":"https:\/\/yhdistykset.vihreat.fi\/kemionsaaren.vihreat\/wp-json\/wp\/v2\/users\/859"}],"replies":[{"embeddable":true,"href":"https:\/\/yhdistykset.vihreat.fi\/kemionsaaren.vihreat\/wp-json\/wp\/v2\/comments?post=403"}],"version-history":[{"count":1,"href":"https:\/\/yhdistykset.vihreat.fi\/kemionsaaren.vihreat\/wp-json\/wp\/v2\/posts\/403\/revisions"}],"predecessor-version":[{"id":405,"href":"https:\/\/yhdistykset.vihreat.fi\/kemionsaaren.vihreat\/wp-json\/wp\/v2\/posts\/403\/revisions\/405"}],"wp:attachment":[{"href":"https:\/\/yhdistykset.vihreat.fi\/kemionsaaren.vihreat\/wp-json\/wp\/v2\/media?parent=403"}],"wp:term":[{"taxonomy":"category","embeddable":true,"href":"https:\/\/yhdistykset.vihreat.fi\/kemionsaaren.vihreat\/wp-json\/wp\/v2\/categories?post=403"},{"taxonomy":"post_tag","embeddable":true,"href":"https:\/\/yhdistykset.vihreat.fi\/kemionsaaren.vihreat\/wp-json\/wp\/v2\/tags?post=403"}],"curies":[{"name":"wp","href":"https:\/\/api.w.org\/{rel}","templated":true}]}}