{"id":406,"date":"2016-05-02T11:36:00","date_gmt":"2016-05-02T08:36:00","guid":{"rendered":"https:\/\/yhdistykset.vihreat.fi\/kemionsaaren.vihreat\/?p=406"},"modified":"2018-04-10T21:42:32","modified_gmt":"2018-04-10T18:42:32","slug":"solpanelen-aurinkopaneeli","status":"publish","type":"post","link":"https:\/\/yhdistykset.vihreat.fi\/kemionsaaren.vihreat\/2016\/05\/02\/solpanelen-aurinkopaneeli\/","title":{"rendered":"Solpanelen \/ Aurinkopaneeli"},"content":{"rendered":"<p><span class=\"_4n-j fsl\">De Gr\u00f6na i Kimito\u00f6n rf anordnar en diskussionstillst\u00e4llning om solenergi \u2013 v\u00e4lkommen! I tillst\u00e4llningen talar Kurt Andersson (Enegia), Samuli Ranta (SOLARLEAP), Anu Areva (SaloSolar\/Areva Solar), Kim Strandell (Strandell) och Kristian Lindroos (FSP). Efter inledningarna har man en diskussionspanel i programmet, och i slutet kan delatagarna bekanta sig med olika solenergil\u00f6sningar och med f\u00f6retagens utbud och verksamhet vid infokioskerna. Gratis kaffebjudning.<\/span><\/p>\n<p>Kemi\u00f6nsaaren Vihre\u00e4t ry j\u00e4rjest\u00e4\u00e4 keskustelutilaisuuden aurinkoenergiasta \u2013 tervetuloa mukaan! Puhujina ovat Kurt Andersson (Enegia), Samuli Ranta (SOLARLEAP), Anu Areva (SaloSolar\/Areva Solar ), Kim Strandell (Strandell) ja Kristian Lindroos (RKP). Alus<span class=\"text_exposed_show\">tusten j\u00e4lkeen ohjelmassa on keskustelupaneeli ja lopuksi osallistujilla on mahdollisuus tutustua erilaisiin aurinkoenergiaratkaisuihin<wbr><\/wbr>\u00a0ja yritysten tarjontaan ja toimintaan infokioskeilla. Kahvitarjoilu!<\/span><\/p>\n<p>Tid: L\u00f6rdagen den 14\/5 2016, kl. 13-16<br \/>\nPlats: \u00c4mbetshuset, Dalsbruk \/ Virastotalo, Taalintehdas<br \/>\nProgram:<br \/>\n13:00 Puheenjohtajan alustus: Miksi aurinkoenergiaa? Enegia, Key acount manager Kurt Andersson<br \/>\n13:15 Kohti aurinkotaloutta! SOLARLEAP, projektip\u00e4\u00e4llikk\u00f6 Samuli Ranta<br \/>\n13:45 Aurinkoenergian markkinat t\u00e4n\u00e4\u00e4n SaloSolar\/Areva Solar, Hallintojohtaja Anu Areva<br \/>\n14:15 Solenergil\u00f6sningar f\u00f6r stugor och f\u00f6retag Strandell, Kim Strandell<br \/>\n14:30 Andelslagsmodellen f\u00f6r solkraftverk. \u00c4r kommunen med? Kristian Lindroos<br \/>\n14:45 Solpaneldiskussionen: Caruna h\u00f6jde \u00f6verf\u00f6ringspriserna, och tekniken m\u00f6jligg\u00f6r redan nu kostnadseffektiva l\u00f6sningar f\u00f6r olika fastigheter. \u00c4r dagens ord off-grid eller smart-grid? Vad \u00e4r kommunens roll n\u00e4r man st\u00f6der inv\u00e5narnas energil\u00f6sningar? Vilken roll solenergin har eller borde ha i kommunens egna energil\u00f6sningar?<br \/>\nMedlemmar i panelen: Kristian Lindroos, Samuli Ranta, Anu Areva, Kim Strandell, Dan Renfors, (Tf. tillsynschef\/ Vt. valvontap\u00e4\u00e4llikk\u00f6)<br \/>\nOrdf\u00f6rande: Kurt Andersson<br \/>\n15:30 Visningar och diskussioner vid infokioskerna<br \/>\n16:00 Tillst\u00e4llningen avslutas<\/p>\n","protected":false},"excerpt":{"rendered":"<p>De Gr\u00f6na i Kimito\u00f6n rf anordnar en diskussionstillst\u00e4llning om solenergi \u2013 v\u00e4lkommen! I tillst\u00e4llningen talar Kurt Andersson (Enegia), Samuli Ranta (SOLARLEAP), Anu Areva (SaloSolar\/Areva Solar), Kim Strandell (Strandell) och Kristian Lindroos (FSP). Efter inledningarna har man en diskussionspanel i programmet, och i slutet kan delatagarna bekanta sig med olika solenergil\u00f6sningar och med f\u00f6retagens utbud och [&hellip;]<\/p>\n","protected":false},"author":859,"featured_media":0,"comment_status":"open","ping_status":"open","sticky":false,"template":"","format":"standard","meta":{"_et_pb_use_builder":"","_et_pb_old_content":"","_et_gb_content_width":"","footnotes":""},"categories":[9],"tags":[10],"class_list":["post-406","post","type-post","status-publish","format-standard","hentry","category-evenemang-tapahtumat","tag-solenergi-aurinkoenergia"],"featuredImage":"","authorName":"Sara Luotonen","term":["Evenemang \/ Tapahtumat"],"author_url":"https:\/\/yhdistykset.vihreat.fi\/kemionsaaren.vihreat\/?p=406","_links":{"self":[{"href":"https:\/\/yhdistykset.vihreat.fi\/kemionsaaren.vihreat\/wp-json\/wp\/v2\/posts\/406","targetHints":{"allow":["GET"]}}],"collection":[{"href":"https:\/\/yhdistykset.vihreat.fi\/kemionsaaren.vihreat\/wp-json\/wp\/v2\/posts"}],"about":[{"href":"https:\/\/yhdistykset.vihreat.fi\/kemionsaaren.vihreat\/wp-json\/wp\/v2\/types\/post"}],"author":[{"embeddable":true,"href":"https:\/\/yhdistykset.vihreat.fi\/kemionsaaren.vihreat\/wp-json\/wp\/v2\/users\/859"}],"replies":[{"embeddable":true,"href":"https:\/\/yhdistykset.vihreat.fi\/kemionsaaren.vihreat\/wp-json\/wp\/v2\/comments?post=406"}],"version-history":[{"count":1,"href":"https:\/\/yhdistykset.vihreat.fi\/kemionsaaren.vihreat\/wp-json\/wp\/v2\/posts\/406\/revisions"}],"predecessor-version":[{"id":407,"href":"https:\/\/yhdistykset.vihreat.fi\/kemionsaaren.vihreat\/wp-json\/wp\/v2\/posts\/406\/revisions\/407"}],"wp:attachment":[{"href":"https:\/\/yhdistykset.vihreat.fi\/kemionsaaren.vihreat\/wp-json\/wp\/v2\/media?parent=406"}],"wp:term":[{"taxonomy":"category","embeddable":true,"href":"https:\/\/yhdistykset.vihreat.fi\/kemionsaaren.vihreat\/wp-json\/wp\/v2\/categories?post=406"},{"taxonomy":"post_tag","embeddable":true,"href":"https:\/\/yhdistykset.vihreat.fi\/kemionsaaren.vihreat\/wp-json\/wp\/v2\/tags?post=406"}],"curies":[{"name":"wp","href":"https:\/\/api.w.org\/{rel}","templated":true}]}}