{"id":412,"date":"2016-02-03T15:47:42","date_gmt":"2016-02-03T13:47:42","guid":{"rendered":"https:\/\/yhdistykset.vihreat.fi\/kemionsaaren.vihreat\/?p=412"},"modified":"2018-04-10T21:50:35","modified_gmt":"2018-04-10T18:50:35","slug":"medlemsdiskussion-jasenkeskustelu","status":"publish","type":"post","link":"https:\/\/yhdistykset.vihreat.fi\/kemionsaaren.vihreat\/2016\/02\/03\/medlemsdiskussion-jasenkeskustelu\/","title":{"rendered":"Medlemsdiskussion \/ J\u00e4senkeskustelu"},"content":{"rendered":"<p><strong>S\u00f6ndag \/ Sunnuntai 28.2.2016\u00a0 kl(o) 15-17<\/strong><\/p>\n<p>Vi diskuterar bygg- och milj\u00f6lov till L\u00f6vb\u00f6le vindpark i Dalsbruks \u00e4mbetshusets m\u00f6tesrum i nedre v\u00e5ningen.<br \/>\nKeskustelemme L\u00f6vb\u00f6len tuulivoimapuiston rakennus- ja ymp\u00e4rist\u00f6luvista Taalintehtaan virastotalon alakerran kokoushuoneessa.<\/p>\n","protected":false},"excerpt":{"rendered":"<p>S\u00f6ndag \/ Sunnuntai 28.2.2016\u00a0 kl(o) 15-17 Vi diskuterar bygg- och milj\u00f6lov till L\u00f6vb\u00f6le vindpark i Dalsbruks \u00e4mbetshusets m\u00f6tesrum i nedre v\u00e5ningen. Keskustelemme L\u00f6vb\u00f6len tuulivoimapuiston rakennus- ja ymp\u00e4rist\u00f6luvista Taalintehtaan virastotalon alakerran kokoushuoneessa.<\/p>\n","protected":false},"author":859,"featured_media":0,"comment_status":"open","ping_status":"open","sticky":false,"template":"","format":"standard","meta":{"_et_pb_use_builder":"","_et_pb_old_content":"","_et_gb_content_width":"","footnotes":""},"categories":[9],"tags":[17,18,15,16],"class_list":["post-412","post","type-post","status-publish","format-standard","hentry","category-evenemang-tapahtumat","tag-bygg-och-miljolov-rakennus-ja-ymparistoluvat","tag-lovbole","tag-medlemsdiskussion-jasenkeskustelu","tag-vindpark-tuulipuisto"],"featuredImage":"","authorName":"Sara Luotonen","term":["Evenemang \/ Tapahtumat"],"author_url":"https:\/\/yhdistykset.vihreat.fi\/kemionsaaren.vihreat\/?p=412","_links":{"self":[{"href":"https:\/\/yhdistykset.vihreat.fi\/kemionsaaren.vihreat\/wp-json\/wp\/v2\/posts\/412","targetHints":{"allow":["GET"]}}],"collection":[{"href":"https:\/\/yhdistykset.vihreat.fi\/kemionsaaren.vihreat\/wp-json\/wp\/v2\/posts"}],"about":[{"href":"https:\/\/yhdistykset.vihreat.fi\/kemionsaaren.vihreat\/wp-json\/wp\/v2\/types\/post"}],"author":[{"embeddable":true,"href":"https:\/\/yhdistykset.vihreat.fi\/kemionsaaren.vihreat\/wp-json\/wp\/v2\/users\/859"}],"replies":[{"embeddable":true,"href":"https:\/\/yhdistykset.vihreat.fi\/kemionsaaren.vihreat\/wp-json\/wp\/v2\/comments?post=412"}],"version-history":[{"count":1,"href":"https:\/\/yhdistykset.vihreat.fi\/kemionsaaren.vihreat\/wp-json\/wp\/v2\/posts\/412\/revisions"}],"predecessor-version":[{"id":413,"href":"https:\/\/yhdistykset.vihreat.fi\/kemionsaaren.vihreat\/wp-json\/wp\/v2\/posts\/412\/revisions\/413"}],"wp:attachment":[{"href":"https:\/\/yhdistykset.vihreat.fi\/kemionsaaren.vihreat\/wp-json\/wp\/v2\/media?parent=412"}],"wp:term":[{"taxonomy":"category","embeddable":true,"href":"https:\/\/yhdistykset.vihreat.fi\/kemionsaaren.vihreat\/wp-json\/wp\/v2\/categories?post=412"},{"taxonomy":"post_tag","embeddable":true,"href":"https:\/\/yhdistykset.vihreat.fi\/kemionsaaren.vihreat\/wp-json\/wp\/v2\/tags?post=412"}],"curies":[{"name":"wp","href":"https:\/\/api.w.org\/{rel}","templated":true}]}}