{"id":418,"date":"2015-02-14T17:29:39","date_gmt":"2015-02-14T15:29:39","guid":{"rendered":"https:\/\/yhdistykset.vihreat.fi\/kemionsaaren.vihreat\/?p=418"},"modified":"2018-04-10T22:34:28","modified_gmt":"2018-04-10T19:34:28","slug":"var-kevat-2015","status":"publish","type":"post","link":"https:\/\/yhdistykset.vihreat.fi\/kemionsaaren.vihreat\/2015\/02\/14\/var-kevat-2015\/","title":{"rendered":"V\u00e5r \/ Kev\u00e4t 2015"},"content":{"rendered":"<h5>L\u00f6rdag \/ Lauantai 13.6.2015 10-14.30 Dalsbruk, \u00c4mbetshuset \/ Taalintehdas, Virastotalo<\/h5>\n<p>Havet och Vi! Temadag.\u00a0 F\u00f6lja med p\u00e5 Facebooken. Programmet hittar du\u00a0<a href=\"https:\/\/yhdistykset.vihreat.fi\/kemionsaaren.vihreat\/files\/2015\/05\/OhjelmaProgramMerijaMeHavetochVi.pdf\" target=\"_blank\" rel=\"noopener\">h\u00e4r<\/a><br \/>\nMeri ja Me! Teemap\u00e4iv\u00e4. Seuraa Facebookissa. Ohjelman l\u00f6yd\u00e4t\u00a0<a href=\"https:\/\/yhdistykset.vihreat.fi\/kemionsaaren.vihreat\/files\/2015\/05\/OhjelmaProgramMerijaMeHavetochVi.pdf\" target=\"_blank\" rel=\"noopener\">t\u00e4\u00e4lt\u00e4<\/a><\/p>\n<p>&nbsp;<\/p>\n<h5>Onsdag \/ Keskiviikko 15.4.2015 kl(o) 18:00 Kimito \/ Kemi\u00f6<\/h5>\n<p>V\u00e5rm\u00f6te \/ Kev\u00e4tkokous<\/p>\n<p>&nbsp;<\/p>\n<h5>Onsdag \/ Keskiviikko 1.4.2015 kl(o) 18:00 Lalla Vinde Kimito \/ Kemi\u00f6<\/h5>\n<p>Styrelsem\u00f6te \/ Hallituksen kokous<\/p>\n<p>&nbsp;<\/p>\n<h5>Onsdag \/ Keskiviikko 4.3.2015 kl(o) 18:00 Lalla Vinde Kimito \/ Kemi\u00f6<\/h5>\n<p>Gr\u00f6n kv\u00e4ll \/ Vihre\u00e4 ilta<\/p>\n","protected":false},"excerpt":{"rendered":"<p>L\u00f6rdag \/ Lauantai 13.6.2015 10-14.30 Dalsbruk, \u00c4mbetshuset \/ Taalintehdas, Virastotalo Havet och Vi! Temadag.\u00a0 F\u00f6lja med p\u00e5 Facebooken. Programmet hittar du\u00a0h\u00e4r Meri ja Me! Teemap\u00e4iv\u00e4. Seuraa Facebookissa. Ohjelman l\u00f6yd\u00e4t\u00a0t\u00e4\u00e4lt\u00e4 &nbsp; Onsdag \/ Keskiviikko 15.4.2015 kl(o) 18:00 Kimito \/ Kemi\u00f6 V\u00e5rm\u00f6te \/ Kev\u00e4tkokous &nbsp; Onsdag \/ Keskiviikko 1.4.2015 kl(o) 18:00 Lalla Vinde Kimito \/ Kemi\u00f6 Styrelsem\u00f6te [&hellip;]<\/p>\n","protected":false},"author":859,"featured_media":0,"comment_status":"open","ping_status":"open","sticky":false,"template":"","format":"standard","meta":{"_et_pb_use_builder":"","_et_pb_old_content":"","_et_gb_content_width":"","footnotes":""},"categories":[9],"tags":[35,36,11,37],"class_list":["post-418","post","type-post","status-publish","format-standard","hentry","category-evenemang-tapahtumat","tag-gron-kvall-vihrea-ilta","tag-havet-meri","tag-mote-kokous","tag-temadag-teemapaiva"],"featuredImage":"","authorName":"Sara Luotonen","term":["Evenemang \/ Tapahtumat"],"author_url":"https:\/\/yhdistykset.vihreat.fi\/kemionsaaren.vihreat\/?p=418","_links":{"self":[{"href":"https:\/\/yhdistykset.vihreat.fi\/kemionsaaren.vihreat\/wp-json\/wp\/v2\/posts\/418","targetHints":{"allow":["GET"]}}],"collection":[{"href":"https:\/\/yhdistykset.vihreat.fi\/kemionsaaren.vihreat\/wp-json\/wp\/v2\/posts"}],"about":[{"href":"https:\/\/yhdistykset.vihreat.fi\/kemionsaaren.vihreat\/wp-json\/wp\/v2\/types\/post"}],"author":[{"embeddable":true,"href":"https:\/\/yhdistykset.vihreat.fi\/kemionsaaren.vihreat\/wp-json\/wp\/v2\/users\/859"}],"replies":[{"embeddable":true,"href":"https:\/\/yhdistykset.vihreat.fi\/kemionsaaren.vihreat\/wp-json\/wp\/v2\/comments?post=418"}],"version-history":[{"count":1,"href":"https:\/\/yhdistykset.vihreat.fi\/kemionsaaren.vihreat\/wp-json\/wp\/v2\/posts\/418\/revisions"}],"predecessor-version":[{"id":419,"href":"https:\/\/yhdistykset.vihreat.fi\/kemionsaaren.vihreat\/wp-json\/wp\/v2\/posts\/418\/revisions\/419"}],"wp:attachment":[{"href":"https:\/\/yhdistykset.vihreat.fi\/kemionsaaren.vihreat\/wp-json\/wp\/v2\/media?parent=418"}],"wp:term":[{"taxonomy":"category","embeddable":true,"href":"https:\/\/yhdistykset.vihreat.fi\/kemionsaaren.vihreat\/wp-json\/wp\/v2\/categories?post=418"},{"taxonomy":"post_tag","embeddable":true,"href":"https:\/\/yhdistykset.vihreat.fi\/kemionsaaren.vihreat\/wp-json\/wp\/v2\/tags?post=418"}],"curies":[{"name":"wp","href":"https:\/\/api.w.org\/{rel}","templated":true}]}}