{"id":422,"date":"2014-01-01T01:01:08","date_gmt":"2013-12-31T23:01:08","guid":{"rendered":"https:\/\/yhdistykset.vihreat.fi\/kemionsaaren.vihreat\/?p=422"},"modified":"2018-04-10T23:15:07","modified_gmt":"2018-04-10T20:15:07","slug":"ar-vuosi-2014","status":"publish","type":"post","link":"https:\/\/yhdistykset.vihreat.fi\/kemionsaaren.vihreat\/2014\/01\/01\/ar-vuosi-2014\/","title":{"rendered":"\u00c5r \/ Vuosi 2014"},"content":{"rendered":"<h5>Onsdag \/ Keskiviikko 1.10.2014 kl(o) 18:00 Propeller gallary,\u00a0Dalsbruk\/Taalintehdas<\/h5>\n<p>Gr\u00f6n kv\u00e4ll\/ Vihre\u00e4 ilta.<\/p>\n<h5>L\u00f6rdag \/ Lauantai 13.9.2014 kl(o) 10:00\u201315:00 <a href=\"http:\/\/www.kimitoon.fi\/media\/utveckling\/pdf-filer\/septemberopen_web_oikoluettu.pdf\">September Open<\/a>,\u00a0 Dalsbruk\/Taalintehdas<\/h5>\n<p>De Gr\u00f6na i Kimito\u00f6n deltar i m\u00e4ssan. Vi finns ute, plats nr. 10!<br \/>\nKemi\u00f6nsaaren Vihre\u00e4t osallistuvat messuille. Meid\u00e4t l\u00f6yt\u00e4\u00e4 ulkoota, paikka 10!<\/p>\n<h5>Torsdag \/ Torstai 4.9.2014 kl(o) 18:00 Propeller gallary,\u00a0Dalsbruk\/Taalintehdas<\/h5>\n<p>Gr\u00f6n kv\u00e4ll \/ Vihre\u00e4 ilta.<\/p>\n<h5>Tisdag \/ Tiistai 12.8.2014 kl(o) 18:00 Lalla Vinde, Kimito\/Kemi\u00f6<\/h5>\n<p>Gr\u00f6n kv\u00e4ll \/ Vihre\u00e4 ilta.<\/p>\n<h5>Tisdag \/ Tiistai 22.7.2014 kl(o) 18:00 hos Lea \/ Lean luona<strong><br \/>\n<\/strong><\/h5>\n<p>Styrelsem\u00f6te \/ Hallituksen kokous<\/p>\n<h5>Tisdag \/ Tiistai 3.6.2014 kl(o) 18:00 Stalscafe,\u00a0Dalsbruk\/Taalintehdas<\/h5>\n<p>Gr\u00f6n kv\u00e4ll \/ Vihre\u00e4 ilta.<\/p>\n<h5>Torsdag \/ Torstai 8.5.2014 kl(o) 18:00 Ceracon, Dalsbruk \/ Taalintehdas<\/h5>\n<p>Gr\u00f6n kv\u00e4ll \/ Vihre\u00e4 ilta<\/p>\n<p>Kaffe med tilltugg kostar 5 \u20ac, anm\u00e4l dej till Satu senast torsdag f\u00f6rmiddag.<br \/>\nKahvi ja leip\u00e4 maksaa 5 \u20ac, ilmoittaudu etuk\u00e4teen Sadulle, viimeist\u00e4\u00e4n torstaina aamup\u00e4iv\u00e4ll\u00e4.<\/p>\n<h5>Fredag\/ Perjantai 2.5.2014 kl(o) 14\u201317 Torget \/ Tori, Kemi\u00f6 \/ Kimito<\/h5>\n<p>Gemensam EU-val-torg \/ Yhteinen EU-vaalitori<\/p>\n<h5>Onsdag \/ Keskiviikko 2.4.2014 kl(o) 19:00 Lalla Vinde, Kemi\u00f6 \/ Kimito<\/h5>\n<p>V\u00e5rm\u00f6te \/ Kev\u00e4tkokous<\/p>\n<h5>Onsdag \/ Keskiviikko 2.4.2014 kl(o) 18:00 Lalla Vinde, Kemi\u00f6 \/ Kimito<\/h5>\n<p>Styrelsem\u00f6te \/ Hallituksen kokous<\/p>\n<h5>Onsdag \/ Keskiviikko 18.3.2014 kl(o) 17:30 \u00c4mbetshuset, Dalsbruk \/ Virastotalo, Taalintehdas<\/h5>\n<p>Vatten-kv\u00e4ll \/ Vesi-ilta<\/p>\n<h5>M\u00e5ndag \/ Maanantai 3.3.2014<\/h5>\n<p>Motion om tv\u00e5spr\u00e5kig gymnasieundervisning i fullm\u00e4ktige \/ Aloite kaksikielisest\u00e4 lukiosta valtuustossa<\/p>\n<h5>Torsdag \/ Torstai 13.2.2014 kl(o) 18.00\u00a0hos Cati \/ Catin luona<\/h5>\n<p>Styrelsem\u00f6te \/ Hallituksen kokous<\/p>\n<h5>Tisdag \/ Tiistai 14.1.2014 kl(o) 18.00 Lalla Vinde, Kimito \/Kemi\u00f6<\/h5>\n<p>Styrelsem\u00f6te \/ Hallituksen kokous<\/p>\n<h5>M\u00e5ndag \/ Maanantai 13.1.2014<\/h5>\n<p>V\u00e5r ordf\u00f6rande Johanna Kaakinen blev vald till distriktsstyrelsen.<br \/>\nPuheenjohtajamme Johanna Kaakinen valittiin <a href=\"http:\/\/www.varsinaissuomenvihreat.fi\/hallitus\/\">piirihallitukseen<\/a>.<\/p>\n","protected":false},"excerpt":{"rendered":"<p>Onsdag \/ Keskiviikko 1.10.2014 kl(o) 18:00 Propeller gallary,\u00a0Dalsbruk\/Taalintehdas Gr\u00f6n kv\u00e4ll\/ Vihre\u00e4 ilta. L\u00f6rdag \/ Lauantai 13.9.2014 kl(o) 10:00\u201315:00 September Open,\u00a0 Dalsbruk\/Taalintehdas De Gr\u00f6na i Kimito\u00f6n deltar i m\u00e4ssan. Vi finns ute, plats nr. 10! Kemi\u00f6nsaaren Vihre\u00e4t osallistuvat messuille. Meid\u00e4t l\u00f6yt\u00e4\u00e4 ulkoota, paikka 10! Torsdag \/ Torstai 4.9.2014 kl(o) 18:00 Propeller gallary,\u00a0Dalsbruk\/Taalintehdas Gr\u00f6n kv\u00e4ll \/ Vihre\u00e4 [&hellip;]<\/p>\n","protected":false},"author":859,"featured_media":0,"comment_status":"open","ping_status":"open","sticky":false,"template":"","format":"standard","meta":{"_et_pb_use_builder":"","_et_pb_old_content":"","_et_gb_content_width":"","footnotes":""},"categories":[9],"tags":[44,49,35,46,51,11,47,50,45,48],"class_list":["post-422","post","type-post","status-publish","format-standard","hentry","category-evenemang-tapahtumat","tag-de-grona-i-egentliga-finland-varsinais-suomen-vihreat","tag-eu-val-eurovaalit-2014","tag-gron-kvall-vihrea-ilta","tag-gymnasium-lukio","tag-massa-messut","tag-mote-kokous","tag-motion-valtuustoaloite","tag-september-open","tag-tvasprakighet-kaksikielisyys","tag-vatten-vesi"],"featuredImage":"","authorName":"Sara Luotonen","term":["Evenemang \/ Tapahtumat"],"author_url":"https:\/\/yhdistykset.vihreat.fi\/kemionsaaren.vihreat\/?p=422","_links":{"self":[{"href":"https:\/\/yhdistykset.vihreat.fi\/kemionsaaren.vihreat\/wp-json\/wp\/v2\/posts\/422","targetHints":{"allow":["GET"]}}],"collection":[{"href":"https:\/\/yhdistykset.vihreat.fi\/kemionsaaren.vihreat\/wp-json\/wp\/v2\/posts"}],"about":[{"href":"https:\/\/yhdistykset.vihreat.fi\/kemionsaaren.vihreat\/wp-json\/wp\/v2\/types\/post"}],"author":[{"embeddable":true,"href":"https:\/\/yhdistykset.vihreat.fi\/kemionsaaren.vihreat\/wp-json\/wp\/v2\/users\/859"}],"replies":[{"embeddable":true,"href":"https:\/\/yhdistykset.vihreat.fi\/kemionsaaren.vihreat\/wp-json\/wp\/v2\/comments?post=422"}],"version-history":[{"count":1,"href":"https:\/\/yhdistykset.vihreat.fi\/kemionsaaren.vihreat\/wp-json\/wp\/v2\/posts\/422\/revisions"}],"predecessor-version":[{"id":423,"href":"https:\/\/yhdistykset.vihreat.fi\/kemionsaaren.vihreat\/wp-json\/wp\/v2\/posts\/422\/revisions\/423"}],"wp:attachment":[{"href":"https:\/\/yhdistykset.vihreat.fi\/kemionsaaren.vihreat\/wp-json\/wp\/v2\/media?parent=422"}],"wp:term":[{"taxonomy":"category","embeddable":true,"href":"https:\/\/yhdistykset.vihreat.fi\/kemionsaaren.vihreat\/wp-json\/wp\/v2\/categories?post=422"},{"taxonomy":"post_tag","embeddable":true,"href":"https:\/\/yhdistykset.vihreat.fi\/kemionsaaren.vihreat\/wp-json\/wp\/v2\/tags?post=422"}],"curies":[{"name":"wp","href":"https:\/\/api.w.org\/{rel}","templated":true}]}}