{"id":424,"date":"2013-01-03T13:13:30","date_gmt":"2013-01-03T11:13:30","guid":{"rendered":"https:\/\/yhdistykset.vihreat.fi\/kemionsaaren.vihreat\/?p=424"},"modified":"2018-04-10T23:31:51","modified_gmt":"2018-04-10T20:31:51","slug":"ar-vuosi-2013","status":"publish","type":"post","link":"https:\/\/yhdistykset.vihreat.fi\/kemionsaaren.vihreat\/2013\/01\/03\/ar-vuosi-2013\/","title":{"rendered":"\u00c5r \/ Vuosi 2013"},"content":{"rendered":"<h5>Tisdag \/ Tiistai 5.11.2013 kl(o) 18.00 \u00c4mbetshuset\/Virastotalo, Dalsbruk\/ Taalintehdas<\/h5>\n<p>Syyskokous \/ H\u00f6stm\u00f6te<\/p>\n<h5>Tisdag \/ Tiistai 5.11.2013 kl(o) 18.00 \u00c4mbetshuset\/Virastotale, Dalsbruk\/ Taalintehdas<\/h5>\n<p>Styrelsem\u00f6te \/ Hallituksen kokous<\/p>\n<h5>L\u00f6rdag \/ Lauantai 5.10.2013 kl(o) 10.00\u201314.30 \u00a0Villa Lande, Kimito \/ Kemi\u00f6<\/h5>\n<p><a href=\"https:\/\/www.facebook.com\/events\/199919053522833\/\">Ekoseminarum \/ Luomuseminaari<\/a><\/p>\n<p>Villa Landessa, (Engelsbyntie 8) Kemi\u00f6nsaarella \/ i Villa Lande, ( Engelsbyv\u00e4gen 8) p\u00e5 Kimito\u00f6n<\/p>\n<p><strong>Ohjelma \/ Program<\/strong><\/p>\n<p>10:00 Avaus \/ \u00d6ppning Lea R\u00e4is\u00e4nen, Kemi\u00f6nsaaren Vihre\u00e4t ry. \/ De Gr\u00f6na i Kimito\u00f6n rf.<br \/>\n10:15 Luomuviljelyn talous \/ Eko-odling och ekonomi Micaela Str\u00f6m, Eko Nu! ; Krister Hild\u00e9n, NSL<br \/>\n11:00 Luomuviljelyn tekniikka \/ Eko-odling och teknik Boris Lindg\u00e5rd, Eko-odlare \/ luomuviljelij\u00e4, Oy Ekotj\u00e4nst Lindg\u00e5rd Ab<br \/>\n12:00 Ilmainen kavitarjoilu \/ Gratis kaffe bjudning Raisio Agro<br \/>\n12:30 Ekoviljan laatu \/ Eko-spannm\u00e5lets kvalitet Minna Oravuo, Raisio Agro<br \/>\n13.00 Viljelij\u00e4n puheenvuoro \/ Jordbrukarens anf\u00f6rande Mathias Weckstr\u00f6m, Pargas<br \/>\n14:00 Lopetus \/ Avslutning Helena Fabritius, \u00c5SP \u00c5bolands Svenska producentf\u00f6rbund<\/p>\n<p>Ilmoittautumiset viimeist\u00e4\u00e4n \/ Anm\u00e4lning senast 30.9.2013<br \/>\n<a href=\"https:\/\/www.facebook.com\/lea.raisanen.9?directed_target_id=0\" data-hovercard=\"\/ajax\/hovercard\/user.php?id=611374625&amp;extragetparams=%7B%22directed_target_id%22%3A0%7D\">Lea R\u00e4is\u00e4nen<\/a>: puh. \/ tel. 040 755 10 39 tai \/ eller lea.raisanen@kitnet.fi<\/p>\n<h5>Tisdag \/ Tiistai 10.9.2013 kl(o) 18.00\u2013 Labbn\u00e4s semesterhem<\/h5>\n<p>M\u00f6te \/ Kokous<\/p>\n<h5>Fredag \/ Perjantai 2.8.2013 kl(o) 18.00\u2013 St. Karins \/ Kaarina<\/h5>\n<p>Gr\u00f6n sommartr\u00e4ff med Sk\u00e4rg\u00e5rdshavets Gr\u00f6na och \/ Vihre\u00e4 kes\u00e4tapaaminen Saaristomeren Vihreiden kanssa.<\/p>\n<h5>Fredag \/ Perjantai 24.5.2013 kl(o) 18.00\u2013 Stormossen, Dragsfj\u00e4rd<\/h5>\n<p>Skogutflykt till Dragsfj\u00e4rds Stormossen. Vi tr\u00e4ffas vid den gamla avstj\u00e4lpningsplatsen, i slutet av Kivarn\u00e4s-v\u00e4gen kl 18. Ta egen v\u00e4gkost med! <a href=\"http:\/\/kansalaisen.karttapaikka.fi\/linkki?scale=40000&amp;text=M%C3%B6tesplats+%2F+Tapaamispaikka&amp;srs=EPSG%3A3067&amp;y=6667012&amp;x=250303&amp;lang=fi\">L\u00e4nk till kartan<\/a>.<\/p>\n<p>Mets\u00e4retki Dragsfj\u00e4rdin Stormossenin alueelle, tapaaminen perjantaina klo 18 vanhalla kaatopaikalla (omat ev\u00e4\u00e4t mukaan!), Kivarn\u00e4sin tien p\u00e4\u00e4ss\u00e4. <a href=\"http:\/\/kansalaisen.karttapaikka.fi\/linkki?scale=40000&amp;text=M\u00f6tesplats+%2F+Tapaamispaikka&amp;srs=EPSG%3A3067&amp;y=6667012&amp;x=250303&amp;lang=fi\">Karttalinkki<\/a>.<\/p>\n<h5>Tisdag \/ Tiistai 21.5.2013 kl(o) (17.30) 18.00\u2013 Wrethalla, Kimito \/ Kemi\u00f6<\/h5>\n<p><a href=\"http:\/\/www.kimitoon.fi\/sv\/bygga-och-bo\/vindkraft\/aktuellt\/\" target=\"_blank\" rel=\"noopener\">Olofsg\u00e5rds vindkraftpark<\/a>\u00a0\/\u00a0<a href=\"http:\/\/www.kemionsaari.fi\/fi\/asuminen-ja-rakentaminen\/tuulivoima\/ajankohtaista\/\" target=\"_blank\" rel=\"noopener\">Olofsg\u00e5rdin tuulivoimapuisto<\/a><\/p>\n<p>Milj\u00f6konsekvensbed\u00f6mningsprogram f\u00f6r vindkrafpark inom Olofsg\u00e5rdsomr\u00e5det samt planen presenteras.<br \/>\nOlofsg\u00e5rdin tuulivoimapuistoa koskeva ymp\u00e4rist\u00f6vaikutusten arviointiohjelman ja kaavan esittely.<\/p>\n<h5>Onsdag \/ Keskiviikko 20.3.2013 kl(o) 19<\/h5>\n<p><strong>V\u00e5rm\u00f6te \/ Kev\u00e4tkokous<\/strong><\/p>\n<p>De Gr\u00f6na i Kimito\u00f6n har sit v\u00e5rm\u00f6te i Dalsbruk, \u00c4mbetshuset, Malmv\u00e4gen 2. V\u00e4lkomna!<br \/>\nStryrelsem\u00f6te f\u00f6re v\u00e5rm\u00f6tet kl 18. Ocks\u00e5 dit \u00e4r alla intresserade v\u00e4lkomna att diskutera.<\/p>\n<p><em>Tervetuloa Kemi\u00f6nsaaren Vihreiden kev\u00e4tkokoukseen kello 19 Taalintehtaan Virastotaloon!<br \/>\n<\/em><em>Hallituksen kokous ennen kev\u00e4tkokousta kello 18, my\u00f6s siihen voivat kaikki halukkaat tulla mukaan keskustelemaan.<\/em><\/p>\n<h5>Tisdag \/ Tiistai 19.3.2013 kl(o) 17\u201320 Wrethalla, Kimito \/ Kemi\u00f6<\/h5>\n<p><strong><a href=\"http:\/\/www.kimitoon.fi\/sv\/bygga-och-bo\/vindkraft\/aktuellt\/\" target=\"_blank\" rel=\"noopener\">Vindkraftdiskussionskv\u00e4ll<\/a>\u00a0\/\u00a0<a href=\"http:\/\/www.kemionsaari.fi\/fi\/asuminen-ja-rakentaminen\/tuulivoima\/ajankohtaista\/\" target=\"_blank\" rel=\"noopener\">Tuulivoimakeskusteluilta<\/a><\/strong><\/p>\n","protected":false},"excerpt":{"rendered":"<p>Tisdag \/ Tiistai 5.11.2013 kl(o) 18.00 \u00c4mbetshuset\/Virastotalo, Dalsbruk\/ Taalintehdas Syyskokous \/ H\u00f6stm\u00f6te Tisdag \/ Tiistai 5.11.2013 kl(o) 18.00 \u00c4mbetshuset\/Virastotale, Dalsbruk\/ Taalintehdas Styrelsem\u00f6te \/ Hallituksen kokous L\u00f6rdag \/ Lauantai 5.10.2013 kl(o) 10.00\u201314.30 \u00a0Villa Lande, Kimito \/ Kemi\u00f6 Ekoseminarum \/ Luomuseminaari Villa Landessa, (Engelsbyntie 8) Kemi\u00f6nsaarella \/ i Villa Lande, ( Engelsbyv\u00e4gen 8) p\u00e5 Kimito\u00f6n Ohjelma \/ [&hellip;]<\/p>\n","protected":false},"author":859,"featured_media":0,"comment_status":"open","ping_status":"open","sticky":false,"template":"","format":"standard","meta":{"_et_pb_use_builder":"","_et_pb_old_content":"","_et_gb_content_width":"","footnotes":""},"categories":[9],"tags":[53,57,43,11,56,55,54,52,16],"class_list":["post-424","post","type-post","status-publish","format-standard","hentry","category-evenemang-tapahtumat","tag-dragsfjards-stormossen","tag-eko-luomu","tag-lantbruk-maanviljely","tag-mote-kokous","tag-seminarium-seminaari","tag-skargardshavets-grona-saaristomeren-vihreat","tag-utflykt-retki","tag-vindkraft-tuulivoima","tag-vindpark-tuulipuisto"],"featuredImage":"","authorName":"Sara Luotonen","term":["Evenemang \/ Tapahtumat"],"author_url":"https:\/\/yhdistykset.vihreat.fi\/kemionsaaren.vihreat\/?p=424","_links":{"self":[{"href":"https:\/\/yhdistykset.vihreat.fi\/kemionsaaren.vihreat\/wp-json\/wp\/v2\/posts\/424","targetHints":{"allow":["GET"]}}],"collection":[{"href":"https:\/\/yhdistykset.vihreat.fi\/kemionsaaren.vihreat\/wp-json\/wp\/v2\/posts"}],"about":[{"href":"https:\/\/yhdistykset.vihreat.fi\/kemionsaaren.vihreat\/wp-json\/wp\/v2\/types\/post"}],"author":[{"embeddable":true,"href":"https:\/\/yhdistykset.vihreat.fi\/kemionsaaren.vihreat\/wp-json\/wp\/v2\/users\/859"}],"replies":[{"embeddable":true,"href":"https:\/\/yhdistykset.vihreat.fi\/kemionsaaren.vihreat\/wp-json\/wp\/v2\/comments?post=424"}],"version-history":[{"count":1,"href":"https:\/\/yhdistykset.vihreat.fi\/kemionsaaren.vihreat\/wp-json\/wp\/v2\/posts\/424\/revisions"}],"predecessor-version":[{"id":425,"href":"https:\/\/yhdistykset.vihreat.fi\/kemionsaaren.vihreat\/wp-json\/wp\/v2\/posts\/424\/revisions\/425"}],"wp:attachment":[{"href":"https:\/\/yhdistykset.vihreat.fi\/kemionsaaren.vihreat\/wp-json\/wp\/v2\/media?parent=424"}],"wp:term":[{"taxonomy":"category","embeddable":true,"href":"https:\/\/yhdistykset.vihreat.fi\/kemionsaaren.vihreat\/wp-json\/wp\/v2\/categories?post=424"},{"taxonomy":"post_tag","embeddable":true,"href":"https:\/\/yhdistykset.vihreat.fi\/kemionsaaren.vihreat\/wp-json\/wp\/v2\/tags?post=424"}],"curies":[{"name":"wp","href":"https:\/\/api.w.org\/{rel}","templated":true}]}}