{"id":491,"date":"2017-03-23T12:58:25","date_gmt":"2017-03-23T10:58:25","guid":{"rendered":"https:\/\/yhdistykset.vihreat.fi\/kemionsaaren.vihreat\/?p=491"},"modified":"2018-04-11T21:08:19","modified_gmt":"2018-04-11T18:08:19","slug":"kiertotaloudesta","status":"publish","type":"post","link":"https:\/\/yhdistykset.vihreat.fi\/kemionsaaren.vihreat\/2017\/03\/23\/kiertotaloudesta\/","title":{"rendered":"Kiertotaloudesta"},"content":{"rendered":"<p>Hei,<\/p>\n<p>huomenna lauantaina Varsinais-Suomen Vihre\u00e4t kokoontuvat Turussa keskustelemaan kiertotaloudesta.<\/p>\n<p>Ajattelin vied\u00e4 omaan ty\u00f6pajaani terveiset Kemi\u00f6nsaarelta, jossa olemme onnistuneet tuplaamaan sako- ja umpikaivolitteiden k\u00e4sittelyyn tulevan m\u00e4\u00e4r\u00e4n ker\u00e4ysj\u00e4rjestelm\u00e4n muutoksella. Muualla seudulla tilanne n\u00e4ytt\u00e4\u00e4 It\u00e4meren n\u00e4k\u00f6kulmasta synkemm\u00e4lt\u00e4, kuten LCA Consultingin tekem\u00e4 <a href=\"https:\/\/www.lsjh.fi\/fi\/itameri-tarvitsee-remontin-lietehuoltoon-lounaisessa-suomessa\/\">selvitys<\/a> osoittaa.<\/p>\n<p>Tilastotietojen rinnalle kuulen mielell\u00e4ni teid\u00e4n kokemuksia ja ajatuksia lietehuollosta, eli kerro, jos sinulla on terveisi\u00e4 Vihreille vaikuttajille teemaan liittyen!<\/p>\n<p>Terv. Miia Jylh\u00e4<\/p>\n","protected":false},"excerpt":{"rendered":"<p>Hei, huomenna lauantaina Varsinais-Suomen Vihre\u00e4t kokoontuvat Turussa keskustelemaan kiertotaloudesta. Ajattelin vied\u00e4 omaan ty\u00f6pajaani terveiset Kemi\u00f6nsaarelta, jossa olemme onnistuneet tuplaamaan sako- ja umpikaivolitteiden k\u00e4sittelyyn tulevan m\u00e4\u00e4r\u00e4n ker\u00e4ysj\u00e4rjestelm\u00e4n muutoksella. Muualla seudulla tilanne n\u00e4ytt\u00e4\u00e4 It\u00e4meren n\u00e4k\u00f6kulmasta synkemm\u00e4lt\u00e4, kuten LCA Consultingin tekem\u00e4 selvitys osoittaa. Tilastotietojen rinnalle kuulen mielell\u00e4ni teid\u00e4n kokemuksia ja ajatuksia lietehuollosta, eli kerro, jos sinulla on terveisi\u00e4 [&hellip;]<\/p>\n","protected":false},"author":859,"featured_media":0,"comment_status":"open","ping_status":"open","sticky":false,"template":"","format":"standard","meta":{"_et_pb_use_builder":"","_et_pb_old_content":"","_et_gb_content_width":"","footnotes":""},"categories":[38],"tags":[59,20,58,60],"class_list":["post-491","post","type-post","status-publish","format-standard","hentry","category-politik-politiikka","tag-cirkular-ekonomi-kiertotalous","tag-kimitoon-kemionsaari","tag-miia-jylha","tag-ostersjon-itameri"],"featuredImage":"","authorName":"Sara Luotonen","term":["Politik \/ Politiikka"],"author_url":"https:\/\/yhdistykset.vihreat.fi\/kemionsaaren.vihreat\/?p=491","_links":{"self":[{"href":"https:\/\/yhdistykset.vihreat.fi\/kemionsaaren.vihreat\/wp-json\/wp\/v2\/posts\/491","targetHints":{"allow":["GET"]}}],"collection":[{"href":"https:\/\/yhdistykset.vihreat.fi\/kemionsaaren.vihreat\/wp-json\/wp\/v2\/posts"}],"about":[{"href":"https:\/\/yhdistykset.vihreat.fi\/kemionsaaren.vihreat\/wp-json\/wp\/v2\/types\/post"}],"author":[{"embeddable":true,"href":"https:\/\/yhdistykset.vihreat.fi\/kemionsaaren.vihreat\/wp-json\/wp\/v2\/users\/859"}],"replies":[{"embeddable":true,"href":"https:\/\/yhdistykset.vihreat.fi\/kemionsaaren.vihreat\/wp-json\/wp\/v2\/comments?post=491"}],"version-history":[{"count":1,"href":"https:\/\/yhdistykset.vihreat.fi\/kemionsaaren.vihreat\/wp-json\/wp\/v2\/posts\/491\/revisions"}],"predecessor-version":[{"id":492,"href":"https:\/\/yhdistykset.vihreat.fi\/kemionsaaren.vihreat\/wp-json\/wp\/v2\/posts\/491\/revisions\/492"}],"wp:attachment":[{"href":"https:\/\/yhdistykset.vihreat.fi\/kemionsaaren.vihreat\/wp-json\/wp\/v2\/media?parent=491"}],"wp:term":[{"taxonomy":"category","embeddable":true,"href":"https:\/\/yhdistykset.vihreat.fi\/kemionsaaren.vihreat\/wp-json\/wp\/v2\/categories?post=491"},{"taxonomy":"post_tag","embeddable":true,"href":"https:\/\/yhdistykset.vihreat.fi\/kemionsaaren.vihreat\/wp-json\/wp\/v2\/tags?post=491"}],"curies":[{"name":"wp","href":"https:\/\/api.w.org\/{rel}","templated":true}]}}