{"id":495,"date":"2017-04-09T22:18:41","date_gmt":"2017-04-09T19:18:41","guid":{"rendered":"https:\/\/yhdistykset.vihreat.fi\/kemionsaaren.vihreat\/?p=495"},"modified":"2018-04-11T21:56:24","modified_gmt":"2018-04-11T18:56:24","slug":"vaali-illan-terveiset","status":"publish","type":"post","link":"https:\/\/yhdistykset.vihreat.fi\/kemionsaaren.vihreat\/2017\/04\/09\/vaali-illan-terveiset\/","title":{"rendered":"Vaali-illan terveiset"},"content":{"rendered":"<p>Kemi\u00f6nsaaren Vihreiden puheenjohtaja l\u00e4hett\u00e4\u00e4 terveiset Torsb\u00f6lest\u00e4 vaalivalvojaisista kaikille kannattajille:<\/p>\n<p>\u201dPositiivinen ja yhteisty\u00f6t\u00e4 rakentava kampanjamme kasvatti hienosti Kemi\u00f6nsaaren vihreiden saamaa \u00e4\u00e4nim\u00e4\u00e4r\u00e4\u00e4 edellisiin vaaleihin verrattuna! Harmittavaa kuitenkin, ett\u00e4 tavoitteena ollut toinen paikka j\u00e4i saavuttamatta. Kiitoksia kaikille ehdokkaille mahtavasta ty\u00f6st\u00e4 ja yhteishengest\u00e4, ja totta kai erityiskiitos kaikille \u00e4\u00e4nest\u00e4jille!<\/p>\n<p>Onnittelemme RKP:t\u00e4 vaalivoi<span class=\"text_exposed_show\">tosta, he ylsiv\u00e4t komeaan tulokseen vetovoimaisen k\u00e4rkiehdokkaan johdolla. Olimme vaalien toinen voittaja, lis\u00e4simme \u00e4\u00e4nim\u00e4\u00e4r\u00e4\u00e4mme 1,6 prosentilla edellisiin kuntavaaleihin verrattuna. Iloitsemme tietysti samalla Vihreiden valtakunnallisesta huikeasta noususta!\u201d<\/span><\/p>\n<div class=\"text_exposed_show\">\n<p>T\u00e4m\u00e4n tuloksen turvin Eija Lang jatkaa ty\u00f6t\u00e4\u00e4n valtuustossa, rinnallaan valtuustoryhm\u00e4ss\u00e4 varavaltuutettuina Johanna Kaakinen ja Gunilla Avell\u00e1n. Ota rohkeasti yhteytt\u00e4, jatketaan yhdess\u00e4 ty\u00f6t\u00e4 vihre\u00e4mm\u00e4n Kemi\u00f6nsaaren rakentamiseksi!<\/p>\n<\/div>\n","protected":false},"excerpt":{"rendered":"<p>Kemi\u00f6nsaaren Vihreiden puheenjohtaja l\u00e4hett\u00e4\u00e4 terveiset Torsb\u00f6lest\u00e4 vaalivalvojaisista kaikille kannattajille: \u201dPositiivinen ja yhteisty\u00f6t\u00e4 rakentava kampanjamme kasvatti hienosti Kemi\u00f6nsaaren vihreiden saamaa \u00e4\u00e4nim\u00e4\u00e4r\u00e4\u00e4 edellisiin vaaleihin verrattuna! Harmittavaa kuitenkin, ett\u00e4 tavoitteena ollut toinen paikka j\u00e4i saavuttamatta. Kiitoksia kaikille ehdokkaille mahtavasta ty\u00f6st\u00e4 ja yhteishengest\u00e4, ja totta kai erityiskiitos kaikille \u00e4\u00e4nest\u00e4jille! Onnittelemme RKP:t\u00e4 vaalivoitosta, he ylsiv\u00e4t komeaan tulokseen vetovoimaisen k\u00e4rkiehdokkaan johdolla. [&hellip;]<\/p>\n","protected":false},"author":859,"featured_media":0,"comment_status":"open","ping_status":"open","sticky":false,"template":"","format":"standard","meta":{"_et_pb_use_builder":"","_et_pb_old_content":"","_et_gb_content_width":"","footnotes":""},"categories":[1],"tags":[34,64,63,20,8,65],"class_list":["post-495","post","type-post","status-publish","format-standard","hentry","category-tiedotteet","tag-eija-lang","tag-gunilla-avellan","tag-johanna-kaakinen","tag-kimitoon-kemionsaari","tag-kommunalval-kuntavaalit-2017","tag-sfp-rkp"],"featuredImage":"","authorName":"Sara Luotonen","term":["Meddelanden \/ Tiedotteet"],"author_url":"https:\/\/yhdistykset.vihreat.fi\/kemionsaaren.vihreat\/?p=495","_links":{"self":[{"href":"https:\/\/yhdistykset.vihreat.fi\/kemionsaaren.vihreat\/wp-json\/wp\/v2\/posts\/495","targetHints":{"allow":["GET"]}}],"collection":[{"href":"https:\/\/yhdistykset.vihreat.fi\/kemionsaaren.vihreat\/wp-json\/wp\/v2\/posts"}],"about":[{"href":"https:\/\/yhdistykset.vihreat.fi\/kemionsaaren.vihreat\/wp-json\/wp\/v2\/types\/post"}],"author":[{"embeddable":true,"href":"https:\/\/yhdistykset.vihreat.fi\/kemionsaaren.vihreat\/wp-json\/wp\/v2\/users\/859"}],"replies":[{"embeddable":true,"href":"https:\/\/yhdistykset.vihreat.fi\/kemionsaaren.vihreat\/wp-json\/wp\/v2\/comments?post=495"}],"version-history":[{"count":1,"href":"https:\/\/yhdistykset.vihreat.fi\/kemionsaaren.vihreat\/wp-json\/wp\/v2\/posts\/495\/revisions"}],"predecessor-version":[{"id":496,"href":"https:\/\/yhdistykset.vihreat.fi\/kemionsaaren.vihreat\/wp-json\/wp\/v2\/posts\/495\/revisions\/496"}],"wp:attachment":[{"href":"https:\/\/yhdistykset.vihreat.fi\/kemionsaaren.vihreat\/wp-json\/wp\/v2\/media?parent=495"}],"wp:term":[{"taxonomy":"category","embeddable":true,"href":"https:\/\/yhdistykset.vihreat.fi\/kemionsaaren.vihreat\/wp-json\/wp\/v2\/categories?post=495"},{"taxonomy":"post_tag","embeddable":true,"href":"https:\/\/yhdistykset.vihreat.fi\/kemionsaaren.vihreat\/wp-json\/wp\/v2\/tags?post=495"}],"curies":[{"name":"wp","href":"https:\/\/api.w.org\/{rel}","templated":true}]}}