{"id":497,"date":"2017-04-08T14:58:11","date_gmt":"2017-04-08T11:58:11","guid":{"rendered":"https:\/\/yhdistykset.vihreat.fi\/kemionsaaren.vihreat\/?p=497"},"modified":"2018-04-11T23:09:43","modified_gmt":"2018-04-11T20:09:43","slug":"yksi-yo-vaaleihin-on","status":"publish","type":"post","link":"https:\/\/yhdistykset.vihreat.fi\/kemionsaaren.vihreat\/2017\/04\/08\/yksi-yo-vaaleihin-on\/","title":{"rendered":"Yksi y\u00f6 vaaleihin on. . ."},"content":{"rendered":"<p>\u201dRiippumatta siit\u00e4, miten huomenna k\u00e4y, niin Vihre\u00e4t arvot ovat voittaneet jo nyt kampanjan aikana!\u201d puheenjohtaja Lea iloitsee. \u201dOlemme tuoneet t\u00e4rkeimm\u00e4t teemamme; ymp\u00e4rist\u00f6n, tasa-arvon, avoimuuden ja osallisuuden n\u00e4kyv\u00e4sti ja positiivisesti esille keskusteluissa. Ennakko\u00e4\u00e4nestysprosentti kotikunnassamme oli jo valtakunnallisesti eritt\u00e4in korkea, toivottavasti loputkin asukkaat haluavat kertoa oman mielipiteens\u00e4 huomenna!\u201d<\/p>\n<p>Anu arvioi kunnan poliittista ilmapiiri\u00e4 uuden asu<span class=\"text_exposed_show\">kkaan silmin: \u201dOlen kuullut todella monen arvostelevan kunnan aiempaa p\u00e4\u00e4t\u00f6ksentekoa kabinettipolitiikaksi tai hyv\u00e4-veli-kerhoksi, jossa demokratia joskus kyseenalaistuu. Nyt kampanjan aikana useat ihmiset ovat tulleet vaalitilaisuuksissa kiitt\u00e4m\u00e4\u00e4n, miten me Vihre\u00e4t olemme tuoneet kuntapolitiikkaan mukaan raikkaan tuulahduksen avoimuutta ja uudenlaista yhteisty\u00f6t\u00e4.\u201d<\/span><\/p>\n<p>Yhteisty\u00f6ll\u00e4 tosiaan aloitettiinkin: k\u00e4ynnistimme kampanjoinnin varaamalla K-Kompassin asukkaiden kohtauspaikaksi ja kutsuimme kaikki puolueet mukaan. Osalla resurssit antoivat my\u00f6ten, ja nelj\u00e4n puolueen voimin keskustelimme yhdess\u00e4 kuntalaisten ja tietysti my\u00f6s toisten ehdokkaiden kanssa Politiikan pop up -tapahtumassa kymmenen p\u00e4iv\u00e4n ajan. Jatkoa seurasi Taalintehtaan torilla, jossa lauantaisin kampanjoitiin yhteistuumin.<\/p>\n<p>Siltojen rakentaminen oli teemana Taalintehtaalla my\u00f6s viime viikon perjantaina, kun ulkoministerin erityisedusta ja presidenttiehdokas Pekka Haavisto Kemi\u00f6nsaaren Vihreiden kutsumana veti tuvan t\u00e4yteen keskustelijoita alustaen aiheesta \u201dKonfliktien ratkaisemisesta\u201d. Kulttuurien v\u00e4linen vuorovaikutus ja pakolaisten kotouttaminen ovat l\u00e4hell\u00e4 Samin syd\u00e4nt\u00e4: \u201dPaikkakunnan nuoret ottivat tilaisuudessa mahtavan aktiivisesti kantaa suvaitsevaisuuden ja yhteis\u00f6llisyyden puolesta! Hienoa, ett\u00e4 my\u00f6s alueen lehdet jatkoivat keskustelua esille nostamistamme teemoista, kieli-ilmapiirist\u00e4 ja koulujen yhteisty\u00f6st\u00e4.\u201d<\/p>\n<p>Ilmeisesti Kompassin Pop up oli onnistunut kokemus my\u00f6s muiden mielest\u00e4, sill\u00e4 RKP tarjosi kaikille puolueille jatkoajan: Politiikan pop-up palasi paikalle l\u00e4hes kaikkien puolueiden ja ryhmien voimin nyt keskiviikosta lauantaihin saakka. Kurt ja Moha ideoivat ja toteuttivat tapahtumaan Livestream -videoinnin, jonka avulla viel\u00e4 useampi kuntalainen p\u00e4\u00e4sisi osallistumaan keskusteluun. \u201dKaikki eiv\u00e4t enn\u00e4t\u00e4, p\u00e4\u00e4se tai ehk\u00e4 uskallakaan tulla paikanp\u00e4\u00e4lle juttelemaan. Video tuo vaaliteemat ja ryhmien n\u00e4kemykset itselle sopivaan aikaan kotisohvalle. Aika loppui t\u00e4ll\u00e4 kertaa kesken, mutta seuraavia vaaleja varten voisimme yhdess\u00e4 mietti\u00e4, miten videoyhteys saataisiin viel\u00e4 helpommin my\u00f6s esimerkiksi palveluasumisen asiakkaille k\u00e4ytt\u00f6\u00f6n.\u201d Kurt pohtii ja muistuttaa, ett\u00e4 Livestream -l\u00e4hetys jatkuu t\u00e4n\u00e4\u00e4n kello 14 alkaen. Mist\u00e4 aiheesta sin\u00e4 haluaisit kuulla ehdokkaiden mielipiteit\u00e4?<\/p>\n<p>Viel\u00e4 on yksi p\u00e4iv\u00e4 aikaa mietti\u00e4, kuka on sinulle se kaikkein sopivin valinta. Vihre\u00e4mpi Kemi\u00f6nsaari on mahdollinen, kunhan k\u00e4yt\u00e4t \u00e4\u00e4nt\u00e4si!<\/p>\n<p><img loading=\"lazy\" decoding=\"async\" class=\"aligncenter size-full wp-image-498\" src=\"https:\/\/yhdistykset.vihreat.fi\/kemionsaaren.vihreat\/files\/2018\/04\/Yhteiskuva.jpg\" alt=\"\" width=\"960\" height=\"738\" srcset=\"https:\/\/yhdistykset.vihreat.fi\/kemionsaaren.vihreat\/files\/2018\/04\/Yhteiskuva.jpg 960w, https:\/\/yhdistykset.vihreat.fi\/kemionsaaren.vihreat\/files\/2018\/04\/Yhteiskuva-300x231.jpg 300w, https:\/\/yhdistykset.vihreat.fi\/kemionsaaren.vihreat\/files\/2018\/04\/Yhteiskuva-768x590.jpg 768w\" sizes=\"auto, (max-width: 960px) 100vw, 960px\" \/><\/p>\n","protected":false},"excerpt":{"rendered":"<p>\u201dRiippumatta siit\u00e4, miten huomenna k\u00e4y, niin Vihre\u00e4t arvot ovat voittaneet jo nyt kampanjan aikana!\u201d puheenjohtaja Lea iloitsee. \u201dOlemme tuoneet t\u00e4rkeimm\u00e4t teemamme; ymp\u00e4rist\u00f6n, tasa-arvon, avoimuuden ja osallisuuden n\u00e4kyv\u00e4sti ja positiivisesti esille keskusteluissa. Ennakko\u00e4\u00e4nestysprosentti kotikunnassamme oli jo valtakunnallisesti eritt\u00e4in korkea, toivottavasti loputkin asukkaat haluavat kertoa oman mielipiteens\u00e4 huomenna!\u201d Anu arvioi kunnan poliittista ilmapiiri\u00e4 uuden asukkaan silmin: \u201dOlen [&hellip;]<\/p>\n","protected":false},"author":859,"featured_media":0,"comment_status":"open","ping_status":"open","sticky":false,"template":"","format":"standard","meta":{"_et_pb_use_builder":"","_et_pb_old_content":"","_et_gb_content_width":"","footnotes":""},"categories":[1],"tags":[69,13,71,67,8,74,66,33,75,68,61,70,72,73],"class_list":["post-497","post","type-post","status-publish","format-standard","hentry","category-tiedotteet","tag-anu-taivainen","tag-de-grona-vihreat","tag-flyktingskap-pakolaisuus","tag-jamlikhet-tasa-arvo","tag-kommunalval-kuntavaalit-2017","tag-kurt-andersson","tag-lea-raisanen","tag-miljo-ymparisto","tag-mohanjith-sudirikku-hannadige","tag-oppenhet-avoimuus","tag-pekka-haavisto","tag-sami-siitojoki","tag-social-integration-kotouttaminen","tag-tolerans-suvaitsevaisuus"],"featuredImage":"","authorName":"Sara Luotonen","term":["Meddelanden \/ Tiedotteet"],"author_url":"https:\/\/yhdistykset.vihreat.fi\/kemionsaaren.vihreat\/?p=497","_links":{"self":[{"href":"https:\/\/yhdistykset.vihreat.fi\/kemionsaaren.vihreat\/wp-json\/wp\/v2\/posts\/497","targetHints":{"allow":["GET"]}}],"collection":[{"href":"https:\/\/yhdistykset.vihreat.fi\/kemionsaaren.vihreat\/wp-json\/wp\/v2\/posts"}],"about":[{"href":"https:\/\/yhdistykset.vihreat.fi\/kemionsaaren.vihreat\/wp-json\/wp\/v2\/types\/post"}],"author":[{"embeddable":true,"href":"https:\/\/yhdistykset.vihreat.fi\/kemionsaaren.vihreat\/wp-json\/wp\/v2\/users\/859"}],"replies":[{"embeddable":true,"href":"https:\/\/yhdistykset.vihreat.fi\/kemionsaaren.vihreat\/wp-json\/wp\/v2\/comments?post=497"}],"version-history":[{"count":1,"href":"https:\/\/yhdistykset.vihreat.fi\/kemionsaaren.vihreat\/wp-json\/wp\/v2\/posts\/497\/revisions"}],"predecessor-version":[{"id":499,"href":"https:\/\/yhdistykset.vihreat.fi\/kemionsaaren.vihreat\/wp-json\/wp\/v2\/posts\/497\/revisions\/499"}],"wp:attachment":[{"href":"https:\/\/yhdistykset.vihreat.fi\/kemionsaaren.vihreat\/wp-json\/wp\/v2\/media?parent=497"}],"wp:term":[{"taxonomy":"category","embeddable":true,"href":"https:\/\/yhdistykset.vihreat.fi\/kemionsaaren.vihreat\/wp-json\/wp\/v2\/categories?post=497"},{"taxonomy":"post_tag","embeddable":true,"href":"https:\/\/yhdistykset.vihreat.fi\/kemionsaaren.vihreat\/wp-json\/wp\/v2\/tags?post=497"}],"curies":[{"name":"wp","href":"https:\/\/api.w.org\/{rel}","templated":true}]}}