{"id":585,"date":"2021-08-06T14:17:33","date_gmt":"2021-08-06T11:17:33","guid":{"rendered":"https:\/\/yhdistykset.vihreat.fi\/kemionsaaren.vihreat\/?p=585"},"modified":"2021-08-06T14:17:33","modified_gmt":"2021-08-06T11:17:33","slug":"72-vuotias-untuvikko-astelee-politiikkaan","status":"publish","type":"post","link":"https:\/\/yhdistykset.vihreat.fi\/kemionsaaren.vihreat\/2021\/08\/06\/72-vuotias-untuvikko-astelee-politiikkaan\/","title":{"rendered":"72-vuotias untuvikko astelee politiikkaan"},"content":{"rendered":"<p>Helmikuussa 2021 se alkoi.<\/p>\n<p>\u201dOlen liian vanha, ei ole minua varten!\u201d<\/p>\n<p>Jokin kysymyksess\u00e4 j\u00e4i askarruttamaan, y\u00f6ll\u00e4kin tuli ideoita, mukaan menem\u00e4ll\u00e4 voisin ker\u00e4t\u00e4 vihreille joitakin \u00e4\u00e4ni\u00e4.  Uniel\u00e4m\u00e4 toi slouganinkin: El\u00e4m\u00e4n puolesta , -yhdess\u00e4!<\/p>\n<p>Ihmistapaamiset olivat koronan vuoksi kortilla, netiss\u00e4 saattoi kirjoitella ja mainosten jako Taalintehtaalla tuntui pohkeissa ja samalla uskomattoman hienot asuinpaikat puutarhoineen tulivat tutuiksi.  Kolme kertaa kiersimme Gunillan kanssa samat postilaatikot, samat kerrostaloportaat, jokaisella talolla oma tunnelmansa, jopa porrask\u00e4yt\u00e4v\u00e4ll\u00e4kin.<\/p>\n<p>Kev\u00e4\u00e4n seuranta, valokuvaus, lukeminen, kirjoittaminen, kaikki n\u00e4m\u00e4 k\u00e4rsiv\u00e4t niukkuudesta.  Tilalle tuli vaaliohjelman laatimista, ryhm\u00e4kokouksia, opiskelua, zoom-kokouksia, videon kuvaustakin harjoiteltiin.  Varsinais-Suomen liitto tarjosi koulutusta samoin Vihre\u00e4t.  Hullua kyll\u00e4 uusien asioiden opiskelu tuntui virkist\u00e4v\u00e4lt\u00e4, vaikka vaalien lykk\u00e4\u00e4minen teki kev\u00e4\u00e4st\u00e4 todella pitk\u00e4n.  Vaalivalvojaisiin ostin kaksi t\u00e4ytekakkua, mutta illan l\u00e4hestyess\u00e4 varhainen nukkumaan meno tuntui paljon houkuttelevammalta ja j\u00e4in kotiin.  Juuri y\u00f6unille menness\u00e4 mies kurkisti paikallisia vaalituloksia ja ei todellakaan voi olla totta, hyv\u00e4sti rauhallinen makea uni, ei sen noin pit\u00e4nyt menn\u00e4!  Olin tullut valituksi valtuustoon Vihreiden edustajana. <\/p>\n<p>Opiskeluun tuli uusi perusteellisempi ote, valtuustoryhm\u00e4n ja teknisen vaaliliiton perustaminen, vanha tulostin hajosi Kuntalakia pursuttaessaan.  Kuntalaki antoi raamit tulevaan, sielt\u00e4 tuli tieto, ett\u00e4 valtuuston vanhimpana avaan ensimm\u00e4isen kokouksen, min\u00e4 untuvikko, joka en ole koskaan ollut politiikassa, mutta ihmisi\u00e4 ja kokouksia on el\u00e4m\u00e4ss\u00e4ni ollu todella runsaasti.<\/p>\n<p>Ensimm\u00e4inen valtuustokokous alkoi vaivata mielt\u00e4ni ja n\u00e4ihin mietteisiin aamulla her\u00e4tess\u00e4ni p\u00e4\u00e4tin, ett\u00e4 t\u00e4st\u00e4 on teht\u00e4v\u00e4 loppu.  Heti aamukahvin j\u00e4lkeen kirjoitin tulevan valtuuston avaussanat 9 p\u00e4iv\u00e4\u00e4 ennen kokoontumista:<\/p>\n<p>Aina, kun kouluvuosi elokuussa alkoi, tunsin riemua uudesta mahdollisuudesta.  Ty\u00f6n saattoi j\u00e4lleen kerran, kertoja oli 40, aloittaa alusta, puhtaalta p\u00f6yd\u00e4lt\u00e4, uusin voimin.<\/p>\n<p>Uusi valtuusto, uusi tilanne sosiaali- ja terveysalalla, Kemi\u00f6nsaari kuntana ja osana Turunmaan saaristoa, -kaikki n\u00e4m\u00e4 tarjoavat erinomaisia MAHDOLLISUUKSIA!!<\/p>\n<p>Ihminen ei voi el\u00e4m\u00e4ss\u00e4\u00e4n itse p\u00e4\u00e4tt\u00e4\u00e4 kaikkea mit\u00e4 vastaansa saa, mutta h\u00e4n voi voimiensa mukaan p\u00e4\u00e4tt\u00e4\u00e4 miten h\u00e4n kohtaamiinsa asioihin suhtautuu.<\/p>\n<p>Samoin kunta asukkaineen, virkamiehineen ja valtuutettuineen voi p\u00e4\u00e4tt\u00e4\u00e4 n\u00e4keek\u00f6 vastassa olevan mahdollisuutena.<\/p>\n<p>Tulevaisuus syntyy valinnoista, tavasta kohdata vastaan tuleva.  N\u00e4emmek\u00f6 vastoink\u00e4ymisi\u00e4 ja vihollisuuksia vai mahdollisuuksia ja kumppaneita.  <\/p>\n<p>Kunnan kehitys ja tulevaisuus rakentuvat yhteisty\u00f6n\u00e4.<\/p>\n<p>&#8211; Marianne Jokinen &#8211; <\/p>\n","protected":false},"excerpt":{"rendered":"<p>Tulevaisuus syntyy valinnoista, tavasta kohdata vastaan tuleva.  N\u00e4emmek\u00f6 vastoink\u00e4ymisi\u00e4 ja vihollisuuksia vai mahdollisuuksia ja kumppaneita.<\/p>\n","protected":false},"author":704,"featured_media":0,"comment_status":"open","ping_status":"open","sticky":false,"template":"","format":"standard","meta":{"_et_pb_use_builder":"","_et_pb_old_content":"","_et_gb_content_width":"","footnotes":""},"categories":[1],"tags":[],"class_list":["post-585","post","type-post","status-publish","format-standard","hentry","category-tiedotteet"],"featuredImage":"","authorName":"Johanna Kaakinen","term":["Meddelanden \/ Tiedotteet"],"author_url":"https:\/\/yhdistykset.vihreat.fi\/kemionsaaren.vihreat\/?p=585","_links":{"self":[{"href":"https:\/\/yhdistykset.vihreat.fi\/kemionsaaren.vihreat\/wp-json\/wp\/v2\/posts\/585","targetHints":{"allow":["GET"]}}],"collection":[{"href":"https:\/\/yhdistykset.vihreat.fi\/kemionsaaren.vihreat\/wp-json\/wp\/v2\/posts"}],"about":[{"href":"https:\/\/yhdistykset.vihreat.fi\/kemionsaaren.vihreat\/wp-json\/wp\/v2\/types\/post"}],"author":[{"embeddable":true,"href":"https:\/\/yhdistykset.vihreat.fi\/kemionsaaren.vihreat\/wp-json\/wp\/v2\/users\/704"}],"replies":[{"embeddable":true,"href":"https:\/\/yhdistykset.vihreat.fi\/kemionsaaren.vihreat\/wp-json\/wp\/v2\/comments?post=585"}],"version-history":[{"count":2,"href":"https:\/\/yhdistykset.vihreat.fi\/kemionsaaren.vihreat\/wp-json\/wp\/v2\/posts\/585\/revisions"}],"predecessor-version":[{"id":587,"href":"https:\/\/yhdistykset.vihreat.fi\/kemionsaaren.vihreat\/wp-json\/wp\/v2\/posts\/585\/revisions\/587"}],"wp:attachment":[{"href":"https:\/\/yhdistykset.vihreat.fi\/kemionsaaren.vihreat\/wp-json\/wp\/v2\/media?parent=585"}],"wp:term":[{"taxonomy":"category","embeddable":true,"href":"https:\/\/yhdistykset.vihreat.fi\/kemionsaaren.vihreat\/wp-json\/wp\/v2\/categories?post=585"},{"taxonomy":"post_tag","embeddable":true,"href":"https:\/\/yhdistykset.vihreat.fi\/kemionsaaren.vihreat\/wp-json\/wp\/v2\/tags?post=585"}],"curies":[{"name":"wp","href":"https:\/\/api.w.org\/{rel}","templated":true}]}}