{"id":676,"date":"2022-04-11T21:18:56","date_gmt":"2022-04-11T18:18:56","guid":{"rendered":"https:\/\/yhdistykset.vihreat.fi\/kemionsaaren.vihreat\/?p=676"},"modified":"2023-03-23T20:12:25","modified_gmt":"2023-03-23T18:12:25","slug":"vaikkyyko-kuntamme-metsien-ylla-tummia-pilvia","status":"publish","type":"post","link":"https:\/\/yhdistykset.vihreat.fi\/kemionsaaren.vihreat\/2022\/04\/11\/vaikkyyko-kuntamme-metsien-ylla-tummia-pilvia\/","title":{"rendered":"V\u00e4ikkyyk\u00f6 kuntamme metsien yll\u00e4 tummia pilvi\u00e4?"},"content":{"rendered":"<p align=\"left\"><span style=\"color: #050505;\"><span style=\"font-family: inherit;\"><span style=\"font-size: medium;\"><a href=\"https:\/\/yhdistykset.vihreat.fi\/kemionsaaren.vihreat\/files\/2022\/04\/IMG_20190603_220804.png\"><img loading=\"lazy\" decoding=\"async\" class=\"size-large wp-image-681 aligncenter\" src=\"https:\/\/yhdistykset.vihreat.fi\/kemionsaaren.vihreat\/files\/2022\/04\/IMG_20190603_220804-1024x226.png\" alt=\"\" width=\"1024\" height=\"226\" srcset=\"https:\/\/yhdistykset.vihreat.fi\/kemionsaaren.vihreat\/files\/2022\/04\/IMG_20190603_220804-980x216.png 980w, https:\/\/yhdistykset.vihreat.fi\/kemionsaaren.vihreat\/files\/2022\/04\/IMG_20190603_220804-480x106.png 480w\" sizes=\"auto, (min-width: 0px) and (max-width: 480px) 480px, (min-width: 481px) and (max-width: 980px) 980px, (min-width: 981px) 1024px, 100vw\" \/><\/a><\/span><\/span><\/span><\/p>\n<p>Nyt ollaan j\u00e4nn\u00e4n \u00e4\u00e4rell\u00e4.<\/p>\n<p>T\u00e4n\u00e4\u00e4n j\u00e4tettiin kaksi varsin vastakkaista aloitetta kunnan metsist\u00e4. Meid\u00e4n Marianne Jokinen ehdotti, ett\u00e4 &#8221;kunta suojelee kaikki yli satavuotiaat mets\u00e4ns\u00e4 sek\u00e4 kunnan mets\u00e4t, jotka t\u00e4ytt\u00e4v\u00e4t Metso -ohjelman edellytykset samoin kuin l\u00e4himets\u00e4t laissa s\u00e4\u00e4detyll\u00e4 tavalla&#8221;<br \/>\nja<br \/>\n&#8221;My\u00f6s niin sanotut virkistysmets\u00e4t tulee suojella, kuten Kemi\u00f6n keskustan pohjoispuoliset mets\u00e4t&#8221;<br \/>\nsek\u00e4<br \/>\n&#8221;Se osa kunnan muista metsist\u00e4, joka soveltuu jatkuvaan kasvatukseen, tulee hoitaa t\u00e4m\u00e4n menetelm\u00e4n mukaisesti.&#8221;<\/p>\n<p>SFP:n Niklas Salminen aloittaa toteamalla, ett\u00e4 kunnan metsien hoidossa on puutteita. T\u00e4st\u00e4 olemme aivan samaa mielt\u00e4. H\u00e4nen mukaansa kunnan mets\u00e4t kasvavat vuodessa noin 2 400 m3, josta voisi saada l\u00e4hes 100 000 euroa, vuosittain. T\u00e4m\u00e4 on jonkinmoisessa ristiriidassa viime vuonna k\u00e4sittelyss\u00e4 olleen mets\u00e4nhoito-ohjelman kanssa, jossa keskim\u00e4\u00e4r\u00e4inen vuosittainen nettotulos kunnalle olisi 60 000 \u20ac. Kuka on oikeassa? Niklas ehdottaa aloitteessaan, ett\u00e4 kunnan metsi\u00e4 varten teht\u00e4isiin mets\u00e4nhoitosopimus, jonka avulla kunnan metsien toimet suunnittelusta hakkuisiin voidaan ulkoistaa. Suunnitelmia on nyt jo v\u00e4\u00e4nnetty useamman vuoden, hakkuut tullan joka tapuaksessa k\u00e4sitt\u00e4\u00e4kseni ulkoistamaan.<\/p>\n<p>Nyt on mielenkiintoista n\u00e4hd\u00e4, mink\u00e4laista keskustelua ilmeisesti ihan l\u00e4hitulevaisuudessa j\u00e4rjestett\u00e4v\u00e4ss\u00e4 kuntalaistilaisuudessa kunnan metsien hoidosta k\u00e4yd\u00e4\u00e4n ja mink\u00e4laiseen lopputulokseen p\u00e4\u00e4dyt\u00e4\u00e4n. Samallahan meill\u00e4 on menossa ymp\u00e4rist\u00f6ohjelman p\u00e4ivitys, johon mets\u00e4-asiat tietysti kuuluvat useallakin tavalla: monimuotoisuus, hiilinielu jne. Ja se viime vuonna hyv\u00e4ksytt\u00e4m\u00e4tt\u00e4 j\u00e4\u00e4nyt mts\u00e4nhoito-ohjelma on kuulemma jo valmiina, mutta milloin se tulee teknisen lautakunnan k\u00e4sitelt\u00e4v\u00e4ksi, siit\u00e4 ei saa selv\u00e4\u00e4 vastausta. N\u00e4m\u00e4h\u00e4n t\u00e4ytyy tietysti synkronoida, ettei mets\u00e4nhoito-ohjelmassa p\u00e4\u00e4stet\u00e4 jotain muuta kuin ymp\u00e4rist\u00f6ohjelmaan on laitettu.<\/p>\n<p>Joka tapauksessa ymp\u00e4rist\u00f6- ja luontoasioiden hoito kunnassamme tulee nostaa niille kuuluvalle paikalle, senh\u00e4n vaatii jo lakikin (pyk\u00e4l\u00e4 6 , Laki kuntien ymp\u00e4rist\u00f6nsuojelun hallinnosta). My\u00f6s resursseja on lis\u00e4tt\u00e4v\u00e4, niin rahaa kuin henkil\u00f6st\u00f6\u00e4. Ja luotava sujuva yhteisty\u00f6 erilaisten yhdistysten ja kunnan v\u00e4lill\u00e4 hoitamaan ja ideoimaan luonto- ja ymp\u00e4rist\u00f6tekoja. Tulossa oleva organisaatiouudistus on mit\u00e4 mainioin ajankohta tehd\u00e4 t\u00e4m\u00e4.<\/p>\n<p>Odotamme siis mielenkiinnolla kutsua mets\u00e4keskustelutilaisuuteen sek\u00e4 mink\u00e4lainen esitys ymp\u00e4rist\u00f6ohjelmasta on tulossa teknisen lautakunnan k\u00e4sittelyyn 19.4.22.<\/p>\n<p>&#8211; Satu Zwerver &#8211;<\/p>\n<p><em><strong>!!! !!! 12.4.22. 9:56.<\/strong><\/em><br \/>\n<em><strong>Juuri tulleen tiedon mukaan tekninen ei pid\u00e4 kokousta 19.4., koska kiireellisi\u00e4 asioita ei ole. Ohjelma menee nyt suoraan hallitukselle. Minusta t\u00e4m\u00e4 aiheuttaa demokratiavajeen. Kuntalaisilla ei nyt ole mahdollisuutta tutustua ohjelmatekstiin t\u00e4ss\u00e4 vaiheessa ja ottaa yhteytt\u00e4 poliitikoihin, jotta tekstiin viel\u00e4 voitaisiin tarvittaessa vaikuttaa. Yksi vaikuttamistaso otetaan pois. Olisiko mahdollista siirt\u00e4\u00e4 toukokuun teknisen kokous kahta-kolmea viikkoa aikaisemmaksi, niin ett\u00e4 se olisi ennen hallituksen kokousta, jossa ymp\u00e4rist\u00f6ohjelma k\u00e4sitell\u00e4\u00e4n?\u00a0 \u00a0!!!\u00a0 !!!<\/strong><\/em><\/p>\n","protected":false},"excerpt":{"rendered":"<p>Nyt ollaan j\u00e4nn\u00e4n \u00e4\u00e4rell\u00e4. T\u00e4n\u00e4\u00e4n j\u00e4tettiin kaksi varsin vastakkaista aloitetta kunnan metsist\u00e4. Meid\u00e4n Marianne Jokinen ehdotti, ett\u00e4 &#8221;kunta suojelee kaikki yli satavuotiaat mets\u00e4ns\u00e4 sek\u00e4 kunnan mets\u00e4t, jotka t\u00e4ytt\u00e4v\u00e4t Metso -ohjelman edellytykset samoin kuin l\u00e4himets\u00e4t laissa s\u00e4\u00e4detyll\u00e4 tavalla&#8221; ja &#8221;My\u00f6s niin sanotut virkistysmets\u00e4t tulee suojella, kuten Kemi\u00f6n keskustan pohjoispuoliset mets\u00e4t&#8221; sek\u00e4 &#8221;Se osa kunnan muista metsist\u00e4, [&hellip;]<\/p>\n","protected":false},"author":1350,"featured_media":0,"comment_status":"open","ping_status":"open","sticky":false,"template":"","format":"standard","meta":{"_et_pb_use_builder":"","_et_pb_old_content":"","_et_gb_content_width":"","footnotes":""},"categories":[105],"tags":[],"class_list":["post-676","post","type-post","status-publish","format-standard","hentry","category-aktuellt-ajankohtaista"],"featuredImage":"","authorName":"satu.zwerver","term":["Aktuellt \/ Ajankohtaista"],"author_url":"https:\/\/yhdistykset.vihreat.fi\/kemionsaaren.vihreat\/?p=676","_links":{"self":[{"href":"https:\/\/yhdistykset.vihreat.fi\/kemionsaaren.vihreat\/wp-json\/wp\/v2\/posts\/676","targetHints":{"allow":["GET"]}}],"collection":[{"href":"https:\/\/yhdistykset.vihreat.fi\/kemionsaaren.vihreat\/wp-json\/wp\/v2\/posts"}],"about":[{"href":"https:\/\/yhdistykset.vihreat.fi\/kemionsaaren.vihreat\/wp-json\/wp\/v2\/types\/post"}],"author":[{"embeddable":true,"href":"https:\/\/yhdistykset.vihreat.fi\/kemionsaaren.vihreat\/wp-json\/wp\/v2\/users\/1350"}],"replies":[{"embeddable":true,"href":"https:\/\/yhdistykset.vihreat.fi\/kemionsaaren.vihreat\/wp-json\/wp\/v2\/comments?post=676"}],"version-history":[{"count":13,"href":"https:\/\/yhdistykset.vihreat.fi\/kemionsaaren.vihreat\/wp-json\/wp\/v2\/posts\/676\/revisions"}],"predecessor-version":[{"id":698,"href":"https:\/\/yhdistykset.vihreat.fi\/kemionsaaren.vihreat\/wp-json\/wp\/v2\/posts\/676\/revisions\/698"}],"wp:attachment":[{"href":"https:\/\/yhdistykset.vihreat.fi\/kemionsaaren.vihreat\/wp-json\/wp\/v2\/media?parent=676"}],"wp:term":[{"taxonomy":"category","embeddable":true,"href":"https:\/\/yhdistykset.vihreat.fi\/kemionsaaren.vihreat\/wp-json\/wp\/v2\/categories?post=676"},{"taxonomy":"post_tag","embeddable":true,"href":"https:\/\/yhdistykset.vihreat.fi\/kemionsaaren.vihreat\/wp-json\/wp\/v2\/tags?post=676"}],"curies":[{"name":"wp","href":"https:\/\/api.w.org\/{rel}","templated":true}]}}