{"id":740,"date":"2023-02-20T08:44:40","date_gmt":"2023-02-20T06:44:40","guid":{"rendered":"https:\/\/yhdistykset.vihreat.fi\/kemionsaaren.vihreat\/?p=740"},"modified":"2023-02-20T08:44:40","modified_gmt":"2023-02-20T06:44:40","slug":"demokratia-pain-mantya","status":"publish","type":"post","link":"https:\/\/yhdistykset.vihreat.fi\/kemionsaaren.vihreat\/2023\/02\/20\/demokratia-pain-mantya\/","title":{"rendered":"Demokratia p\u00e4in m\u00e4nty\u00e4"},"content":{"rendered":"<h6><em>Mielipidekirjoitus \u00c5bo Underr\u00e4ttelseriss\u00e4, julkaistu 17.2.2023<\/em><\/h6>\n<p>Kemi\u00f6n tekninen lautakunta hoitaa kunnan metsi\u00e4. Voimme nyt seurata todenn\u00e4k\u00f6isesti viimeisi\u00e4 vaiheita viime vuosien kestoaiheesta: kunnan mets\u00e4suunnitelma vuosille 2022-2030. Monissa muissa kunnissa t\u00e4llaisista asioista p\u00e4\u00e4tt\u00e4\u00e4 valtuusto, mutta meid\u00e4n kunnassamme p\u00e4\u00e4t\u00f6ksen tekee tekninen lautakunta. Asiasta p\u00e4\u00e4tet\u00e4\u00e4n 21. maaliskuuta.<\/p>\n<p>Ennen kuin mets\u00e4suunnitelmaa edes aloitettiin, teki Kemi\u00f6nsaaren Vihre\u00e4t vuonna 2019 (!) kansalaisaloitteen, jotta kunta aloittaisi jatkuvan mets\u00e4nhoidon ja suojelisi arvokkaita mets\u00e4alueita.<\/p>\n<p>Aloitetta ei ole viel\u00e4 k\u00e4sitelty. Kun mit\u00e4\u00e4n ei tapahtunut ja suunnitelmaa oli tulossa k\u00e4sittelyyn, Kemi\u00f6nsaaren Vihre\u00e4t tekiv\u00e4t kev\u00e4\u00e4ll\u00e4 2022 valtuustoaloitteen kunnan yli 100-vuotiaiden metsien ja Metso-ohjelmaan soveltuvien metsien suojelemiseksi. T\u00e4t\u00e4k\u00e4\u00e4n aloitetta ei ole viel\u00e4 k\u00e4sitelty.<\/p>\n<p>Mets\u00e4suunnitelmaa k\u00e4siteltiin ensimm\u00e4isen kerran teknisess\u00e4 lautakunnassa kes\u00e4ll\u00e4 2021, jolloin se l\u00e4hetettiin takaisin tarkoituksena valmistella suunnitelma, jossa verrataan talousmets\u00e4nhoitoa &#8221;vaihtoehtoisiin menetelmiin&#8221; ja avataan prosessia enemm\u00e4n kuntalaisille. Juuri t\u00e4m\u00e4 oli Vihreiden aloitteen tarkoitus.<\/p>\n<p>Kunta pyysi vaihtoehtoisen suunnitelman henkil\u00f6lt\u00e4, joka on toki asiantunteva mets\u00e4talousinsin\u00f6\u00f6ri, mutta ei ekologi ja joka tunnetaan siit\u00e4, ett\u00e4 h\u00e4n ei n\u00e4e mahdollisuuksia jatkuvassa mets\u00e4nhoidossa.<\/p>\n<p>Kunta avasi prosessin j\u00e4rjest\u00e4m\u00e4ll\u00e4 kuntalalisillan, josta ilmoitettiin vain kaksi viikkoa aikaisemmin ja joka oli ajoitettu keskelle joululomaa. Samalla julkaistiin t\u00e4m\u00e4 &#8221;vaihtoehtoinen&#8221; mets\u00e4suunnitelma. Siihen menness\u00e4 se oli ollut valmiina jo l\u00e4hes vuoden! Sit\u00e4 ei kuitenkaan ollut julkistettu, vaikka Vihre\u00e4t olivat sit\u00e4 monta kertaa pyyt\u00e4neet n\u00e4ht\u00e4v\u00e4ksi.<\/p>\n<p>Kunnan olisi pit\u00e4nyt p\u00e4\u00e4tt\u00e4\u00e4, miten se haluaa hoitaa metsi\u00e4\u00e4n ennen suunnitelman teett\u00e4mist\u00e4, sanoi kaavoittaja asukaskokouksessa.<\/p>\n<p>Juuri t\u00e4m\u00e4 oli Vihreiden aloitteiden tarkoitus.<\/p>\n<p>Mets\u00e4suunnitelmaa ei ole hoidettu hyvin. Kyse ei ole kaikkien metsien suojelemisesta, vaan demokraattisista periaatteista, siit\u00e4, ett\u00e4 ihmiset voivat osallistua ja tulla kuulluiksi p\u00e4\u00e4t\u00f6ksentekoprosessissa.<\/p>\n<p>Kun lukee \u00c5U:sta (15.1.), mit\u00e4 teknisen lautakunnan puheenjohtaja ajattelee demokratiasta, nimitt\u00e4in &#8221;Kunnassa asukkailla ei ole mahdollisuutta vaikuttaa valmisteluprosessiin muuten kuin valitsemiensa edustajien kautta&#8221;, alkaa mietti\u00e4, lieneek\u00f6 syy siihen, ettei aloitteita k\u00e4sitell\u00e4, virkamiehiss\u00e4 ollakaan.<\/p>\n<p>Viel\u00e4 on aikaa keskustella asiasta kunnolla, kuunnella ekologin n\u00e4kemyksi\u00e4 ja yritt\u00e4\u00e4 p\u00e4\u00e4st\u00e4 kompromissiin.<\/p>\n<p>Juuri t\u00e4m\u00e4 on ollut Vihreiden aloitteiden tarkoitus.<\/p>\n<p>Satu Zwerver<br \/>\nTeknisen lautakunnan varaj\u00e4sen<br \/>\nKemi\u00f6nsaaren Vihre\u00e4t<\/p>\n","protected":false},"excerpt":{"rendered":"<p>Mielipidekirjoitus \u00c5bo Underr\u00e4ttelseriss\u00e4, julkaistu 17.2.2023 Kemi\u00f6n tekninen lautakunta hoitaa kunnan metsi\u00e4. Voimme nyt seurata todenn\u00e4k\u00f6isesti viimeisi\u00e4 vaiheita viime vuosien kestoaiheesta: kunnan mets\u00e4suunnitelma vuosille 2022-2030. Monissa muissa kunnissa t\u00e4llaisista asioista p\u00e4\u00e4tt\u00e4\u00e4 valtuusto, mutta meid\u00e4n kunnassamme p\u00e4\u00e4t\u00f6ksen tekee tekninen lautakunta. Asiasta p\u00e4\u00e4tet\u00e4\u00e4n 21. maaliskuuta. Ennen kuin mets\u00e4suunnitelmaa edes aloitettiin, teki Kemi\u00f6nsaaren Vihre\u00e4t vuonna 2019 (!) kansalaisaloitteen, jotta [&hellip;]<\/p>\n","protected":false},"author":1350,"featured_media":677,"comment_status":"open","ping_status":"open","sticky":false,"template":"","format":"standard","meta":{"_et_pb_use_builder":"","_et_pb_old_content":"","_et_gb_content_width":"","footnotes":""},"categories":[1],"tags":[],"class_list":["post-740","post","type-post","status-publish","format-standard","has-post-thumbnail","hentry","category-tiedotteet"],"featuredImage":"<img width=\"300\" height=\"169\" src=\"https:\/\/yhdistykset.vihreat.fi\/kemionsaaren.vihreat\/files\/2022\/04\/Centrumskogen-300x169.jpg\" class=\"attachment-medium size-medium wp-post-image\" alt=\"\" decoding=\"async\" loading=\"lazy\" \/>","authorName":"satu.zwerver","term":["Meddelanden \/ Tiedotteet"],"author_url":"https:\/\/yhdistykset.vihreat.fi\/kemionsaaren.vihreat\/?p=740","_links":{"self":[{"href":"https:\/\/yhdistykset.vihreat.fi\/kemionsaaren.vihreat\/wp-json\/wp\/v2\/posts\/740","targetHints":{"allow":["GET"]}}],"collection":[{"href":"https:\/\/yhdistykset.vihreat.fi\/kemionsaaren.vihreat\/wp-json\/wp\/v2\/posts"}],"about":[{"href":"https:\/\/yhdistykset.vihreat.fi\/kemionsaaren.vihreat\/wp-json\/wp\/v2\/types\/post"}],"author":[{"embeddable":true,"href":"https:\/\/yhdistykset.vihreat.fi\/kemionsaaren.vihreat\/wp-json\/wp\/v2\/users\/1350"}],"replies":[{"embeddable":true,"href":"https:\/\/yhdistykset.vihreat.fi\/kemionsaaren.vihreat\/wp-json\/wp\/v2\/comments?post=740"}],"version-history":[{"count":2,"href":"https:\/\/yhdistykset.vihreat.fi\/kemionsaaren.vihreat\/wp-json\/wp\/v2\/posts\/740\/revisions"}],"predecessor-version":[{"id":742,"href":"https:\/\/yhdistykset.vihreat.fi\/kemionsaaren.vihreat\/wp-json\/wp\/v2\/posts\/740\/revisions\/742"}],"wp:featuredmedia":[{"embeddable":true,"href":"https:\/\/yhdistykset.vihreat.fi\/kemionsaaren.vihreat\/wp-json\/wp\/v2\/media\/677"}],"wp:attachment":[{"href":"https:\/\/yhdistykset.vihreat.fi\/kemionsaaren.vihreat\/wp-json\/wp\/v2\/media?parent=740"}],"wp:term":[{"taxonomy":"category","embeddable":true,"href":"https:\/\/yhdistykset.vihreat.fi\/kemionsaaren.vihreat\/wp-json\/wp\/v2\/categories?post=740"},{"taxonomy":"post_tag","embeddable":true,"href":"https:\/\/yhdistykset.vihreat.fi\/kemionsaaren.vihreat\/wp-json\/wp\/v2\/tags?post=740"}],"curies":[{"name":"wp","href":"https:\/\/api.w.org\/{rel}","templated":true}]}}