{"id":744,"date":"2023-02-21T20:00:13","date_gmt":"2023-02-21T18:00:13","guid":{"rendered":"https:\/\/yhdistykset.vihreat.fi\/kemionsaaren.vihreat\/?p=744"},"modified":"2023-03-02T08:51:12","modified_gmt":"2023-03-02T06:51:12","slug":"skoginfo-i-tekniska-metsainfoa-teknisessa","status":"publish","type":"post","link":"https:\/\/yhdistykset.vihreat.fi\/kemionsaaren.vihreat\/2023\/02\/21\/skoginfo-i-tekniska-metsainfoa-teknisessa\/","title":{"rendered":"Skoginfo i tekniska  \/ Mets\u00e4infoa teknisess\u00e4"},"content":{"rendered":"<p>Tekniska n\u00e4mnden fick information 21.2.2023 om alternativa skogsmetoder och skyddsv\u00e4rda objekt i kommunens skogar. Och info om skogens betydelse f\u00f6r kollagring och biodiversiteten. \u00d6borna, experter Panu Kunttu och Otto Bruun informerade och n\u00e4mnden lyssnade intresserad. De Gr\u00f6nas representant i n\u00e4mnden framf\u00f6rde \u00f6nskem\u00e5let om informationen. Dett \u00e4r ett steg i r\u00e4tt riktning i demokratin.<\/p>\n<p>Tekninen lautakunta sai tietoa vaihtoehtoisista mets\u00e4nhoitomenetelmist\u00e4 ja kunnan metsiss\u00e4 olevista suojelun arvoisista metsist\u00e4 sek\u00e4 mets\u00e4n merkityksest\u00e4 hiilensidonnassa ja biodiversiteetist\u00e4. Ja lautakunnan j\u00e4senet kuuntelivat kiinnostuneina. Puhujina saarelaiset asiantuntijat Panu Kunttu ja Otto Bruun. Vihreitten edustaja lautakunnassa esitti toivomuksen infotilaisuudesta. T\u00e4m\u00e4 on askel oikeaan suuntaan demokratian polulla.<\/p>\n","protected":false},"excerpt":{"rendered":"<p>Tekniska n\u00e4mnden fick information 21.2.2023 om alternativa skogsmetoder och skyddsv\u00e4rda objekt i kommunens skogar. Och info om skogens betydelse f\u00f6r kollagring och biodiversiteten. \u00d6borna, experter Panu Kunttu och Otto Bruun informerade och n\u00e4mnden lyssnade intresserad. De Gr\u00f6nas representant i n\u00e4mnden framf\u00f6rde \u00f6nskem\u00e5let om informationen. Dett \u00e4r ett steg i r\u00e4tt riktning i demokratin. Tekninen lautakunta [&hellip;]<\/p>\n","protected":false},"author":1350,"featured_media":745,"comment_status":"open","ping_status":"open","sticky":false,"template":"","format":"standard","meta":{"_et_pb_use_builder":"","_et_pb_old_content":"","_et_gb_content_width":"","footnotes":""},"categories":[105,1],"tags":[],"class_list":["post-744","post","type-post","status-publish","format-standard","has-post-thumbnail","hentry","category-aktuellt-ajankohtaista","category-tiedotteet"],"featuredImage":"<img width=\"225\" height=\"300\" src=\"https:\/\/yhdistykset.vihreat.fi\/kemionsaaren.vihreat\/files\/2023\/02\/valoa-pain-2-225x300.png\" class=\"attachment-medium size-medium wp-post-image\" alt=\"Valoa p\u00e4in!\" decoding=\"async\" loading=\"lazy\" \/>","authorName":"satu.zwerver","term":["Aktuellt \/ Ajankohtaista","Meddelanden \/ Tiedotteet"],"author_url":"https:\/\/yhdistykset.vihreat.fi\/kemionsaaren.vihreat\/?p=744","_links":{"self":[{"href":"https:\/\/yhdistykset.vihreat.fi\/kemionsaaren.vihreat\/wp-json\/wp\/v2\/posts\/744","targetHints":{"allow":["GET"]}}],"collection":[{"href":"https:\/\/yhdistykset.vihreat.fi\/kemionsaaren.vihreat\/wp-json\/wp\/v2\/posts"}],"about":[{"href":"https:\/\/yhdistykset.vihreat.fi\/kemionsaaren.vihreat\/wp-json\/wp\/v2\/types\/post"}],"author":[{"embeddable":true,"href":"https:\/\/yhdistykset.vihreat.fi\/kemionsaaren.vihreat\/wp-json\/wp\/v2\/users\/1350"}],"replies":[{"embeddable":true,"href":"https:\/\/yhdistykset.vihreat.fi\/kemionsaaren.vihreat\/wp-json\/wp\/v2\/comments?post=744"}],"version-history":[{"count":2,"href":"https:\/\/yhdistykset.vihreat.fi\/kemionsaaren.vihreat\/wp-json\/wp\/v2\/posts\/744\/revisions"}],"predecessor-version":[{"id":784,"href":"https:\/\/yhdistykset.vihreat.fi\/kemionsaaren.vihreat\/wp-json\/wp\/v2\/posts\/744\/revisions\/784"}],"wp:featuredmedia":[{"embeddable":true,"href":"https:\/\/yhdistykset.vihreat.fi\/kemionsaaren.vihreat\/wp-json\/wp\/v2\/media\/745"}],"wp:attachment":[{"href":"https:\/\/yhdistykset.vihreat.fi\/kemionsaaren.vihreat\/wp-json\/wp\/v2\/media?parent=744"}],"wp:term":[{"taxonomy":"category","embeddable":true,"href":"https:\/\/yhdistykset.vihreat.fi\/kemionsaaren.vihreat\/wp-json\/wp\/v2\/categories?post=744"},{"taxonomy":"post_tag","embeddable":true,"href":"https:\/\/yhdistykset.vihreat.fi\/kemionsaaren.vihreat\/wp-json\/wp\/v2\/tags?post=744"}],"curies":[{"name":"wp","href":"https:\/\/api.w.org\/{rel}","templated":true}]}}