{"id":793,"date":"2023-03-13T09:18:38","date_gmt":"2023-03-13T07:18:38","guid":{"rendered":"https:\/\/yhdistykset.vihreat.fi\/kemionsaaren.vihreat\/?p=793"},"modified":"2023-03-23T20:18:36","modified_gmt":"2023-03-23T18:18:36","slug":"riksdagsval-2023-eduskuntavaalit-2023","status":"publish","type":"post","link":"https:\/\/yhdistykset.vihreat.fi\/kemionsaaren.vihreat\/2023\/03\/13\/riksdagsval-2023-eduskuntavaalit-2023\/","title":{"rendered":"Riksdagsval 2023 \/ Eduskuntavaalit 2023"},"content":{"rendered":"<p>[et_pb_section fb_built=&#8221;1&#8243; admin_label=&#8221;Section&#8221; _builder_version=&#8221;4.16&#8243; global_colors_info=&#8221;{}&#8221;][et_pb_row admin_label=&#8221;Row&#8221; _builder_version=&#8221;4.20.2&#8243; background_size=&#8221;initial&#8221; background_position=&#8221;top_left&#8221; background_repeat=&#8221;repeat&#8221; global_colors_info=&#8221;{}&#8221;][et_pb_column type=&#8221;4_4&#8243; _builder_version=&#8221;4.16&#8243; custom_padding=&#8221;|||&#8221; global_colors_info=&#8221;{}&#8221; custom_padding__hover=&#8221;|||&#8221;][et_pb_text _builder_version=&#8221;4.20.2&#8243; background_size=&#8221;initial&#8221; background_position=&#8221;top_left&#8221; background_repeat=&#8221;repeat&#8221; hover_enabled=&#8221;0&#8243; global_colors_info=&#8221;{}&#8221; sticky_enabled=&#8221;0&#8243;]<\/p>\n<h3 style=\"text-align: center;\">H\u00e4r numren du beh\u00f6ver!\u00a0 \/\u00a0 T\u00e4ss\u00e4 tarvitsemasi numerot!<\/h3>\n<p><a href=\"https:\/\/yhdistykset.vihreat.fi\/kemionsaaren.vihreat\/files\/2023\/03\/eduskuntavaaliehdokaat-2023.jpg\"><img loading=\"lazy\" decoding=\"async\" class=\"wp-image-827 alignnone size-large\" src=\"https:\/\/yhdistykset.vihreat.fi\/kemionsaaren.vihreat\/files\/2023\/03\/eduskuntavaaliehdokaat-2023-819x1024.jpg\" alt=\"\" width=\"819\" height=\"1024\" \/><\/a><\/p>\n<h1 style=\"text-align: center;\">\u00a0<\/h1>\n<p>&nbsp;<\/p>\n<p style=\"text-align: center;\">L\u00e4s mera om kandidater och valprogram genom l\u00e4nkarna nere.<br \/>Valet handlar om vi skall forts\u00e4tta med den m\u00e4nniska-, djur-, natur- och milj\u00f6betonad politik.<br \/>Titta l\u00e5ngt frammot.<br \/>R\u00f6sta p\u00e5 de Gr\u00f6na!<\/p>\n<p style=\"text-align: center;\">Lue lis\u00e4\u00e4 ehdokkaista ja vaaliohjelmasta linkeist\u00e4 alla.<br \/>Vaaleiss p\u00e4\u00e4tet\u00e4\u00e4n siit\u00e4 jatketaanko t\u00e4ll\u00e4 ihmis-, el\u00e4in-, luonto- ja ymp\u00e4rist\u00f6painotteisella politiikalla.<br \/>Katso kauas tulevaisuuteen.<br \/>\u00c4\u00e4nest\u00e4 Vihreit\u00e4!<\/p>\n<p>[\/et_pb_text][\/et_pb_column][\/et_pb_row][et_pb_row _builder_version=&#8221;4.20.2&#8243; _module_preset=&#8221;default&#8221; global_colors_info=&#8221;{}&#8221;][et_pb_column type=&#8221;4_4&#8243; _builder_version=&#8221;4.20.2&#8243; _module_preset=&#8221;default&#8221; global_colors_info=&#8221;{}&#8221;][et_pb_text _builder_version=&#8221;4.20.2&#8243; _module_preset=&#8221;default&#8221; link_option_url=&#8221;https:\/\/www.varsinaissuomenvihreat.fi\/eduskuntavaaliehdokkaamme-2023\/?kieli=fi&#038;vaali=eduskuntavaali-2023&#038;alue=vp3&#8243; global_colors_info=&#8221;{}&#8221;]<\/p>\n<p style=\"text-align: center;\"><strong><a href=\"https:\/\/www.varsinaissuomenvihreat.fi\/eduskuntavaaliehdokkaamme-2023\/?kieli=fi&amp;vaali=eduskuntavaali-2023&amp;alue=vp3\" target=\"_blank\" rel=\"noopener\">Kandidater \/ Ehdokkaat<\/a><\/strong><\/p>\n<p>[\/et_pb_text][et_pb_text _builder_version=&#8221;4.20.2&#8243; _module_preset=&#8221;default&#8221; link_option_url=&#8221;https:\/\/www.varsinaissuomenvihreat.fi\/valprogram-2023\/&#8221; global_colors_info=&#8221;{}&#8221;]<\/p>\n<p style=\"text-align: center;\"><strong><a href=\"https:\/\/www.varsinaissuomenvihreat.fi\/valprogram-2023\/\" target=\"_blank\" rel=\"noopener\">Valprogram<\/a><\/strong><\/p>\n<p>[\/et_pb_text][et_pb_text _builder_version=&#8221;4.20.2&#8243; _module_preset=&#8221;default&#8221; link_option_url=&#8221;https:\/\/www.varsinaissuomenvihreat.fi\/eduskuntavaaliohjelma-2023\/&#8221; global_colors_info=&#8221;{}&#8221;]<\/p>\n<p style=\"text-align: center;\"><strong><a href=\"https:\/\/www.varsinaissuomenvihreat.fi\/eduskuntavaaliohjelma-2023\/\" target=\"_blank\" rel=\"noopener\">Vaaliohjelma<\/a><\/strong><\/p>\n<p>[\/et_pb_text][et_pb_text _builder_version=&#8221;4.20.2&#8243; _module_preset=&#8221;default&#8221; link_option_url=&#8221;https:\/\/www.varsinaissuomenvihreat.fi\/parliamentary-election-2023-programme\/&#8221; global_colors_info=&#8221;{}&#8221;]<\/p>\n<p style=\"text-align: center;\"><strong><a href=\"https:\/\/www.varsinaissuomenvihreat.fi\/parliamentary-election-2023-programme\/\" target=\"_blank\" rel=\"noopener\">Election programme<\/a><\/strong><\/p>\n<p>[\/et_pb_text][\/et_pb_column][\/et_pb_row][\/et_pb_section]<\/p>\n","protected":false},"excerpt":{"rendered":"<p>H\u00e4r numren du beh\u00f6ver!\u00a0 \/\u00a0 T\u00e4ss\u00e4 tarvitsemasi numerot! \u00a0 &nbsp; L\u00e4s mera om kandidater och valprogram genom l\u00e4nkarna nere.Valet handlar om vi skall forts\u00e4tta med den m\u00e4nniska-, djur-, natur- och milj\u00f6betonad politik.Titta l\u00e5ngt frammot.R\u00f6sta p\u00e5 de Gr\u00f6na! Lue lis\u00e4\u00e4 ehdokkaista ja vaaliohjelmasta linkeist\u00e4 alla.Vaaleiss p\u00e4\u00e4tet\u00e4\u00e4n siit\u00e4 jatketaanko t\u00e4ll\u00e4 ihmis-, el\u00e4in-, luonto- ja ymp\u00e4rist\u00f6painotteisella politiikalla.Katso kauas [&hellip;]<\/p>\n","protected":false},"author":1350,"featured_media":0,"comment_status":"open","ping_status":"open","sticky":false,"template":"","format":"standard","meta":{"_et_pb_use_builder":"on","_et_pb_old_content":"<h3 style=\"text-align: center;\">H\u00e4r numren du beh\u00f6ver!\u00a0 \/\u00a0 T\u00e4ss\u00e4 tarvitsemasi numerot!<\/h3><h1 style=\"text-align: center;\"><a href=\"https:\/\/yhdistykset.vihreat.fi\/kemionsaaren.vihreat\/files\/2023\/03\/numerot.jpg\"><img class=\"alignnone size-full wp-image-794\" src=\"https:\/\/yhdistykset.vihreat.fi\/kemionsaaren.vihreat\/files\/2023\/03\/numerot.jpg\" alt=\"\" width=\"526\" height=\"526\" \/><\/a><\/h1><p>\u00a0<\/p><p style=\"text-align: center;\">L\u00e4s mera om kandidater och valprogram genom l\u00e4nkarna nere.<br \/>Valet handlar om vi skall forts\u00e4tta med den m\u00e4nniska-, djur-, natur- och milj\u00f6betonad politik.<br \/>Titta l\u00e5ngt frammot.<br \/>R\u00f6sta p\u00e5 de Gr\u00f6na!<\/p><p style=\"text-align: center;\">Lue lis\u00e4\u00e4 ehdokkaista ja vaaliohjelmasta linkeist\u00e4 alla.<br \/>Vaaleiss p\u00e4\u00e4tet\u00e4\u00e4n siit\u00e4 jatketaanko t\u00e4ll\u00e4 ihmis-, el\u00e4in-, luonto- ja ymp\u00e4rist\u00f6painotteisella politiikalla.<br \/>Katso kauas tulevaisuuteen.<br \/>\u00c4\u00e4nest\u00e4 Vihreit\u00e4!<\/p><p>\u00a0<\/p><p>https:\/\/www.varsinaissuomenvihreat.fi\/eduskuntavaaliehdokkaamme-2023\/?kieli=fi&vaali=eduskuntavaali-2023&alue=vp3<\/p><p>https:\/\/www.varsinaissuomenvihreat.fi\/eduskuntavaaliohjelma-2023\/<\/p><p>https:\/\/www.varsinaissuomenvihreat.fi\/valprogram-2023\/<\/p>","_et_gb_content_width":"","footnotes":""},"categories":[38],"tags":[],"class_list":["post-793","post","type-post","status-publish","format-standard","hentry","category-politik-politiikka"],"featuredImage":"","authorName":"satu.zwerver","term":["Politik \/ Politiikka"],"author_url":"https:\/\/yhdistykset.vihreat.fi\/kemionsaaren.vihreat\/?p=793","_links":{"self":[{"href":"https:\/\/yhdistykset.vihreat.fi\/kemionsaaren.vihreat\/wp-json\/wp\/v2\/posts\/793","targetHints":{"allow":["GET"]}}],"collection":[{"href":"https:\/\/yhdistykset.vihreat.fi\/kemionsaaren.vihreat\/wp-json\/wp\/v2\/posts"}],"about":[{"href":"https:\/\/yhdistykset.vihreat.fi\/kemionsaaren.vihreat\/wp-json\/wp\/v2\/types\/post"}],"author":[{"embeddable":true,"href":"https:\/\/yhdistykset.vihreat.fi\/kemionsaaren.vihreat\/wp-json\/wp\/v2\/users\/1350"}],"replies":[{"embeddable":true,"href":"https:\/\/yhdistykset.vihreat.fi\/kemionsaaren.vihreat\/wp-json\/wp\/v2\/comments?post=793"}],"version-history":[{"count":21,"href":"https:\/\/yhdistykset.vihreat.fi\/kemionsaaren.vihreat\/wp-json\/wp\/v2\/posts\/793\/revisions"}],"predecessor-version":[{"id":830,"href":"https:\/\/yhdistykset.vihreat.fi\/kemionsaaren.vihreat\/wp-json\/wp\/v2\/posts\/793\/revisions\/830"}],"wp:attachment":[{"href":"https:\/\/yhdistykset.vihreat.fi\/kemionsaaren.vihreat\/wp-json\/wp\/v2\/media?parent=793"}],"wp:term":[{"taxonomy":"category","embeddable":true,"href":"https:\/\/yhdistykset.vihreat.fi\/kemionsaaren.vihreat\/wp-json\/wp\/v2\/categories?post=793"},{"taxonomy":"post_tag","embeddable":true,"href":"https:\/\/yhdistykset.vihreat.fi\/kemionsaaren.vihreat\/wp-json\/wp\/v2\/tags?post=793"}],"curies":[{"name":"wp","href":"https:\/\/api.w.org\/{rel}","templated":true}]}}