{"id":831,"date":"2023-03-27T18:09:51","date_gmt":"2023-03-27T15:09:51","guid":{"rendered":"https:\/\/yhdistykset.vihreat.fi\/kemionsaaren.vihreat\/?p=831"},"modified":"2023-03-27T18:30:13","modified_gmt":"2023-03-27T15:30:13","slug":"efter-tio-ar-av-forsok-att-paverka-den-demokratiska-processen-ser-vi-plotsligt-ett-beslut-pa-kimitoon-som-heter-duga","status":"publish","type":"post","link":"https:\/\/yhdistykset.vihreat.fi\/kemionsaaren.vihreat\/2023\/03\/27\/efter-tio-ar-av-forsok-att-paverka-den-demokratiska-processen-ser-vi-plotsligt-ett-beslut-pa-kimitoon-som-heter-duga\/","title":{"rendered":"\u201dEfter tio \u00e5r av f\u00f6rs\u00f6k att p\u00e5verka den demokratiska processen ser vi pl\u00f6tsligt ett beslut p\u00e5 Kimito\u00f6n som heter duga\u201d"},"content":{"rendered":"<p class=\"byline \"><span class=\"author\"><em>Ins\u00e4ndare i \u00c5bo Underr\u00e4ttelser om kommunens skogar. Texten var f\u00e4rdig skriven redan p\u00e5 fredag, innan skribenten l\u00e4ste HBLs artikel om Kimito\u00f6ns skogar.\u00a0<\/em><\/span><\/p>\n<p><a title=\"Inl\u00e4gg av \u00c5U\" href=\"https:\/\/abounderrattelser.fi\/author\/latomo\/\" rel=\"author\">\u00c5U<\/a>\u00a0<span class=\"date\">27.03.2023 17:30<\/span><\/p>\n<div class=\"disclaimer mt-30 mb-20\">\n<p>&nbsp;<\/p>\n<\/div>\n<p><strong>Kimito\u00f6n.<\/strong> I tisdagskv\u00e4ll besl\u00f6t Kimito\u00f6ns kommuns tekniska n\u00e4mnd att 30 procent av kommunens skogar ska fredas.\u00a0Och att resten ska sk\u00f6tas enligt kontinuerligt skogsbruk.\u00a0Det k\u00e4nns otroligt!<\/p>\n<p>Efter tio \u00e5r av f\u00f6rs\u00f6k att p\u00e5verka den demokratiska processen i just den h\u00e4r riktningen ser vi pl\u00f6tsligt ett beslut som heter duga.<\/p>\n<p>Beslutet m\u00e5ste naturligtvis \u00e4nnu genomf\u00f6ras i den skogsplan som kommunen redan har l\u00e5tit g\u00f6ra.<\/p>\n<p>Lyckligtvis finns det nuf\u00f6rtiden f\u00f6retag som \u00e4r specialiserade p\u00e5 kontinuerligt skogsbruk, s\u00e5 med ett s\u00e5 bra grundmaterial tar sammanst\u00e4llandet s\u00e4kert inte l\u00e5ng tid. D\u00e5 hinner man samtidigt behandla den sista skogsmotionen som \u00e4nnu ligger hos tekniska avdelningens tj\u00e4nstem\u00e4n.<\/p>\n<p>Jag f\u00f6rst\u00e5r att f\u00f6r en del skogs\u00e4gare kan beslutet k\u00e4nnas ov\u00e4lkommet. Som att man kastar pengarna i sj\u00f6n.\u00a0Att sjukdomar sprids.\u00a0Att andra skogs\u00e4gare m\u00e5ste f\u00f6rvalta sina skogar p\u00e5 samma s\u00e4tt.\u00a0Men det h\u00e4r demokratiska beslutet g\u00e4ller kommunens skogar, det \u00e4r ingen annan \u00e4n \u00e4garen som besluter \u00f6ver de privata skogarnas \u00f6de.\u00a0Sjukdomar bek\u00e4mpas ocks\u00e5 i kontinuerligt skogsbruk och ifr\u00e5ga om pengarna f\u00e5r vi se vad det blir. Hur som helst har kommunen r\u00e5d med ett eventuellt litet bortfall. Bortfallet skulle troligtvis g\u00e4lla cirka 20 000 euro i genomsnitt per \u00e5r.<\/p>\n<p>Tidsandan och en del unders\u00f6kningar st\u00e5r nu starkt p\u00e5 naturens sida. Jag \u00e4r, likt Centerns ordf\u00f6rande\u00a0<b>Annika Saarikko<\/b>\u00a0, ganska tr\u00f6tt p\u00e5 mots\u00e4ttningarna mellan b\u00f6nder\/skogs\u00e4gare och de Gr\u00f6na\/naturm\u00e4nniskorna.<\/p>\n<p>Men jag vill g\u00e4rna forts\u00e4tta diskutera \u00f6ver gr\u00e4nserna, s\u00e5 att s\u00e4ga.<\/p>\n<p>\u00d6verraskande nog kan man se oss som de enda tv\u00e5 grupper i samh\u00e4llet som handlar med siktet inst\u00e4llt n\u00e5gra generationer fram\u00e5t, ist\u00e4llet f\u00f6r bara m\u00e5nader eller \u00e5r. S\u00e5 visst kan vi hitta en mera gemensam linje?<\/p>\n<p><strong>Satu Zwerver<\/strong><br \/>\nSuppleant i tekniska n\u00e4mnden<br \/>\nDe Gr\u00f6na i Kimito\u00f6n<\/p>\n","protected":false},"excerpt":{"rendered":"<p>Ins\u00e4ndare i \u00c5bo Underr\u00e4ttelser om kommunens skogar. Texten var f\u00e4rdig skriven redan p\u00e5 fredag, innan skribenten l\u00e4ste HBLs artikel om Kimito\u00f6ns skogar.\u00a0 \u00c5U\u00a027.03.2023 17:30 &nbsp; Kimito\u00f6n. I tisdagskv\u00e4ll besl\u00f6t Kimito\u00f6ns kommuns tekniska n\u00e4mnd att 30 procent av kommunens skogar ska fredas.\u00a0Och att resten ska sk\u00f6tas enligt kontinuerligt skogsbruk.\u00a0Det k\u00e4nns otroligt! Efter tio \u00e5r av f\u00f6rs\u00f6k [&hellip;]<\/p>\n","protected":false},"author":1350,"featured_media":682,"comment_status":"open","ping_status":"open","sticky":false,"template":"","format":"standard","meta":{"_et_pb_use_builder":"","_et_pb_old_content":"","_et_gb_content_width":"","footnotes":""},"categories":[1],"tags":[109,103,110],"class_list":["post-831","post","type-post","status-publish","format-standard","has-post-thumbnail","hentry","category-tiedotteet","tag-skog","tag-skogvardsplan","tag-tekniska"],"featuredImage":"<img width=\"225\" height=\"300\" src=\"https:\/\/yhdistykset.vihreat.fi\/kemionsaaren.vihreat\/files\/2022\/04\/IMG_20190423_193622-225x300.png\" class=\"attachment-medium size-medium wp-post-image\" alt=\"\" decoding=\"async\" loading=\"lazy\" \/>","authorName":"satu.zwerver","term":["Meddelanden \/ Tiedotteet"],"author_url":"https:\/\/yhdistykset.vihreat.fi\/kemionsaaren.vihreat\/?p=831","_links":{"self":[{"href":"https:\/\/yhdistykset.vihreat.fi\/kemionsaaren.vihreat\/wp-json\/wp\/v2\/posts\/831","targetHints":{"allow":["GET"]}}],"collection":[{"href":"https:\/\/yhdistykset.vihreat.fi\/kemionsaaren.vihreat\/wp-json\/wp\/v2\/posts"}],"about":[{"href":"https:\/\/yhdistykset.vihreat.fi\/kemionsaaren.vihreat\/wp-json\/wp\/v2\/types\/post"}],"author":[{"embeddable":true,"href":"https:\/\/yhdistykset.vihreat.fi\/kemionsaaren.vihreat\/wp-json\/wp\/v2\/users\/1350"}],"replies":[{"embeddable":true,"href":"https:\/\/yhdistykset.vihreat.fi\/kemionsaaren.vihreat\/wp-json\/wp\/v2\/comments?post=831"}],"version-history":[{"count":4,"href":"https:\/\/yhdistykset.vihreat.fi\/kemionsaaren.vihreat\/wp-json\/wp\/v2\/posts\/831\/revisions"}],"predecessor-version":[{"id":840,"href":"https:\/\/yhdistykset.vihreat.fi\/kemionsaaren.vihreat\/wp-json\/wp\/v2\/posts\/831\/revisions\/840"}],"wp:featuredmedia":[{"embeddable":true,"href":"https:\/\/yhdistykset.vihreat.fi\/kemionsaaren.vihreat\/wp-json\/wp\/v2\/media\/682"}],"wp:attachment":[{"href":"https:\/\/yhdistykset.vihreat.fi\/kemionsaaren.vihreat\/wp-json\/wp\/v2\/media?parent=831"}],"wp:term":[{"taxonomy":"category","embeddable":true,"href":"https:\/\/yhdistykset.vihreat.fi\/kemionsaaren.vihreat\/wp-json\/wp\/v2\/categories?post=831"},{"taxonomy":"post_tag","embeddable":true,"href":"https:\/\/yhdistykset.vihreat.fi\/kemionsaaren.vihreat\/wp-json\/wp\/v2\/tags?post=831"}],"curies":[{"name":"wp","href":"https:\/\/api.w.org\/{rel}","templated":true}]}}