{"id":834,"date":"2023-03-27T18:26:06","date_gmt":"2023-03-27T15:26:06","guid":{"rendered":"https:\/\/yhdistykset.vihreat.fi\/kemionsaaren.vihreat\/?p=834"},"modified":"2023-03-27T18:27:42","modified_gmt":"2023-03-27T15:27:42","slug":"kymmenen-vuotta-yritysta-vaikuttaa-demokraattiseen-prosessiin-ja-nyt-yhtakkia-tehdaan-kemionsaarella-sellainen-paatos-etta-oksat-pois","status":"publish","type":"post","link":"https:\/\/yhdistykset.vihreat.fi\/kemionsaaren.vihreat\/2023\/03\/27\/kymmenen-vuotta-yritysta-vaikuttaa-demokraattiseen-prosessiin-ja-nyt-yhtakkia-tehdaan-kemionsaarella-sellainen-paatos-etta-oksat-pois\/","title":{"rendered":"&#8221;Kymmenen vuotta yrityst\u00e4 vaikuttaa demokraattiseen prosessiin ja nyt yht\u00e4kki\u00e4 tehd\u00e4\u00e4n Kemi\u00f6nsaarella sellainen p\u00e4\u00e4t\u00f6s, ett\u00e4 oksat pois&#8221;"},"content":{"rendered":"<p><em>Mielipidekirjoitus \u00c5bo Underr\u00e4ttelseriss\u00e4 kunnan metsist\u00e4. Teksti oli kirjoitettu jo perjantaina, ennen kuin kirjoittaja luki HBL:n artikkelin Kemi\u00f6nsaaren metsist\u00e4.<\/em><\/p>\n<p>\u00c5U 27.03.2023 17:30<\/p>\n<p><strong>Kemi\u00f6nsaari<\/strong>. Kemi\u00f6nsaaren kunnan tekninen lautakunta p\u00e4\u00e4tti tiistai-iltana, ett\u00e4 30 prosenttia kunnan metsist\u00e4 suojellaan.\u00a0Ja ett\u00e4 loput hoidetaan jatkuvan mets\u00e4talouden mukaisesti.\u00a0Tuntuu uskomattomalta!<\/p>\n<p>Kymmenen vuotta yrityst\u00e4 vaikuttaa demokraattiseen prosessiin ja nyt yht\u00e4kki\u00e4 tehd\u00e4\u00e4n Kemi\u00f6nsaarella sellainen p\u00e4\u00e4t\u00f6s, ett\u00e4 oksat pois.<\/p>\n<p>P\u00e4\u00e4t\u00f6s on tietysti viel\u00e4 sis\u00e4llytett\u00e4v\u00e4 kunnan jo tilaamaan mets\u00e4suunnitelman.<\/p>\n<p>Onneksi nyky\u00e4\u00e4n on olemassa yrityksi\u00e4, jotka ovat erikoistuneet jatkuvapeitteiseen mets\u00e4talouteen, joten noin hyv\u00e4n perusaineiston avulla koostaminen ei varmasti kest\u00e4 kauan. Samalla ehdit\u00e4\u00e4n k\u00e4sitell\u00e4 viimeinen mets\u00e4nhoitoaloite, joka on viel\u00e4 teknisen osaston virkamiesten k\u00e4siss\u00e4.<\/p>\n<p>Ymm\u00e4rr\u00e4n, ett\u00e4 joillekin mets\u00e4nomistajille t\u00e4m\u00e4 p\u00e4\u00e4t\u00f6s voi tuntua ep\u00e4mieluisalta. Ett\u00e4 heitett\u00e4isiin rahaa hukkaan. Ett\u00e4 taudit levi\u00e4v\u00e4t.\u00a0Ett\u00e4 muut mets\u00e4nomistajat joutuvat hoitamaan metsi\u00e4\u00e4n samalla tavalla.\u00a0Mutta t\u00e4m\u00e4 demokraattinen p\u00e4\u00e4t\u00f6s koskee kunnan metsi\u00e4, yksityismetsien kohtalosta ei p\u00e4\u00e4t\u00e4 kukaan muu kuin omistaja.\u00a0Tauteja torjutaan my\u00f6s jatkuvassa mets\u00e4nhoidossa ja mit\u00e4 rahaan tulee, katsotaan nyt mit\u00e4 tapahtuu. Kunnalla on joka tapauksessa varaa mahdolliseen pieneen tappioon. Tappio olisi todenn\u00e4k\u00f6isesti keskim\u00e4\u00e4rin noin 20 000 euroa vuodessa.<\/p>\n<p>Ajan henki ja useat tutkimukset ovat nyt vahvasti luonnon puolella. Keskustan puheenjohtajan Annika Saarikon tavoin olen aika v\u00e4synyt viljelij\u00f6iden\/mets\u00e4nomistajien ja vihreiden\/luontoihmisten v\u00e4liseen vastakkainasetteluun.<\/p>\n<p>Mutta haluan jatkaa keskustelua niin sanotusti yli rajojen.<\/p>\n<p>Yll\u00e4tt\u00e4v\u00e4\u00e4kin, ett\u00e4 meit\u00e4 voidaan pit\u00e4\u00e4 ainoina kahtena ryhm\u00e4n\u00e4 yhteiskunnassa, joiden katse on suuntautunut muutaman sukupolven p\u00e4\u00e4h\u00e4n, eik\u00e4 vain kuukausien tai vuosien p\u00e4\u00e4h\u00e4n. Voimme siis varmasti l\u00f6yt\u00e4\u00e4 enemm\u00e4n yhteist\u00e4 pohjaa keskusteluille?<\/p>\n<p>Satu Zwerver<br \/>\nTeknisen lautakunnan varaj\u00e4sen<br \/>\nKemi\u00f6nsaaren Vihre\u00e4t<\/p>\n<p>&nbsp;<\/p>\n","protected":false},"excerpt":{"rendered":"<p>Mielipidekirjoitus \u00c5bo Underr\u00e4ttelseriss\u00e4 kunnan metsist\u00e4. Teksti oli kirjoitettu jo perjantaina, ennen kuin kirjoittaja luki HBL:n artikkelin Kemi\u00f6nsaaren metsist\u00e4. \u00c5U 27.03.2023 17:30 Kemi\u00f6nsaari. Kemi\u00f6nsaaren kunnan tekninen lautakunta p\u00e4\u00e4tti tiistai-iltana, ett\u00e4 30 prosenttia kunnan metsist\u00e4 suojellaan.\u00a0Ja ett\u00e4 loput hoidetaan jatkuvan mets\u00e4talouden mukaisesti.\u00a0Tuntuu uskomattomalta! Kymmenen vuotta yrityst\u00e4 vaikuttaa demokraattiseen prosessiin ja nyt yht\u00e4kki\u00e4 tehd\u00e4\u00e4n Kemi\u00f6nsaarella sellainen p\u00e4\u00e4t\u00f6s, ett\u00e4 [&hellip;]<\/p>\n","protected":false},"author":1350,"featured_media":682,"comment_status":"open","ping_status":"open","sticky":false,"template":"","format":"standard","meta":{"_et_pb_use_builder":"","_et_pb_old_content":"","_et_gb_content_width":"","footnotes":""},"categories":[105],"tags":[111,112,113],"class_list":["post-834","post","type-post","status-publish","format-standard","has-post-thumbnail","hentry","category-aktuellt-ajankohtaista","tag-metsa","tag-metsasuunnitelma","tag-tekninen-lautakunta"],"featuredImage":"<img width=\"225\" height=\"300\" src=\"https:\/\/yhdistykset.vihreat.fi\/kemionsaaren.vihreat\/files\/2022\/04\/IMG_20190423_193622-225x300.png\" class=\"attachment-medium size-medium wp-post-image\" alt=\"\" decoding=\"async\" loading=\"lazy\" \/>","authorName":"satu.zwerver","term":["Aktuellt \/ Ajankohtaista"],"author_url":"https:\/\/yhdistykset.vihreat.fi\/kemionsaaren.vihreat\/?p=834","_links":{"self":[{"href":"https:\/\/yhdistykset.vihreat.fi\/kemionsaaren.vihreat\/wp-json\/wp\/v2\/posts\/834","targetHints":{"allow":["GET"]}}],"collection":[{"href":"https:\/\/yhdistykset.vihreat.fi\/kemionsaaren.vihreat\/wp-json\/wp\/v2\/posts"}],"about":[{"href":"https:\/\/yhdistykset.vihreat.fi\/kemionsaaren.vihreat\/wp-json\/wp\/v2\/types\/post"}],"author":[{"embeddable":true,"href":"https:\/\/yhdistykset.vihreat.fi\/kemionsaaren.vihreat\/wp-json\/wp\/v2\/users\/1350"}],"replies":[{"embeddable":true,"href":"https:\/\/yhdistykset.vihreat.fi\/kemionsaaren.vihreat\/wp-json\/wp\/v2\/comments?post=834"}],"version-history":[{"count":4,"href":"https:\/\/yhdistykset.vihreat.fi\/kemionsaaren.vihreat\/wp-json\/wp\/v2\/posts\/834\/revisions"}],"predecessor-version":[{"id":838,"href":"https:\/\/yhdistykset.vihreat.fi\/kemionsaaren.vihreat\/wp-json\/wp\/v2\/posts\/834\/revisions\/838"}],"wp:featuredmedia":[{"embeddable":true,"href":"https:\/\/yhdistykset.vihreat.fi\/kemionsaaren.vihreat\/wp-json\/wp\/v2\/media\/682"}],"wp:attachment":[{"href":"https:\/\/yhdistykset.vihreat.fi\/kemionsaaren.vihreat\/wp-json\/wp\/v2\/media?parent=834"}],"wp:term":[{"taxonomy":"category","embeddable":true,"href":"https:\/\/yhdistykset.vihreat.fi\/kemionsaaren.vihreat\/wp-json\/wp\/v2\/categories?post=834"},{"taxonomy":"post_tag","embeddable":true,"href":"https:\/\/yhdistykset.vihreat.fi\/kemionsaaren.vihreat\/wp-json\/wp\/v2\/tags?post=834"}],"curies":[{"name":"wp","href":"https:\/\/api.w.org\/{rel}","templated":true}]}}