{"id":850,"date":"2023-05-26T18:23:21","date_gmt":"2023-05-26T15:23:21","guid":{"rendered":"https:\/\/yhdistykset.vihreat.fi\/kemionsaaren.vihreat\/?p=850"},"modified":"2023-05-26T18:23:21","modified_gmt":"2023-05-26T15:23:21","slug":"gront-mote-vihrea-kokous","status":"publish","type":"post","link":"https:\/\/yhdistykset.vihreat.fi\/kemionsaaren.vihreat\/2023\/05\/26\/gront-mote-vihrea-kokous\/","title":{"rendered":"Gr\u00f6nt m\u00f6te ! &#8211; Vihre\u00e4 kokous!"},"content":{"rendered":"<p><a href=\"https:\/\/yhdistykset.vihreat.fi\/kemionsaaren.vihreat\/files\/2022\/04\/Kartta-sv-fi-pieni.jpg\"><img loading=\"lazy\" decoding=\"async\" class=\"size-full wp-image-647 aligncenter\" src=\"https:\/\/yhdistykset.vihreat.fi\/kemionsaaren.vihreat\/files\/2022\/04\/Kartta-sv-fi-pieni.jpg\" alt=\"De Gr\u00f6na i Kimito\u00f6ns logo Kemi\u00f6nsaaren Vihreiden logo\" width=\"226\" height=\"227\" srcset=\"https:\/\/yhdistykset.vihreat.fi\/kemionsaaren.vihreat\/files\/2022\/04\/Kartta-sv-fi-pieni.jpg 226w, https:\/\/yhdistykset.vihreat.fi\/kemionsaaren.vihreat\/files\/2022\/04\/Kartta-sv-fi-pieni-150x150.jpg 150w\" sizes=\"auto, (max-width: 226px) 100vw, 226px\" \/><\/a><\/p>\n<p>Vi tr\u00e4ffas och pratar om allt aktuellt i olika n\u00e4mnder och i Gr\u00f6nas styrelse s\u00f6ndag 28.5 kl ca.16 i Kubu, Bj\u00f6rkboda, Smedskullav\u00e4gen 3. Du kan ocks\u00e5 delta i den magnifika <a href=\"https:\/\/www.facebook.com\/events\/2022597661416999\/?ref=newsfeed\" target=\"_blank\" rel=\"noopener\">Skogsfesten<\/a> f\u00f6re m\u00f6tet! D\u00e4r f\u00e5r vi h\u00f6ra om ett konstprojekt som behandlar f\u00f6rh\u00e5llandet till skogen, en presentation av situationen inom skogsskyddet och dessutom kommer vi att utveckla verktyg f\u00f6r att uttrycka h\u00f6gaktningen f\u00f6r naturen. Kom med!<\/p>\n<p><em>Kokoonnumme keskustelemaan ajankohtaisista asioista eri lautakunnissa ja Vihreitten hallituksessa sunnuntaina 28.5. n. klo 16 Kubussa, Bj\u00f6rkbodassa, Smedskullav\u00e4gen 3. Voit my\u00f6s osallistua upeaan <a href=\"https:\/\/www.facebook.com\/events\/2022597661416999\/?ref=newsfeed\" target=\"_blank\" rel=\"noopener\">Mets\u00e4juhlaan<\/a> ennen kokousta! Tilaisuudessa kuullaan puheenvuoroja mets\u00e4suhdetta k\u00e4sittelevist\u00e4 taidehankkeista, saaren metsiensuojelun tilanteesta ja kehitet\u00e4\u00e4n v\u00e4lineit\u00e4 luonnon kunnioittamisen ilmaisemiseen. Tule mukaan!<\/em><\/p>\n","protected":false},"excerpt":{"rendered":"<p>Vi tr\u00e4ffas och pratar om allt aktuellt i olika n\u00e4mnder och i Gr\u00f6nas styrelse s\u00f6ndag 28.5 kl ca.16 i Kubu, Bj\u00f6rkboda, Smedskullav\u00e4gen 3. Du kan ocks\u00e5 delta i den magnifika Skogsfesten f\u00f6re m\u00f6tet! D\u00e4r f\u00e5r vi h\u00f6ra om ett konstprojekt som behandlar f\u00f6rh\u00e5llandet till skogen, en presentation av situationen inom skogsskyddet och dessutom kommer vi [&hellip;]<\/p>\n","protected":false},"author":1350,"featured_media":0,"comment_status":"open","ping_status":"open","sticky":false,"template":"","format":"standard","meta":{"_et_pb_use_builder":"","_et_pb_old_content":"","_et_gb_content_width":"","footnotes":""},"categories":[9],"tags":[],"class_list":["post-850","post","type-post","status-publish","format-standard","hentry","category-evenemang-tapahtumat"],"featuredImage":"","authorName":"satu.zwerver","term":["Evenemang \/ Tapahtumat"],"author_url":"https:\/\/yhdistykset.vihreat.fi\/kemionsaaren.vihreat\/?p=850","_links":{"self":[{"href":"https:\/\/yhdistykset.vihreat.fi\/kemionsaaren.vihreat\/wp-json\/wp\/v2\/posts\/850","targetHints":{"allow":["GET"]}}],"collection":[{"href":"https:\/\/yhdistykset.vihreat.fi\/kemionsaaren.vihreat\/wp-json\/wp\/v2\/posts"}],"about":[{"href":"https:\/\/yhdistykset.vihreat.fi\/kemionsaaren.vihreat\/wp-json\/wp\/v2\/types\/post"}],"author":[{"embeddable":true,"href":"https:\/\/yhdistykset.vihreat.fi\/kemionsaaren.vihreat\/wp-json\/wp\/v2\/users\/1350"}],"replies":[{"embeddable":true,"href":"https:\/\/yhdistykset.vihreat.fi\/kemionsaaren.vihreat\/wp-json\/wp\/v2\/comments?post=850"}],"version-history":[{"count":7,"href":"https:\/\/yhdistykset.vihreat.fi\/kemionsaaren.vihreat\/wp-json\/wp\/v2\/posts\/850\/revisions"}],"predecessor-version":[{"id":858,"href":"https:\/\/yhdistykset.vihreat.fi\/kemionsaaren.vihreat\/wp-json\/wp\/v2\/posts\/850\/revisions\/858"}],"wp:attachment":[{"href":"https:\/\/yhdistykset.vihreat.fi\/kemionsaaren.vihreat\/wp-json\/wp\/v2\/media?parent=850"}],"wp:term":[{"taxonomy":"category","embeddable":true,"href":"https:\/\/yhdistykset.vihreat.fi\/kemionsaaren.vihreat\/wp-json\/wp\/v2\/categories?post=850"},{"taxonomy":"post_tag","embeddable":true,"href":"https:\/\/yhdistykset.vihreat.fi\/kemionsaaren.vihreat\/wp-json\/wp\/v2\/tags?post=850"}],"curies":[{"name":"wp","href":"https:\/\/api.w.org\/{rel}","templated":true}]}}