{"id":919,"date":"2023-10-16T14:52:19","date_gmt":"2023-10-16T11:52:19","guid":{"rendered":"https:\/\/yhdistykset.vihreat.fi\/kemionsaaren.vihreat\/?p=919"},"modified":"2023-10-16T15:00:14","modified_gmt":"2023-10-16T12:00:14","slug":"miljon-i-budgeten","status":"publish","type":"post","link":"https:\/\/yhdistykset.vihreat.fi\/kemionsaaren.vihreat\/2023\/10\/16\/miljon-i-budgeten\/","title":{"rendered":"Milj\u00f6n i budgeten"},"content":{"rendered":"<p>Idag diskuterar kommunstyrelsen <a href=\"https:\/\/kemionsaari.tweb.fi\/ktwebscr\/fileshow?doctype=3&amp;docid=150817&amp;version=0\" target=\"_blank\" rel=\"noopener\">n\u00e4sta \u00e5rs budget<\/a>. Och vilken gl\u00e4dje \u00e4r det att se hur v\u00e4l och tydligt milj\u00f6- och klimatfr\u00e5gorna \u00e4ntligen har integrerats i kommunens verksamhet!<\/p>\n<p>I budgeten st\u00e5r det: &#8221;I kommunens milj\u00f6program har tre huvudm\u00e5ls\u00e4ttningar satts: Kolneutralitet, v\u00e4rnandet av naturens m\u00e5ngfald och vattendragens tillst\u00e5nd. Milj\u00f6programmets \u00e5tg\u00e4rder \u00f6verf\u00f6rs till \u00e5rliga m\u00e5l genom att de kopplas till \u00e5rliga m\u00e5l i budgeten.&#8221;<\/p>\n<p><a href=\"https:\/\/yhdistykset.vihreat.fi\/kemionsaaren.vihreat\/files\/2023\/10\/budjetti.png\"><img loading=\"lazy\" decoding=\"async\" class=\"aligncenter size-full wp-image-916\" src=\"https:\/\/yhdistykset.vihreat.fi\/kemionsaaren.vihreat\/files\/2023\/10\/budjetti.png\" alt=\"\" width=\"631\" height=\"895\" srcset=\"https:\/\/yhdistykset.vihreat.fi\/kemionsaaren.vihreat\/files\/2023\/10\/budjetti.png 631w, https:\/\/yhdistykset.vihreat.fi\/kemionsaaren.vihreat\/files\/2023\/10\/budjetti-480x681.png 480w\" sizes=\"auto, (min-width: 0px) and (max-width: 480px) 480px, (min-width: 481px) 631px, 100vw\" \/><\/a><\/p>\n<p>&nbsp;<\/p>\n<p>Och sedan listas det 9 olika \u00e5tg\u00e4rder som kommunen b\u00f6r vidta n\u00e4sta \u00e5r:<br \/>\n1. Milj\u00f6koordinator anst\u00e4lls<br \/>\n2. Milj\u00f6sommarjobben forts\u00e4tter<br \/>\n3. Pilotprojekt f\u00f6r fr\u00e4mjande av Sk\u00e4rg\u00e5rdshavets vattenskydd genom ut\u00f6kning av jordbrukets behandlingsmetoder<br \/>\n4. Kampanjer och informationstillf\u00e4llen om energispar\u00e5tg\u00e4rder<br \/>\n5. Koldioxidsn\u00e5la logistikl\u00f6sningar st\u00f6ds och utvecklas<br \/>\n6. Gatubelysningen byts ut till energisn\u00e5la LED-lampor<br \/>\n7. Bidrag f\u00f6r lokala \u00e5tg\u00e4rder f\u00f6r att f\u00f6rb\u00e4ttra vattendragens tillst\u00e5nd<br \/>\n8. Kommunen g\u00e5r med i kommunernas energieffektivitetsavtal<br \/>\n9. Milj\u00f6fostran i alla \u00e5ldrar: En till skola eller daghem med i \u201dGr\u00f6n flagg\u201d milj\u00f6m\u00e4rket<\/p>\n<p>I budgeten anges ocks\u00e5 vem som \u00e4r ansvarig f\u00f6r alla \u00e5tg\u00e4rder, vilket \u00e4r g\u00f6r det hela mycket tydligt. Annars ocks\u00e5 \u00e4r den nya layouten i budgeten lyckad.<\/p>\n<p>Budgeten \u00f6kar dock inte s\u00e4rskilt mycket genom dessa \u00e5tg\u00e4rder, eftersom \u00e5tg\u00e4rderna 2, 4 och 9 ing\u00e5r i den normala verksamheten och f\u00f6r milj\u00f6koordinatorn f\u00e5r kommunen 40 000 \u20ac i statligt st\u00f6d. Den st\u00f6rsta enskilda summan \u00e4r utbyte av LED-lampor (200 000 \u20ac), vilket s\u00e4kert kommer att ge besparingar f\u00f6r kommunen. Extern finansiering beh\u00f6vs f\u00f6r pilotprojektet om vattenskydd. F\u00f6r punkterna 5, 7 och 8 har sammanlagt 50 000 euro avsatts.<\/p>\n<p>Inga pengar har \u00f6ronm\u00e4rkts f\u00f6r skogsskydd. Vi f\u00f6ljer med vad de innevarande skogsinitiativen kommer att ge. Det Gr\u00f6nas motion om skydd av gammelskogar och SFPs och Centerpartiets initiativ om f\u00f6rs\u00e4ljning av kommunala skogar \u00e4r \u00e4nnu inte behnadlade.<\/p>\n<p>Detta \u00e4r dock bara kommundirekt\u00f6rens f\u00f6rslag. Det \u00e5terst\u00e5r att se hur budgeten kommer att \u00e4ndras under diskussionerna i styrelse och fullm\u00e4ktige.<\/p>\n","protected":false},"excerpt":{"rendered":"<p>Idag diskuterar kommunstyrelsen n\u00e4sta \u00e5rs budget. Och vilken gl\u00e4dje \u00e4r det att se hur v\u00e4l och tydligt milj\u00f6- och klimatfr\u00e5gorna \u00e4ntligen har integrerats i kommunens verksamhet! I budgeten st\u00e5r det: &#8221;I kommunens milj\u00f6program har tre huvudm\u00e5ls\u00e4ttningar satts: Kolneutralitet, v\u00e4rnandet av naturens m\u00e5ngfald och vattendragens tillst\u00e5nd. Milj\u00f6programmets \u00e5tg\u00e4rder \u00f6verf\u00f6rs till \u00e5rliga m\u00e5l genom att de kopplas [&hellip;]<\/p>\n","protected":false},"author":1350,"featured_media":0,"comment_status":"open","ping_status":"open","sticky":false,"template":"","format":"standard","meta":{"_et_pb_use_builder":"","_et_pb_old_content":"","_et_gb_content_width":"","footnotes":""},"categories":[114],"tags":[],"class_list":["post-919","post","type-post","status-publish","format-standard","hentry","category-information-och-asikter-tietoa-ja-mielipiteita"],"featuredImage":"","authorName":"satu.zwerver","term":["Information och \u00e5sikter\/ Tietoa ja mielipiteit\u00e4"],"author_url":"https:\/\/yhdistykset.vihreat.fi\/kemionsaaren.vihreat\/?p=919","_links":{"self":[{"href":"https:\/\/yhdistykset.vihreat.fi\/kemionsaaren.vihreat\/wp-json\/wp\/v2\/posts\/919","targetHints":{"allow":["GET"]}}],"collection":[{"href":"https:\/\/yhdistykset.vihreat.fi\/kemionsaaren.vihreat\/wp-json\/wp\/v2\/posts"}],"about":[{"href":"https:\/\/yhdistykset.vihreat.fi\/kemionsaaren.vihreat\/wp-json\/wp\/v2\/types\/post"}],"author":[{"embeddable":true,"href":"https:\/\/yhdistykset.vihreat.fi\/kemionsaaren.vihreat\/wp-json\/wp\/v2\/users\/1350"}],"replies":[{"embeddable":true,"href":"https:\/\/yhdistykset.vihreat.fi\/kemionsaaren.vihreat\/wp-json\/wp\/v2\/comments?post=919"}],"version-history":[{"count":3,"href":"https:\/\/yhdistykset.vihreat.fi\/kemionsaaren.vihreat\/wp-json\/wp\/v2\/posts\/919\/revisions"}],"predecessor-version":[{"id":924,"href":"https:\/\/yhdistykset.vihreat.fi\/kemionsaaren.vihreat\/wp-json\/wp\/v2\/posts\/919\/revisions\/924"}],"wp:attachment":[{"href":"https:\/\/yhdistykset.vihreat.fi\/kemionsaaren.vihreat\/wp-json\/wp\/v2\/media?parent=919"}],"wp:term":[{"taxonomy":"category","embeddable":true,"href":"https:\/\/yhdistykset.vihreat.fi\/kemionsaaren.vihreat\/wp-json\/wp\/v2\/categories?post=919"},{"taxonomy":"post_tag","embeddable":true,"href":"https:\/\/yhdistykset.vihreat.fi\/kemionsaaren.vihreat\/wp-json\/wp\/v2\/tags?post=919"}],"curies":[{"name":"wp","href":"https:\/\/api.w.org\/{rel}","templated":true}]}}