{"id":949,"date":"2023-12-04T18:56:02","date_gmt":"2023-12-04T16:56:02","guid":{"rendered":"https:\/\/yhdistykset.vihreat.fi\/kemionsaaren.vihreat\/?p=949"},"modified":"2023-12-04T19:13:26","modified_gmt":"2023-12-04T17:13:26","slug":"en-dyr-klenod","status":"publish","type":"post","link":"https:\/\/yhdistykset.vihreat.fi\/kemionsaaren.vihreat\/2023\/12\/04\/en-dyr-klenod\/","title":{"rendered":"En dyr klenod"},"content":{"rendered":"<p><a href=\"https:\/\/yhdistykset.vihreat.fi\/kemionsaaren.vihreat\/files\/2023\/12\/kalliogubbar-1.jpg\"><img loading=\"lazy\" decoding=\"async\" class=\"aligncenter size-large wp-image-955\" src=\"https:\/\/yhdistykset.vihreat.fi\/kemionsaaren.vihreat\/files\/2023\/12\/kalliogubbar-1-1024x500.jpg\" alt=\"\" width=\"1024\" height=\"500\" srcset=\"https:\/\/yhdistykset.vihreat.fi\/kemionsaaren.vihreat\/files\/2023\/12\/kalliogubbar-1-1024x500.jpg 1024w, https:\/\/yhdistykset.vihreat.fi\/kemionsaaren.vihreat\/files\/2023\/12\/kalliogubbar-1-980x479.jpg 980w, https:\/\/yhdistykset.vihreat.fi\/kemionsaaren.vihreat\/files\/2023\/12\/kalliogubbar-1-480x235.jpg 480w\" sizes=\"auto, (min-width: 0px) and (max-width: 480px) 480px, (min-width: 481px) and (max-width: 980px) 980px, (min-width: 981px) 1024px, 100vw\" \/><\/a><br \/>\nDestia planerar ett stenbrott i en av de lugnare delarna av Kimito\u00f6n. Naturligtvis beh\u00f6vs sten f\u00f6r byggnation, v\u00e4gunderh\u00e5ll och m\u00e5nga andra \u00e4ndam\u00e5l. Men stenmaterial b\u00f6r inte anv\u00e4ndas v\u00e5rdsl\u00f6st bara f\u00f6r att det finns berggrund p\u00e5 varje halv\u00f6 och i varje s\u00e4nka i Finland. Berggrunden \u00e4r inte en f\u00f6rnybar resurs. Den har funnits d\u00e4r i 2,5 miljarder \u00e5r. H\u00f6g \u00e5lder garanterar inte i sig en v\u00e4rdig behandling, vilket vi har sett p\u00e5 andra omr\u00e5den i samh\u00e4llet.<\/p>\n<p>Krossning av berg kr\u00e4ver tillst\u00e5nd. Tillst\u00e5ndet beviljas av kommunens milj\u00f6v\u00e5rdsmyndighet, i Kimito\u00f6n av milj\u00f6- och bygglovsn\u00e4mnden. Milj\u00f6sekreteraren bereder \u00e4rendet f\u00f6r n\u00e4mnden. Till skillnad fr\u00e5n andra kommunala beslut kan denna n\u00e4mnd inte fatta beslut p\u00e5 politiska grunder, p\u00e5 ett lekfullt s\u00e4tt sagt &#8221;till dej och till mej&#8221;-modellen. N\u00e4mndens beslut m\u00e5ste grunda sig p\u00e5 lag och f\u00f6rordning, det finns inget spelrum.<\/p>\n<p>Ett tillst\u00e5nd m\u00e5ste beviljas om verksamheten inte orsakar n\u00e5gon skada p\u00e5 h\u00e4lsa eller milj\u00f6. Detta kan s\u00e4kerst\u00e4llas genom tillst\u00e5ndsvillkor: begr\u00e4nsningar av buller, damm, utsl\u00e4pp till vatten etc. Generellt sett \u00e4r tillst\u00e5ndsvillkoren strikta och till\u00e4mpningen av dem skulle kanske kunna sk\u00e4rpas eller omorganiseras, t.ex. s\u00e5 att bullerm\u00e4tningar inte g\u00f6rs under lunchraster, vilket har h\u00e4vdats vara fallet. Det skulle vara l\u00e4tt att g\u00f6ra en livepresentation av m\u00e4tningen f\u00f6r att visa den faktiska h\u00e4ndelsen.<\/p>\n<p>I den h\u00e5llbara utvecklingens namn kan tillst\u00e5ndsvillkoren drivas i en mycket strikt riktning genom krav p\u00e5 b\u00e4sta tillg\u00e4ngliga teknik, vilket n\u00e4r det g\u00e4ller stenbrott till exempel skulle kunna inneb\u00e4ra elektriska krossar och fordon eller \u00e5tminstone hybridfordon. Dessa krav skulle p\u00e5verka projektets ekonomiska b\u00e4rkraft, kanske till och med s\u00e5 mycket att hela projektet inte skullep\u00e5b\u00f6rjas. Vilket enligt min mening skulle vara en bra sak i fallet med Galtarby stenbrott p\u00e5 Kimito\u00f6n. Med tanke p\u00e5 den lilla positiva ekonomiska inverkan som projektet uppskattas f\u00e5 p\u00e5 Kimito\u00f6n (uppskattningsvis ett transportf\u00f6retag kommer att anst\u00e4llas, viss inkomst f\u00f6r hamnen) och \u00e5 andra sidan en stor negativ inverkan p\u00e5 naturen, klimatet, m\u00e4nniskors v\u00e4lbefinnande, rekreation och k\u00e4nsla av trygghet &#8211; \u00e4ven s\u00e4kerhet &#8211; n\u00e4r tunga fordon k\u00f6r, i v\u00e4rsta fall, genom det idylliska gamla samh\u00e4llet Dalsbruk.<\/p>\n<p>Det senare &#8211; trivsel, rekreation och s\u00e4kerhet &#8211; verkar vara n\u00e5got fredl\u00f6st<strong>, <\/strong>trots att det \u00e4r just de vardagliga saker (och d\u00e4rf\u00f6r kanske f\u00f6r sj\u00e4lvklara och inte v\u00e4rda att uppm\u00e4rksamma?) som lokalbefolkningen och de som flyttar till eller planerar att flytta hit v\u00e4rdes\u00e4tter, och som ocks\u00e5 lyfts fram i kommunens strategi, program och marknadsf\u00f6ring &#8211; natur, lugn och ro, turism. Det h\u00e4r n\u00e4mns dock ocks\u00e5 i lagarna, h\u00e4r \u00e4r en kort sammanfattning av dem:<\/p>\n<p><strong>Milj\u00f6skyddslagen 1\u00a7<\/strong> Lagens syfte, punkt 2.<br \/>\n\u201d<em>&#8230;trygga en sund, trivsam och naturekonomiskt h\u00e5llbar och m\u00e5ngsidig milj\u00f6&#8230;<\/em>\u201d,<\/p>\n<p>samt 5\u00a7 Definitioner, I denna lag avses med<br \/>\npunkt 2 \u201d <em>f\u00f6rorening av milj\u00f6n &#8211; utsl\u00e4pp som antingen i sig eller tillsammans med andra utsl\u00e4pp\u201d:<\/em><br \/>\n<em>\u201dd) minskar den allm\u00e4nna trivseln i milj\u00f6n eller s\u00e4rskilda kulturv\u00e4rden,<br \/>\n<\/em>e)<em> minskar milj\u00f6ns l\u00e4mplighet f\u00f6r allm\u00e4n rekreation,<\/em><br \/>\n<em>f) skadar eller medf\u00f6r ol\u00e4genhet f\u00f6r egendom eller dess anv\u00e4ndning\u201d<\/em><\/p>\n<p><strong>Markanv\u00e4ndnings- och bygglag<\/strong> \u00a71<br \/>\n<em>&#8221;Lagens allm\u00e4nna syfte<\/em><br \/>\n<em>Syftet med denna lag \u00e4r att reglera omr\u00e5desanv\u00e4ndningen och byggandet f\u00f6r att p\u00e5 det s\u00e4ttet skapa f\u00f6ruts\u00e4ttningar f\u00f6r en bra livsmilj\u00f6 och fr\u00e4mja en ekologiskt, ekonomiskt, socialt och kulturellt h\u00e5llbar utveckling&#8221;<\/em><\/p>\n<p><strong>Lag ang\u00e5ende vissa grannelagsf\u00f6rh\u00e5llanden<\/strong> \u00a717<br \/>\n<em>\u201dEn fastighet, byggnad eller l\u00e4genhet f\u00e5r inte anv\u00e4ndas s\u00e5 att grannarna eller de som bor eller innehar fastigheter, byggnader eller l\u00e4genheter i n\u00e4rheten orsakas osk\u00e4ligt besv\u00e4r av \u00e4mnen som \u00e4r skadliga f\u00f6r milj\u00f6n, sot, smuts, damm, lukt, fukt, buller, skakning, str\u00e5lning, ljus, v\u00e4rme eller annan motsvarande p\u00e5verkan.<\/em><\/p>\n<p><em>Vid bed\u00f6mning av hur osk\u00e4ligt besv\u00e4ret \u00e4r skall de lokala f\u00f6rh\u00e5llandena beaktas, hur vanligt besv\u00e4ret \u00e4r i \u00f6vrigt, hur kraftigt och varaktigt besv\u00e4ret \u00e4r, den tidpunkt d\u00e5 besv\u00e4ret uppstod samt andra motsvarande omst\u00e4ndigheter.\u201d<\/em><\/p>\n<p>och<strong> kommunens egna milj\u00f6skyddsf\u00f6reskrifter<\/strong> \u00a71 M\u00e5l<br \/>\n\u201d<em>1.1 Syftet med milj\u00f6skyddsf\u00f6reskrifterna \u00e4r att med beaktande av de lokala f\u00f6rh\u00e5llandena\u00a0<\/em><em>i kommunen\u00a0<\/em><em>\u2026 bevara en h\u00e4lsosam, trivsam, samt ekologiskt h\u00e5llbar och m\u00e5ngsidig milj\u00f6\u201d<\/em><\/p>\n<p>Varf\u00f6r anv\u00e4nds inte dessa f\u00f6r att motivera begr\u00e4nsningar av tillst\u00e5ndsans\u00f6kningar? Ofta h\u00e4nvisas det till att det inte finns n\u00e5gra s\u00e5dana ol\u00e4genheter p\u00e5 platsen. Nej, det finns det inte. Men stenbrottet kommer att leda till en mycket betydande \u00f6kning av den tunga trafiken p\u00e5 de litet anv\u00e4nda v\u00e4garna p\u00e5 Kimito\u00f6n. Kustrutten p\u00e5 cykel, den nationella cykelv\u00e4gen, anv\u00e4nder samma v\u00e4gar. Men skulle det i alla fall bli mer inkomster och social v\u00e4lf\u00e4rd fr\u00e5n turister genom boende, m\u00e5ltider, program etc. \u00e4n fr\u00e5n n\u00e5gra f\u00e5 lass sten?<\/p>\n<p>Ett stort hinder f\u00f6r planerna \u00e4r den mycket st\u00f6rande inverkan den planerade verksamheten f\u00e5r p\u00e5 den s\u00e4rpr\u00e4glade livsstilen i det sammansvetsade samh\u00e4llet Dalsbruk, om fritt str\u00f6vande i den gamla bruksmilj\u00f6n hindras av tanken p\u00e5 ett eventuellt m\u00f6te med en 60+ tons lastbil med grus. \u00a0\u00c4ven om alla transporter skulle ske l\u00e4ngs v\u00e4g 183, som \u00e4r en st\u00f6rre v\u00e4g och Dalsbruks k\u00e4rna d\u00e4rmed skulle l\u00e4mnas utanf\u00f6r lastbilsrutterna, skulle situationen vara mycket b\u00e4ttre, men f\u00f6r mig personligen \u00e4r detta inte tillr\u00e4ckligt.<\/p>\n<p>F\u00f6r min del vill jag vara med och bygga en Kimito\u00f6 med naturen, lugnet och tryggheten som ledstj\u00e4rnor. Destia har olika ledstj\u00e4rnor. Och det \u00e4r bra. Jag har varit i kontakt med Destia vid flera tillf\u00e4llen ang\u00e5ende Galtarby stenbrott och trots olika syns\u00e4tt har diskussionerna varit utm\u00e4rkta &#8211; \u00f6msesidigt respektfulla, sakliga och till och med avslappnade. Jag tror ocks\u00e5 att Destia menar allvar med sina m\u00e5ngfacetterade projekt f\u00f6r cirkul\u00e4r ekonomi. N\u00e4r det g\u00e4ller de sociala konsekvenserna skulle Destia beh\u00f6va lite mer sparring och ligga i framkant n\u00e4r det g\u00e4ller f\u00f6retagets ansvar. EU-lagstiftningen med sina direktiv om f\u00f6retagens sociala ansvar kommer dock att behandla dessa n\u00e4rmare i framtiden. Destia, ni har makten, styrkan och \u00e4ran att inte alls \u00f6ppna Galtarby stenbrott. I vilket fall som helst kommer projektet att ha en stor negativ inverkan p\u00e5 milj\u00f6n, naturen, klimatet och det lokala sociala livet, medan den positiva inverkan p\u00e5 lokalsamh\u00e4llet d\u00e4remot kommer att vara mycket begr\u00e4nsad.<\/p>\n<p>En samtalspartner s\u00e5g ett samband mellan siffran 183, som \u00e4r nummret p\u00e5 den stora v\u00e4gen till Dalsbruk och psalmen i den finska psalmboken som b\u00f6rjar med orden &#8221;En dyr klenod&#8221;. Nummret \u00e4r 199 i den svenska psalmboken. L\u00e5t oss ta hand om v\u00e5r dyra klenod, det idylliska samh\u00e4llet Dalsbruk och de lugna sm\u00e5 v\u00e4garna, samt den natur som omger dem, d\u00e5 kommer ocks\u00e5 m\u00e4nniskan att m\u00e5 bra.<\/p>\n<p>Satu Zwerver \/ \u00d6vers\u00e4ttning Gunilla Avellan<\/p>\n","protected":false},"excerpt":{"rendered":"<p>Destia planerar ett stenbrott i en av de lugnare delarna av Kimito\u00f6n. Naturligtvis beh\u00f6vs sten f\u00f6r byggnation, v\u00e4gunderh\u00e5ll och m\u00e5nga andra \u00e4ndam\u00e5l. Men stenmaterial b\u00f6r inte anv\u00e4ndas v\u00e5rdsl\u00f6st bara f\u00f6r att det finns berggrund p\u00e5 varje halv\u00f6 och i varje s\u00e4nka i Finland. Berggrunden \u00e4r inte en f\u00f6rnybar resurs. Den har funnits d\u00e4r i 2,5 [&hellip;]<\/p>\n","protected":false},"author":1350,"featured_media":0,"comment_status":"open","ping_status":"open","sticky":false,"template":"","format":"standard","meta":{"_et_pb_use_builder":"","_et_pb_old_content":"","_et_gb_content_width":"","footnotes":""},"categories":[105],"tags":[106,108,116],"class_list":["post-949","post","type-post","status-publish","format-standard","hentry","category-aktuellt-ajankohtaista","tag-destia","tag-galtarby","tag-stenbrott"],"featuredImage":"","authorName":"satu.zwerver","term":["Aktuellt \/ Ajankohtaista"],"author_url":"https:\/\/yhdistykset.vihreat.fi\/kemionsaaren.vihreat\/?p=949","_links":{"self":[{"href":"https:\/\/yhdistykset.vihreat.fi\/kemionsaaren.vihreat\/wp-json\/wp\/v2\/posts\/949","targetHints":{"allow":["GET"]}}],"collection":[{"href":"https:\/\/yhdistykset.vihreat.fi\/kemionsaaren.vihreat\/wp-json\/wp\/v2\/posts"}],"about":[{"href":"https:\/\/yhdistykset.vihreat.fi\/kemionsaaren.vihreat\/wp-json\/wp\/v2\/types\/post"}],"author":[{"embeddable":true,"href":"https:\/\/yhdistykset.vihreat.fi\/kemionsaaren.vihreat\/wp-json\/wp\/v2\/users\/1350"}],"replies":[{"embeddable":true,"href":"https:\/\/yhdistykset.vihreat.fi\/kemionsaaren.vihreat\/wp-json\/wp\/v2\/comments?post=949"}],"version-history":[{"count":4,"href":"https:\/\/yhdistykset.vihreat.fi\/kemionsaaren.vihreat\/wp-json\/wp\/v2\/posts\/949\/revisions"}],"predecessor-version":[{"id":956,"href":"https:\/\/yhdistykset.vihreat.fi\/kemionsaaren.vihreat\/wp-json\/wp\/v2\/posts\/949\/revisions\/956"}],"wp:attachment":[{"href":"https:\/\/yhdistykset.vihreat.fi\/kemionsaaren.vihreat\/wp-json\/wp\/v2\/media?parent=949"}],"wp:term":[{"taxonomy":"category","embeddable":true,"href":"https:\/\/yhdistykset.vihreat.fi\/kemionsaaren.vihreat\/wp-json\/wp\/v2\/categories?post=949"},{"taxonomy":"post_tag","embeddable":true,"href":"https:\/\/yhdistykset.vihreat.fi\/kemionsaaren.vihreat\/wp-json\/wp\/v2\/tags?post=949"}],"curies":[{"name":"wp","href":"https:\/\/api.w.org\/{rel}","templated":true}]}}