{"id":978,"date":"2024-01-08T12:08:53","date_gmt":"2024-01-08T10:08:53","guid":{"rendered":"https:\/\/yhdistykset.vihreat.fi\/kemionsaaren.vihreat\/?p=978"},"modified":"2024-01-08T12:11:28","modified_gmt":"2024-01-08T10:11:28","slug":"ny-ordforande-och-styrelse-uusi-puheenjohtaja-ja-hallitus","status":"publish","type":"post","link":"https:\/\/yhdistykset.vihreat.fi\/kemionsaaren.vihreat\/2024\/01\/08\/ny-ordforande-och-styrelse-uusi-puheenjohtaja-ja-hallitus\/","title":{"rendered":"Ny ordf\u00f6rande och styrelse \/ Uusi puheenjohtaja ja hallitus"},"content":{"rendered":"<p>De Gr\u00f6na i Kimito\u00f6n rf valde Satu Zwerver till ny ordf\u00f6rande vid sitt h\u00f6stm\u00f6te. Som styrelsemedlemmar f\u00f6r \u00e5r 2024 forts\u00e4tter tidigare ordf\u00f6rande Lea R\u00e4is\u00e4nen, samt Sari Kippil\u00e4, Sami Siitojoki och Gunilla Avell\u00e1n. Sari Kippil\u00e4 valdes till viceordf\u00f6rande och Sami Siitojoki till sekreterare.<\/p>\n<p>Zwerver, som noggrant g\u00f6r sig f\u00f6rtrogen i olika \u00e4renden, tar g\u00e4rna emot uppdraget.<\/p>\n<p>&#8211; \u201dMed samarbete kan man g\u00f6ra Kimito\u00f6n \u00e4nnu gr\u00f6nare och till en kommun som betj\u00e4nar sina innev\u00e5nare bra.\u201d<\/p>\n<p>Zwerver po\u00e4ngterar att en \u00f6ppen diskussion med medborgarna \u00e4r viktig f\u00f6r att m\u00f6jligast olika synpunkter beaktas i beslutsfattandet.<\/p>\n<p>&#8211; \u201dDet planeras nu solenergiparker i kommunen. Det \u00e4r viktigt att h\u00f6ra innev\u00e5narna och att informera om inverkan av projekten f\u00f6re beslut tas.\u201d<\/p>\n<p>Zwerver har ocks\u00e5 kommunala f\u00f6rtroendeuppdrag p\u00e5 Kimito\u00f6n. Hon \u00e4r suppleant i Kimito\u00f6ns kommunfullm\u00e4ktige (gr\u00f6na), viceordf\u00f6rande i n\u00e4ringslivsn\u00e4mnden och suppleant i tekniska n\u00e4mnden.<\/p>\n<p>&nbsp;<\/p>\n<p><a href=\"https:\/\/yhdistykset.vihreat.fi\/kemionsaaren.vihreat\/files\/2024\/01\/hallitus2024.png\"><img loading=\"lazy\" decoding=\"async\" class=\"aligncenter size-full wp-image-993\" src=\"https:\/\/yhdistykset.vihreat.fi\/kemionsaaren.vihreat\/files\/2024\/01\/hallitus2024.png\" alt=\"\" width=\"791\" height=\"860\" srcset=\"https:\/\/yhdistykset.vihreat.fi\/kemionsaaren.vihreat\/files\/2024\/01\/hallitus2024.png 791w, https:\/\/yhdistykset.vihreat.fi\/kemionsaaren.vihreat\/files\/2024\/01\/hallitus2024-480x522.png 480w\" sizes=\"auto, (min-width: 0px) and (max-width: 480px) 480px, (min-width: 481px) 791px, 100vw\" \/><\/a>Kemi\u00f6nsaaren Vihre\u00e4t ry valitsi syyskokouksessaan uudeksi puheenjohtajakseen Satu Zwerverin. Hallituksen j\u00e4senin\u00e4 vuonna 2024 jatkavat puheenjohtajan teht\u00e4v\u00e4st\u00e4 v\u00e4istynyt Lea R\u00e4is\u00e4nen sek\u00e4 Sari Kippil\u00e4, Sami Siitojoki ja Gunilla Avell\u00e1n. Yhdistyksen varapuheenjohtajaksi valittiin Sari Kippil\u00e4 ja sihteeriksi Sami Siitojoki.<\/p>\n<p>Asioihin huolellisesti perehtyv\u00e4 Zwerver ottaa teht\u00e4v\u00e4n vastaan innolla.<\/p>\n<p>&#8211; \u201dYhteisty\u00f6ll\u00e4 Kemi\u00f6nsaaresta voidaan tehd\u00e4 entist\u00e4 vihre\u00e4mpi ja asukkaitaan hyvin palveleva kunta.\u201d<\/p>\n<p>Zwerver painottaa, ett\u00e4 avoin kansalaiskeskustelu on t\u00e4rke\u00e4\u00e4, jotta p\u00e4\u00e4t\u00f6ksenteossa tullaan huomioineeksi mahdollisimman erilaisia n\u00e4k\u00f6kulmia.<\/p>\n<p>&#8211; \u201dKuntaan ollaan nyt suunnittelemassa aurinkoenergiapuistoja. On t\u00e4rke\u00e4\u00e4, ett\u00e4 kuntalaisia kuullaan ja informoidaan hankkeen mahdollisista vaikutuksista ennen p\u00e4\u00e4t\u00f6ksentekoa.\u201d<\/p>\n<p>Zwerver toimii Kemi\u00f6nsaarella my\u00f6s kunnallisissa luottamusteht\u00e4viss\u00e4. H\u00e4n on Kemi\u00f6nsaaren kunnanvaltuuston varavaltuutettu (vihr.), elinkeinolautakunnan varapuheenjohtaja ja teknisen lautakunnan varaj\u00e4sen.<\/p>\n<p>&nbsp;<\/p>\n","protected":false},"excerpt":{"rendered":"<p>De Gr\u00f6na i Kimito\u00f6n rf valde Satu Zwerver till ny ordf\u00f6rande vid sitt h\u00f6stm\u00f6te. Som styrelsemedlemmar f\u00f6r \u00e5r 2024 forts\u00e4tter tidigare ordf\u00f6rande Lea R\u00e4is\u00e4nen, samt Sari Kippil\u00e4, Sami Siitojoki och Gunilla Avell\u00e1n. Sari Kippil\u00e4 valdes till viceordf\u00f6rande och Sami Siitojoki till sekreterare. Zwerver, som noggrant g\u00f6r sig f\u00f6rtrogen i olika \u00e4renden, tar g\u00e4rna emot uppdraget. [&hellip;]<\/p>\n","protected":false},"author":1350,"featured_media":0,"comment_status":"open","ping_status":"open","sticky":false,"template":"","format":"standard","meta":{"_et_pb_use_builder":"","_et_pb_old_content":"","_et_gb_content_width":"","footnotes":""},"categories":[105],"tags":[],"class_list":["post-978","post","type-post","status-publish","format-standard","hentry","category-aktuellt-ajankohtaista"],"featuredImage":"","authorName":"satu.zwerver","term":["Aktuellt \/ Ajankohtaista"],"author_url":"https:\/\/yhdistykset.vihreat.fi\/kemionsaaren.vihreat\/?p=978","_links":{"self":[{"href":"https:\/\/yhdistykset.vihreat.fi\/kemionsaaren.vihreat\/wp-json\/wp\/v2\/posts\/978","targetHints":{"allow":["GET"]}}],"collection":[{"href":"https:\/\/yhdistykset.vihreat.fi\/kemionsaaren.vihreat\/wp-json\/wp\/v2\/posts"}],"about":[{"href":"https:\/\/yhdistykset.vihreat.fi\/kemionsaaren.vihreat\/wp-json\/wp\/v2\/types\/post"}],"author":[{"embeddable":true,"href":"https:\/\/yhdistykset.vihreat.fi\/kemionsaaren.vihreat\/wp-json\/wp\/v2\/users\/1350"}],"replies":[{"embeddable":true,"href":"https:\/\/yhdistykset.vihreat.fi\/kemionsaaren.vihreat\/wp-json\/wp\/v2\/comments?post=978"}],"version-history":[{"count":9,"href":"https:\/\/yhdistykset.vihreat.fi\/kemionsaaren.vihreat\/wp-json\/wp\/v2\/posts\/978\/revisions"}],"predecessor-version":[{"id":998,"href":"https:\/\/yhdistykset.vihreat.fi\/kemionsaaren.vihreat\/wp-json\/wp\/v2\/posts\/978\/revisions\/998"}],"wp:attachment":[{"href":"https:\/\/yhdistykset.vihreat.fi\/kemionsaaren.vihreat\/wp-json\/wp\/v2\/media?parent=978"}],"wp:term":[{"taxonomy":"category","embeddable":true,"href":"https:\/\/yhdistykset.vihreat.fi\/kemionsaaren.vihreat\/wp-json\/wp\/v2\/categories?post=978"},{"taxonomy":"post_tag","embeddable":true,"href":"https:\/\/yhdistykset.vihreat.fi\/kemionsaaren.vihreat\/wp-json\/wp\/v2\/tags?post=978"}],"curies":[{"name":"wp","href":"https:\/\/api.w.org\/{rel}","templated":true}]}}