{"id":27886,"date":"2025-04-09T00:00:00","date_gmt":"2025-04-08T22:00:00","guid":{"rendered":"https:\/\/yhdistykset.vihreat.fi\/pietarsaaren.vihreat\/?p=27886"},"modified":"2025-04-15T13:08:13","modified_gmt":"2025-04-15T11:08:13","slug":"hallbarhet-ur-olika-perspektiv","status":"publish","type":"post","link":"https:\/\/yhdistykset.vihreat.fi\/pietarsaaren.vihreat\/hallbarhet-ur-olika-perspektiv\/","title":{"rendered":"H\u00e5llbarhet ur olika perspektiv"},"content":{"rendered":"\n<p class=\"wp-block-paragraph\"><\/p>\n\n\n\n<p class=\"wp-block-paragraph\"><\/p>\n\n\n\n<p class=\"wp-block-paragraph\">De gr\u00f6na i Jakobstad rf. g\u00e4stas av Nils Seye Larsen (sve) och inbjuder alla intresserade till diskussion p\u00e5 temat h\u00e5llbarhet. I en kommun med tillv\u00e4xt och framtidstro \u00e4r det av h\u00f6gsta vikt att utvecklas p\u00e5 ett h\u00e5llbart sett \u2013 socialt, ekologiskt, kulturellt och ekonomiskt.<\/p>\n\n\n\n<p class=\"wp-block-paragraph\">Nils Seye Larsen \u00e4r gruppledare f\u00f6r Milj\u00f6partiet de gr\u00f6na i Ume\u00e5 och ordf\u00f6rande f\u00f6r H\u00e5llbarhetsutskottet som har ett \u00f6vergripande strategiskt ansvar f\u00f6r h\u00e5llbarhetsfr\u00e5gor i Ume\u00e5.<\/p>\n\n\n\n<p class=\"wp-block-paragraph\">Vad kan vi l\u00e4ra oss\/l\u00e4ra varandra och hur kan vi ut\u00f6ka samarbetet i dessa fr\u00e5gor mellan v\u00e5ra regioner \u00d6sterbotten och V\u00e4sterbotten?<\/p>\n\n\n\n<p class=\"wp-block-paragraph\">V\u00e4lkommen med att delta i diskussionen eller bara som \u00e5h\u00f6rare!<\/p>\n\n\n\n<p class=\"wp-block-paragraph\">Tillst\u00e4llningen \u00e4r svenskspr\u00e5kig.<br \/>Evenemangets plats (Fiika) \u00e4r fysiskt tillg\u00e4ngligt f\u00f6r personer med funktionsneds\u00e4ttning<br \/>Caf\u00e9 Fiika<br \/>L\u00f6rdag 12.4. kl. 14:00<\/p>\n","protected":false},"excerpt":{"rendered":"<p>Svenska riksdagsledamoten Nils Seye Larsen g\u00e4star oss f\u00f6r att diskutera h\u00e5llbarhet.<\/p>\n","protected":false},"author":1021,"featured_media":27887,"comment_status":"closed","ping_status":"open","sticky":false,"template":"","format":"standard","meta":{"_crdt_document":"","footnotes":""},"categories":[1],"tags":[],"class_list":["post-27886","post","type-post","status-publish","format-standard","has-post-thumbnail","hentry","category-tiedotteet"],"featuredImage":"<img width=\"300\" height=\"228\" src=\"https:\/\/yhdistykset.vihreat.fi\/pietarsaaren.vihreat\/files\/2025\/04\/nils_seye_larsen.jpg\" class=\"attachment-medium size-medium wp-post-image\" alt=\"Nils Seye Larsen (sve)\" decoding=\"async\" loading=\"lazy\" \/>","authorName":"annukka","term":["Tiedotteet"],"author_url":"https:\/\/yhdistykset.vihreat.fi\/pietarsaaren.vihreat\/?p=27886","yoast_head":"<!-- This site is optimized with the Yoast SEO plugin v27.1.1 - https:\/\/yoast.com\/product\/yoast-seo-wordpress\/ -->\n<title>H\u00e5llbarhet ur olika perspektiv - Pietarsaaren Vihre\u00e4t - De Gr\u00f6na i Jakobstad<\/title>\n<meta name=\"robots\" content=\"index, follow, max-snippet:-1, max-image-preview:large, max-video-preview:-1\" \/>\n<link rel=\"canonical\" href=\"https:\/\/yhdistykset.vihreat.fi\/pietarsaaren.vihreat\/hallbarhet-ur-olika-perspektiv\/\" \/>\n<meta property=\"og:locale\" content=\"fi_FI\" \/>\n<meta property=\"og:type\" content=\"article\" \/>\n<meta property=\"og:title\" content=\"H\u00e5llbarhet ur olika perspektiv - Pietarsaaren Vihre\u00e4t - De Gr\u00f6na i Jakobstad\" \/>\n<meta property=\"og:description\" content=\"Svenska riksdagsledamoten Nils Seye Larsen g\u00e4star oss f\u00f6r att diskutera h\u00e5llbarhet.\" \/>\n<meta property=\"og:url\" content=\"https:\/\/yhdistykset.vihreat.fi\/pietarsaaren.vihreat\/hallbarhet-ur-olika-perspektiv\/\" \/>\n<meta property=\"og:site_name\" content=\"Pietarsaaren Vihre\u00e4t - De Gr\u00f6na i Jakobstad\" \/>\n<meta property=\"article:publisher\" content=\"https:\/\/www.facebook.com\/DeGrona\" \/>\n<meta property=\"article:published_time\" content=\"2025-04-08T22:00:00+00:00\" \/>\n<meta property=\"article:modified_time\" content=\"2025-04-15T11:08:13+00:00\" \/>\n<meta property=\"og:image\" content=\"https:\/\/yhdistykset.vihreat.fi\/pietarsaaren.vihreat\/files\/2025\/04\/nils_seye_larsen-696x320.jpg\" \/>\n\t<meta property=\"og:image:width\" content=\"696\" \/>\n\t<meta property=\"og:image:height\" content=\"529\" \/>\n\t<meta property=\"og:image:type\" content=\"image\/jpeg\" \/>\n<meta name=\"author\" content=\"annukka\" \/>\n<meta name=\"twitter:card\" content=\"summary_large_image\" \/>\n<meta name=\"twitter:label1\" content=\"Kirjoittanut\" \/>\n\t<meta name=\"twitter:data1\" content=\"annukka\" \/>\n\t<meta name=\"twitter:label2\" content=\"Arvioitu lukuaika\" \/>\n\t<meta name=\"twitter:data2\" content=\"1 minuutti\" \/>\n<script type=\"application\/ld+json\" class=\"yoast-schema-graph\">{\"@context\":\"https:\/\/schema.org\",\"@graph\":[{\"@type\":\"Article\",\"@id\":\"https:\/\/yhdistykset.vihreat.fi\/pietarsaaren.vihreat\/hallbarhet-ur-olika-perspektiv\/#article\",\"isPartOf\":{\"@id\":\"https:\/\/yhdistykset.vihreat.fi\/pietarsaaren.vihreat\/hallbarhet-ur-olika-perspektiv\/\"},\"author\":{\"name\":\"annukka\",\"@id\":\"https:\/\/yhdistykset.vihreat.fi\/pietarsaaren.vihreat\/#\/schema\/person\/2793239b2f007223d61897d39bacb082\"},\"headline\":\"H\u00e5llbarhet ur olika perspektiv\",\"datePublished\":\"2025-04-08T22:00:00+00:00\",\"dateModified\":\"2025-04-15T11:08:13+00:00\",\"mainEntityOfPage\":{\"@id\":\"https:\/\/yhdistykset.vihreat.fi\/pietarsaaren.vihreat\/hallbarhet-ur-olika-perspektiv\/\"},\"wordCount\":149,\"publisher\":{\"@id\":\"https:\/\/yhdistykset.vihreat.fi\/pietarsaaren.vihreat\/#organization\"},\"image\":{\"@id\":\"https:\/\/yhdistykset.vihreat.fi\/pietarsaaren.vihreat\/hallbarhet-ur-olika-perspektiv\/#primaryimage\"},\"thumbnailUrl\":\"https:\/\/yhdistykset.vihreat.fi\/pietarsaaren.vihreat\/files\/2025\/04\/nils_seye_larsen-696x320.jpg\",\"articleSection\":[\"Tiedotteet\"],\"inLanguage\":\"fi\"},{\"@type\":\"WebPage\",\"@id\":\"https:\/\/yhdistykset.vihreat.fi\/pietarsaaren.vihreat\/hallbarhet-ur-olika-perspektiv\/\",\"url\":\"https:\/\/yhdistykset.vihreat.fi\/pietarsaaren.vihreat\/hallbarhet-ur-olika-perspektiv\/\",\"name\":\"H\u00e5llbarhet ur olika perspektiv - Pietarsaaren Vihre\u00e4t - De Gr\u00f6na i Jakobstad\",\"isPartOf\":{\"@id\":\"https:\/\/yhdistykset.vihreat.fi\/pietarsaaren.vihreat\/#website\"},\"primaryImageOfPage\":{\"@id\":\"https:\/\/yhdistykset.vihreat.fi\/pietarsaaren.vihreat\/hallbarhet-ur-olika-perspektiv\/#primaryimage\"},\"image\":{\"@id\":\"https:\/\/yhdistykset.vihreat.fi\/pietarsaaren.vihreat\/hallbarhet-ur-olika-perspektiv\/#primaryimage\"},\"thumbnailUrl\":\"https:\/\/yhdistykset.vihreat.fi\/pietarsaaren.vihreat\/files\/2025\/04\/nils_seye_larsen-696x320.jpg\",\"datePublished\":\"2025-04-08T22:00:00+00:00\",\"dateModified\":\"2025-04-15T11:08:13+00:00\",\"breadcrumb\":{\"@id\":\"https:\/\/yhdistykset.vihreat.fi\/pietarsaaren.vihreat\/hallbarhet-ur-olika-perspektiv\/#breadcrumb\"},\"inLanguage\":\"fi\",\"potentialAction\":[{\"@type\":\"ReadAction\",\"target\":[\"https:\/\/yhdistykset.vihreat.fi\/pietarsaaren.vihreat\/hallbarhet-ur-olika-perspektiv\/\"]}]},{\"@type\":\"ImageObject\",\"inLanguage\":\"fi\",\"@id\":\"https:\/\/yhdistykset.vihreat.fi\/pietarsaaren.vihreat\/hallbarhet-ur-olika-perspektiv\/#primaryimage\",\"url\":\"https:\/\/yhdistykset.vihreat.fi\/pietarsaaren.vihreat\/files\/2025\/04\/nils_seye_larsen-696x320.jpg\",\"contentUrl\":\"https:\/\/yhdistykset.vihreat.fi\/pietarsaaren.vihreat\/files\/2025\/04\/nils_seye_larsen-696x320.jpg\",\"width\":696,\"height\":529,\"caption\":\"Nils Seye Larsen (sve)\"},{\"@type\":\"BreadcrumbList\",\"@id\":\"https:\/\/yhdistykset.vihreat.fi\/pietarsaaren.vihreat\/hallbarhet-ur-olika-perspektiv\/#breadcrumb\",\"itemListElement\":[{\"@type\":\"ListItem\",\"position\":1,\"name\":\"Home\",\"item\":\"https:\/\/yhdistykset.vihreat.fi\/pietarsaaren.vihreat\/\"},{\"@type\":\"ListItem\",\"position\":2,\"name\":\"H\u00e5llbarhet ur olika perspektiv\"}]},{\"@type\":\"WebSite\",\"@id\":\"https:\/\/yhdistykset.vihreat.fi\/pietarsaaren.vihreat\/#website\",\"url\":\"https:\/\/yhdistykset.vihreat.fi\/pietarsaaren.vihreat\/\",\"name\":\"Pietarsaaren Vihre\u00e4t - De Gr\u00f6na i Jakobstad\",\"description\":\"N\u00e4yt\u00e4 luontosi ja \u00e4\u00e4nest\u00e4\",\"publisher\":{\"@id\":\"https:\/\/yhdistykset.vihreat.fi\/pietarsaaren.vihreat\/#organization\"},\"potentialAction\":[{\"@type\":\"SearchAction\",\"target\":{\"@type\":\"EntryPoint\",\"urlTemplate\":\"https:\/\/yhdistykset.vihreat.fi\/pietarsaaren.vihreat\/?s={search_term_string}\"},\"query-input\":{\"@type\":\"PropertyValueSpecification\",\"valueRequired\":true,\"valueName\":\"search_term_string\"}}],\"inLanguage\":\"fi\"},{\"@type\":\"Organization\",\"@id\":\"https:\/\/yhdistykset.vihreat.fi\/pietarsaaren.vihreat\/#organization\",\"name\":\"Pietarsaaren Vihre\u00e4t - De Gr\u00f6na i Jakobstad\",\"url\":\"https:\/\/yhdistykset.vihreat.fi\/pietarsaaren.vihreat\/\",\"logo\":{\"@type\":\"ImageObject\",\"inLanguage\":\"fi\",\"@id\":\"https:\/\/yhdistykset.vihreat.fi\/pietarsaaren.vihreat\/#\/schema\/logo\/image\/\",\"url\":\"https:\/\/yhdistykset.vihreat.fi\/pietarsaaren.vihreat\/files\/2023\/02\/Vihreat_Logo_HOR_RGB_FIN_SWE.png\",\"contentUrl\":\"https:\/\/yhdistykset.vihreat.fi\/pietarsaaren.vihreat\/files\/2023\/02\/Vihreat_Logo_HOR_RGB_FIN_SWE.png\",\"width\":1162,\"height\":409,\"caption\":\"Pietarsaaren Vihre\u00e4t - De Gr\u00f6na i Jakobstad\"},\"image\":{\"@id\":\"https:\/\/yhdistykset.vihreat.fi\/pietarsaaren.vihreat\/#\/schema\/logo\/image\/\"},\"sameAs\":[\"https:\/\/www.facebook.com\/DeGrona\",\"https:\/\/www.instagram.com\/vihreat_jeppis\"]},{\"@type\":\"Person\",\"@id\":\"https:\/\/yhdistykset.vihreat.fi\/pietarsaaren.vihreat\/#\/schema\/person\/2793239b2f007223d61897d39bacb082\",\"name\":\"annukka\",\"image\":{\"@type\":\"ImageObject\",\"inLanguage\":\"fi\",\"@id\":\"https:\/\/yhdistykset.vihreat.fi\/pietarsaaren.vihreat\/#\/schema\/person\/image\/\",\"url\":\"https:\/\/secure.gravatar.com\/avatar\/b007e2e39b1420088fe6eff280521829a1d7b86959069d756e007b6653b83664?s=96&d=mm&r=g\",\"contentUrl\":\"https:\/\/secure.gravatar.com\/avatar\/b007e2e39b1420088fe6eff280521829a1d7b86959069d756e007b6653b83664?s=96&d=mm&r=g\",\"caption\":\"annukka\"},\"url\":\"https:\/\/yhdistykset.vihreat.fi\/pietarsaaren.vihreat\/author\/annukka\/\"}]}<\/script>\n<!-- \/ Yoast SEO plugin. -->","yoast_head_json":{"title":"H\u00e5llbarhet ur olika perspektiv - Pietarsaaren Vihre\u00e4t - De Gr\u00f6na i Jakobstad","robots":{"index":"index","follow":"follow","max-snippet":"max-snippet:-1","max-image-preview":"max-image-preview:large","max-video-preview":"max-video-preview:-1"},"canonical":"https:\/\/yhdistykset.vihreat.fi\/pietarsaaren.vihreat\/hallbarhet-ur-olika-perspektiv\/","og_locale":"fi_FI","og_type":"article","og_title":"H\u00e5llbarhet ur olika perspektiv - Pietarsaaren Vihre\u00e4t - De Gr\u00f6na i Jakobstad","og_description":"Svenska riksdagsledamoten Nils Seye Larsen g\u00e4star oss f\u00f6r att diskutera h\u00e5llbarhet.","og_url":"https:\/\/yhdistykset.vihreat.fi\/pietarsaaren.vihreat\/hallbarhet-ur-olika-perspektiv\/","og_site_name":"Pietarsaaren Vihre\u00e4t - De Gr\u00f6na i Jakobstad","article_publisher":"https:\/\/www.facebook.com\/DeGrona","article_published_time":"2025-04-08T22:00:00+00:00","article_modified_time":"2025-04-15T11:08:13+00:00","og_image":[{"width":696,"height":529,"url":"https:\/\/yhdistykset.vihreat.fi\/pietarsaaren.vihreat\/files\/2025\/04\/nils_seye_larsen-696x320.jpg","type":"image\/jpeg"}],"author":"annukka","twitter_card":"summary_large_image","twitter_misc":{"Kirjoittanut":"annukka","Arvioitu lukuaika":"1 minuutti"},"schema":{"@context":"https:\/\/schema.org","@graph":[{"@type":"Article","@id":"https:\/\/yhdistykset.vihreat.fi\/pietarsaaren.vihreat\/hallbarhet-ur-olika-perspektiv\/#article","isPartOf":{"@id":"https:\/\/yhdistykset.vihreat.fi\/pietarsaaren.vihreat\/hallbarhet-ur-olika-perspektiv\/"},"author":{"name":"annukka","@id":"https:\/\/yhdistykset.vihreat.fi\/pietarsaaren.vihreat\/#\/schema\/person\/2793239b2f007223d61897d39bacb082"},"headline":"H\u00e5llbarhet ur olika perspektiv","datePublished":"2025-04-08T22:00:00+00:00","dateModified":"2025-04-15T11:08:13+00:00","mainEntityOfPage":{"@id":"https:\/\/yhdistykset.vihreat.fi\/pietarsaaren.vihreat\/hallbarhet-ur-olika-perspektiv\/"},"wordCount":149,"publisher":{"@id":"https:\/\/yhdistykset.vihreat.fi\/pietarsaaren.vihreat\/#organization"},"image":{"@id":"https:\/\/yhdistykset.vihreat.fi\/pietarsaaren.vihreat\/hallbarhet-ur-olika-perspektiv\/#primaryimage"},"thumbnailUrl":"https:\/\/yhdistykset.vihreat.fi\/pietarsaaren.vihreat\/files\/2025\/04\/nils_seye_larsen-696x320.jpg","articleSection":["Tiedotteet"],"inLanguage":"fi"},{"@type":"WebPage","@id":"https:\/\/yhdistykset.vihreat.fi\/pietarsaaren.vihreat\/hallbarhet-ur-olika-perspektiv\/","url":"https:\/\/yhdistykset.vihreat.fi\/pietarsaaren.vihreat\/hallbarhet-ur-olika-perspektiv\/","name":"H\u00e5llbarhet ur olika perspektiv - Pietarsaaren Vihre\u00e4t - De Gr\u00f6na i Jakobstad","isPartOf":{"@id":"https:\/\/yhdistykset.vihreat.fi\/pietarsaaren.vihreat\/#website"},"primaryImageOfPage":{"@id":"https:\/\/yhdistykset.vihreat.fi\/pietarsaaren.vihreat\/hallbarhet-ur-olika-perspektiv\/#primaryimage"},"image":{"@id":"https:\/\/yhdistykset.vihreat.fi\/pietarsaaren.vihreat\/hallbarhet-ur-olika-perspektiv\/#primaryimage"},"thumbnailUrl":"https:\/\/yhdistykset.vihreat.fi\/pietarsaaren.vihreat\/files\/2025\/04\/nils_seye_larsen-696x320.jpg","datePublished":"2025-04-08T22:00:00+00:00","dateModified":"2025-04-15T11:08:13+00:00","breadcrumb":{"@id":"https:\/\/yhdistykset.vihreat.fi\/pietarsaaren.vihreat\/hallbarhet-ur-olika-perspektiv\/#breadcrumb"},"inLanguage":"fi","potentialAction":[{"@type":"ReadAction","target":["https:\/\/yhdistykset.vihreat.fi\/pietarsaaren.vihreat\/hallbarhet-ur-olika-perspektiv\/"]}]},{"@type":"ImageObject","inLanguage":"fi","@id":"https:\/\/yhdistykset.vihreat.fi\/pietarsaaren.vihreat\/hallbarhet-ur-olika-perspektiv\/#primaryimage","url":"https:\/\/yhdistykset.vihreat.fi\/pietarsaaren.vihreat\/files\/2025\/04\/nils_seye_larsen-696x320.jpg","contentUrl":"https:\/\/yhdistykset.vihreat.fi\/pietarsaaren.vihreat\/files\/2025\/04\/nils_seye_larsen-696x320.jpg","width":696,"height":529,"caption":"Nils Seye Larsen (sve)"},{"@type":"BreadcrumbList","@id":"https:\/\/yhdistykset.vihreat.fi\/pietarsaaren.vihreat\/hallbarhet-ur-olika-perspektiv\/#breadcrumb","itemListElement":[{"@type":"ListItem","position":1,"name":"Home","item":"https:\/\/yhdistykset.vihreat.fi\/pietarsaaren.vihreat\/"},{"@type":"ListItem","position":2,"name":"H\u00e5llbarhet ur olika perspektiv"}]},{"@type":"WebSite","@id":"https:\/\/yhdistykset.vihreat.fi\/pietarsaaren.vihreat\/#website","url":"https:\/\/yhdistykset.vihreat.fi\/pietarsaaren.vihreat\/","name":"Pietarsaaren Vihre\u00e4t - De Gr\u00f6na i Jakobstad","description":"N\u00e4yt\u00e4 luontosi ja \u00e4\u00e4nest\u00e4","publisher":{"@id":"https:\/\/yhdistykset.vihreat.fi\/pietarsaaren.vihreat\/#organization"},"potentialAction":[{"@type":"SearchAction","target":{"@type":"EntryPoint","urlTemplate":"https:\/\/yhdistykset.vihreat.fi\/pietarsaaren.vihreat\/?s={search_term_string}"},"query-input":{"@type":"PropertyValueSpecification","valueRequired":true,"valueName":"search_term_string"}}],"inLanguage":"fi"},{"@type":"Organization","@id":"https:\/\/yhdistykset.vihreat.fi\/pietarsaaren.vihreat\/#organization","name":"Pietarsaaren Vihre\u00e4t - De Gr\u00f6na i Jakobstad","url":"https:\/\/yhdistykset.vihreat.fi\/pietarsaaren.vihreat\/","logo":{"@type":"ImageObject","inLanguage":"fi","@id":"https:\/\/yhdistykset.vihreat.fi\/pietarsaaren.vihreat\/#\/schema\/logo\/image\/","url":"https:\/\/yhdistykset.vihreat.fi\/pietarsaaren.vihreat\/files\/2023\/02\/Vihreat_Logo_HOR_RGB_FIN_SWE.png","contentUrl":"https:\/\/yhdistykset.vihreat.fi\/pietarsaaren.vihreat\/files\/2023\/02\/Vihreat_Logo_HOR_RGB_FIN_SWE.png","width":1162,"height":409,"caption":"Pietarsaaren Vihre\u00e4t - De Gr\u00f6na i Jakobstad"},"image":{"@id":"https:\/\/yhdistykset.vihreat.fi\/pietarsaaren.vihreat\/#\/schema\/logo\/image\/"},"sameAs":["https:\/\/www.facebook.com\/DeGrona","https:\/\/www.instagram.com\/vihreat_jeppis"]},{"@type":"Person","@id":"https:\/\/yhdistykset.vihreat.fi\/pietarsaaren.vihreat\/#\/schema\/person\/2793239b2f007223d61897d39bacb082","name":"annukka","image":{"@type":"ImageObject","inLanguage":"fi","@id":"https:\/\/yhdistykset.vihreat.fi\/pietarsaaren.vihreat\/#\/schema\/person\/image\/","url":"https:\/\/secure.gravatar.com\/avatar\/b007e2e39b1420088fe6eff280521829a1d7b86959069d756e007b6653b83664?s=96&d=mm&r=g","contentUrl":"https:\/\/secure.gravatar.com\/avatar\/b007e2e39b1420088fe6eff280521829a1d7b86959069d756e007b6653b83664?s=96&d=mm&r=g","caption":"annukka"},"url":"https:\/\/yhdistykset.vihreat.fi\/pietarsaaren.vihreat\/author\/annukka\/"}]}},"_links":{"self":[{"href":"https:\/\/yhdistykset.vihreat.fi\/pietarsaaren.vihreat\/wp-json\/wp\/v2\/posts\/27886","targetHints":{"allow":["GET"]}}],"collection":[{"href":"https:\/\/yhdistykset.vihreat.fi\/pietarsaaren.vihreat\/wp-json\/wp\/v2\/posts"}],"about":[{"href":"https:\/\/yhdistykset.vihreat.fi\/pietarsaaren.vihreat\/wp-json\/wp\/v2\/types\/post"}],"author":[{"embeddable":true,"href":"https:\/\/yhdistykset.vihreat.fi\/pietarsaaren.vihreat\/wp-json\/wp\/v2\/users\/1021"}],"replies":[{"embeddable":true,"href":"https:\/\/yhdistykset.vihreat.fi\/pietarsaaren.vihreat\/wp-json\/wp\/v2\/comments?post=27886"}],"version-history":[{"count":1,"href":"https:\/\/yhdistykset.vihreat.fi\/pietarsaaren.vihreat\/wp-json\/wp\/v2\/posts\/27886\/revisions"}],"predecessor-version":[{"id":27888,"href":"https:\/\/yhdistykset.vihreat.fi\/pietarsaaren.vihreat\/wp-json\/wp\/v2\/posts\/27886\/revisions\/27888"}],"wp:featuredmedia":[{"embeddable":true,"href":"https:\/\/yhdistykset.vihreat.fi\/pietarsaaren.vihreat\/wp-json\/wp\/v2\/media\/27887"}],"wp:attachment":[{"href":"https:\/\/yhdistykset.vihreat.fi\/pietarsaaren.vihreat\/wp-json\/wp\/v2\/media?parent=27886"}],"wp:term":[{"taxonomy":"category","embeddable":true,"href":"https:\/\/yhdistykset.vihreat.fi\/pietarsaaren.vihreat\/wp-json\/wp\/v2\/categories?post=27886"},{"taxonomy":"post_tag","embeddable":true,"href":"https:\/\/yhdistykset.vihreat.fi\/pietarsaaren.vihreat\/wp-json\/wp\/v2\/tags?post=27886"}],"curies":[{"name":"wp","href":"https:\/\/api.w.org\/{rel}","templated":true}]}}