{"id":27918,"date":"2025-12-17T10:25:19","date_gmt":"2025-12-17T08:25:19","guid":{"rendered":"https:\/\/yhdistykset.vihreat.fi\/pietarsaaren.vihreat\/?p=27918"},"modified":"2025-12-17T10:56:14","modified_gmt":"2025-12-17T08:56:14","slug":"jakobstadsregionen-starkt-representerad-i-finlands-svenska-grona","status":"publish","type":"post","link":"https:\/\/yhdistykset.vihreat.fi\/pietarsaaren.vihreat\/jakobstadsregionen-starkt-representerad-i-finlands-svenska-grona\/","title":{"rendered":"Jakobstadsregionen starkt representerad i Finlands svenska gr\u00f6na"},"content":{"rendered":"\n<p class=\"wp-block-paragraph\">Bicca Olin valdes till Grifis ordf\u00f6rande. Med sig i den nya styrelsen har hon flera nuvarande och utflyttade Jakobstadsbor. Arkivbild.\u00a0Bild: Johanna L\u00e5ngbacka<\/p>\n\n\n\n<h4 class=\"wp-block-heading\"><strong>Finlands svenska gr\u00f6na, Grifi, har valt ny styrelse vid h\u00f6stm\u00f6tet den 9 december.<\/strong><\/h4>\n\n\n\n<p class=\"wp-block-paragraph\">Bland de nyvalda styrelsemedlemmarna finns Heidi Aho, ursprungligen fr\u00e5n Jakobstad och idag bosatt i Esbo. Hon arbetar som \u00f6vers\u00e4ttare och har tidigare varit verksam i b\u00e5de \u00c5bo och Vasa. \u00c4ven Jenni Hattukangas-Velling, bosatt i Esbo men uppvuxen i Jakobstad, tar plats i styrelsen. Hon \u00e4r aktiv i stadens gr\u00f6na organisationer och sitter bland annat i n\u00e4mnden Svenska rum. Sanna Hemming, lokalpolitiker fr\u00e5n Jakobstad men ursprungligen fr\u00e5n Esse, \u00e4r ocks\u00e5 ny i styrelsen och representerar De Gr\u00f6na i Folktinget.<\/p>\n\n\n\n<figure class=\"wp-block-image\"><img decoding=\"async\" src=\"https:\/\/cdn.hssmedia.fi\/Newsmedia\/2025\/09\/16\/647\/uBSwxx7dD0qIdvtuqnevika4PWg484sC.JPG\" alt=\"Sanna Hemming. Arkivbild.\"\/><figcaption class=\"wp-element-caption\">Sanna Hemming. Arkivbild.&nbsp;Bild: Katja Nyman<\/figcaption><\/figure>\n\n\n\n<p class=\"wp-block-paragraph\">Ordf\u00f6rande Bicca Olin omvaldes f\u00f6r ytterligare en mandatperiod. Olin har l\u00e5ng erfarenhet inom De Gr\u00f6na och arbetar idag som ekonomi- och administrationschef p\u00e5 Flyktingr\u00e5dgivningen.<\/p>\n\n\n\n<p class=\"wp-block-paragraph\">Styrelsen best\u00e5r \u00e4ven av Jan Mattsson fr\u00e5n Esbo, samt forts\u00e4ttande medlemmar Juha Kajander fr\u00e5n Kyrksl\u00e4tt, Timo Saroj\u00e4rvi fr\u00e5n Hang\u00f6, Thomas Snellman fr\u00e5n Peders\u00f6re och Jonathan Hemming fr\u00e5n Korsholm.<\/p>\n\n\n\n<figure class=\"wp-block-image\"><img decoding=\"async\" src=\"https:\/\/cdn.hssmedia.fi\/Newsmedia\/2023\/09\/28\/647\/xKX4jTU4YQKbRpaTbOZOM7jFpNfFyLYo.JPG\" alt=\"Thomas Snellman. Arkivbild.\"\/><figcaption class=\"wp-element-caption\">Thomas Snellman. Arkivbild.&nbsp;Bild: Johanna \u00d6sterholm<\/figcaption><\/figure>\n\n\n\n<p class=\"wp-block-paragraph\">Under 2026 satsar Grifi p\u00e5 att utveckla gr\u00f6na politiska m\u00e5ls\u00e4ttningar p\u00e5 svenska, st\u00e4rka kommunikationen ut\u00e5t, rekrytera fler svenskspr\u00e5kiga kandidater och skapa fler m\u00f6tesplatser f\u00f6r nya medlemmar.<\/p>\n\n\n\n<p class=\"wp-block-paragraph\"><a href=\"https:\/\/www.osterbottenstidning.fi\/Artikel\/Visa\/936326\" target=\"_blank\" rel=\"noreferrer noopener\">\u00d6T 14.12.2025<\/a><\/p>\n\n\n\n<p class=\"wp-block-paragraph\"><\/p>\n","protected":false},"excerpt":{"rendered":"<p>Bicca Olin valdes till Grifis ordf\u00f6rande. Med sig i den nya styrelsen har hon flera nuvarande och utflyttade Jakobstadsbor. Arkivbild. Bild: Johanna L\u00e5ngbacka<\/p>\n","protected":false},"author":1021,"featured_media":27920,"comment_status":"closed","ping_status":"open","sticky":false,"template":"","format":"standard","meta":{"_crdt_document":"","footnotes":""},"categories":[1],"tags":[],"class_list":["post-27918","post","type-post","status-publish","format-standard","has-post-thumbnail","hentry","category-tiedotteet"],"featuredImage":"<img width=\"300\" height=\"200\" src=\"https:\/\/yhdistykset.vihreat.fi\/pietarsaaren.vihreat\/files\/2025\/12\/ot_14122025_Bild_Johanna_Langbacka.jpg\" class=\"attachment-medium size-medium wp-post-image\" alt=\"Bild Johanna L\u00e5ngbacka\" decoding=\"async\" loading=\"lazy\" srcset=\"https:\/\/yhdistykset.vihreat.fi\/pietarsaaren.vihreat\/files\/2025\/12\/ot_14122025_Bild_Johanna_Langbacka.jpg 980w, https:\/\/yhdistykset.vihreat.fi\/pietarsaaren.vihreat\/files\/2025\/12\/ot_14122025_Bild_Johanna_Langbacka-300x200.jpg 300w\" sizes=\"auto, (max-width: 300px) 100vw, 300px\" \/>","authorName":"annukka","term":["Tiedotteet"],"author_url":"https:\/\/yhdistykset.vihreat.fi\/pietarsaaren.vihreat\/?p=27918","yoast_head":"<!-- This site is optimized with the Yoast SEO plugin v27.1.1 - https:\/\/yoast.com\/product\/yoast-seo-wordpress\/ -->\n<title>Jakobstadsregionen starkt representerad i Finlands svenska gr\u00f6na - Pietarsaaren Vihre\u00e4t - De Gr\u00f6na i Jakobstad<\/title>\n<meta name=\"robots\" content=\"index, follow, max-snippet:-1, max-image-preview:large, max-video-preview:-1\" \/>\n<link rel=\"canonical\" href=\"https:\/\/yhdistykset.vihreat.fi\/pietarsaaren.vihreat\/jakobstadsregionen-starkt-representerad-i-finlands-svenska-grona\/\" \/>\n<meta property=\"og:locale\" content=\"fi_FI\" \/>\n<meta property=\"og:type\" content=\"article\" \/>\n<meta property=\"og:title\" content=\"Jakobstadsregionen starkt representerad i Finlands svenska gr\u00f6na - Pietarsaaren Vihre\u00e4t - De Gr\u00f6na i Jakobstad\" \/>\n<meta property=\"og:description\" content=\"Bicca Olin valdes till Grifis ordf\u00f6rande. Med sig i den nya styrelsen har hon flera nuvarande och utflyttade Jakobstadsbor. Arkivbild. Bild: Johanna L\u00e5ngbacka\" \/>\n<meta property=\"og:url\" content=\"https:\/\/yhdistykset.vihreat.fi\/pietarsaaren.vihreat\/jakobstadsregionen-starkt-representerad-i-finlands-svenska-grona\/\" \/>\n<meta property=\"og:site_name\" content=\"Pietarsaaren Vihre\u00e4t - De Gr\u00f6na i Jakobstad\" \/>\n<meta property=\"article:publisher\" content=\"https:\/\/www.facebook.com\/DeGrona\" \/>\n<meta property=\"article:published_time\" content=\"2025-12-17T08:25:19+00:00\" \/>\n<meta property=\"article:modified_time\" content=\"2025-12-17T08:56:14+00:00\" \/>\n<meta property=\"og:image\" content=\"https:\/\/yhdistykset.vihreat.fi\/pietarsaaren.vihreat\/files\/2025\/12\/ot_14122025_Bild_Johanna_Langbacka-980x320.jpg\" \/>\n\t<meta property=\"og:image:width\" content=\"980\" \/>\n\t<meta property=\"og:image:height\" content=\"653\" \/>\n\t<meta property=\"og:image:type\" content=\"image\/jpeg\" \/>\n<meta name=\"author\" content=\"annukka\" \/>\n<meta name=\"twitter:card\" content=\"summary_large_image\" \/>\n<meta name=\"twitter:label1\" content=\"Kirjoittanut\" \/>\n\t<meta name=\"twitter:data1\" content=\"annukka\" \/>\n\t<meta name=\"twitter:label2\" content=\"Arvioitu lukuaika\" \/>\n\t<meta name=\"twitter:data2\" content=\"2 minuuttia\" \/>\n<script type=\"application\/ld+json\" class=\"yoast-schema-graph\">{\"@context\":\"https:\/\/schema.org\",\"@graph\":[{\"@type\":\"Article\",\"@id\":\"https:\/\/yhdistykset.vihreat.fi\/pietarsaaren.vihreat\/jakobstadsregionen-starkt-representerad-i-finlands-svenska-grona\/#article\",\"isPartOf\":{\"@id\":\"https:\/\/yhdistykset.vihreat.fi\/pietarsaaren.vihreat\/jakobstadsregionen-starkt-representerad-i-finlands-svenska-grona\/\"},\"author\":{\"name\":\"annukka\",\"@id\":\"https:\/\/yhdistykset.vihreat.fi\/pietarsaaren.vihreat\/#\/schema\/person\/2793239b2f007223d61897d39bacb082\"},\"headline\":\"Jakobstadsregionen starkt representerad i Finlands svenska gr\u00f6na\",\"datePublished\":\"2025-12-17T08:25:19+00:00\",\"dateModified\":\"2025-12-17T08:56:14+00:00\",\"mainEntityOfPage\":{\"@id\":\"https:\/\/yhdistykset.vihreat.fi\/pietarsaaren.vihreat\/jakobstadsregionen-starkt-representerad-i-finlands-svenska-grona\/\"},\"wordCount\":249,\"publisher\":{\"@id\":\"https:\/\/yhdistykset.vihreat.fi\/pietarsaaren.vihreat\/#organization\"},\"image\":{\"@id\":\"https:\/\/yhdistykset.vihreat.fi\/pietarsaaren.vihreat\/jakobstadsregionen-starkt-representerad-i-finlands-svenska-grona\/#primaryimage\"},\"thumbnailUrl\":\"https:\/\/yhdistykset.vihreat.fi\/pietarsaaren.vihreat\/files\/2025\/12\/ot_14122025_Bild_Johanna_Langbacka-980x320.jpg\",\"articleSection\":[\"Tiedotteet\"],\"inLanguage\":\"fi\"},{\"@type\":\"WebPage\",\"@id\":\"https:\/\/yhdistykset.vihreat.fi\/pietarsaaren.vihreat\/jakobstadsregionen-starkt-representerad-i-finlands-svenska-grona\/\",\"url\":\"https:\/\/yhdistykset.vihreat.fi\/pietarsaaren.vihreat\/jakobstadsregionen-starkt-representerad-i-finlands-svenska-grona\/\",\"name\":\"Jakobstadsregionen starkt representerad i Finlands svenska gr\u00f6na - Pietarsaaren Vihre\u00e4t - De Gr\u00f6na i Jakobstad\",\"isPartOf\":{\"@id\":\"https:\/\/yhdistykset.vihreat.fi\/pietarsaaren.vihreat\/#website\"},\"primaryImageOfPage\":{\"@id\":\"https:\/\/yhdistykset.vihreat.fi\/pietarsaaren.vihreat\/jakobstadsregionen-starkt-representerad-i-finlands-svenska-grona\/#primaryimage\"},\"image\":{\"@id\":\"https:\/\/yhdistykset.vihreat.fi\/pietarsaaren.vihreat\/jakobstadsregionen-starkt-representerad-i-finlands-svenska-grona\/#primaryimage\"},\"thumbnailUrl\":\"https:\/\/yhdistykset.vihreat.fi\/pietarsaaren.vihreat\/files\/2025\/12\/ot_14122025_Bild_Johanna_Langbacka-980x320.jpg\",\"datePublished\":\"2025-12-17T08:25:19+00:00\",\"dateModified\":\"2025-12-17T08:56:14+00:00\",\"breadcrumb\":{\"@id\":\"https:\/\/yhdistykset.vihreat.fi\/pietarsaaren.vihreat\/jakobstadsregionen-starkt-representerad-i-finlands-svenska-grona\/#breadcrumb\"},\"inLanguage\":\"fi\",\"potentialAction\":[{\"@type\":\"ReadAction\",\"target\":[\"https:\/\/yhdistykset.vihreat.fi\/pietarsaaren.vihreat\/jakobstadsregionen-starkt-representerad-i-finlands-svenska-grona\/\"]}]},{\"@type\":\"ImageObject\",\"inLanguage\":\"fi\",\"@id\":\"https:\/\/yhdistykset.vihreat.fi\/pietarsaaren.vihreat\/jakobstadsregionen-starkt-representerad-i-finlands-svenska-grona\/#primaryimage\",\"url\":\"https:\/\/yhdistykset.vihreat.fi\/pietarsaaren.vihreat\/files\/2025\/12\/ot_14122025_Bild_Johanna_Langbacka-980x320.jpg\",\"contentUrl\":\"https:\/\/yhdistykset.vihreat.fi\/pietarsaaren.vihreat\/files\/2025\/12\/ot_14122025_Bild_Johanna_Langbacka-980x320.jpg\",\"width\":980,\"height\":653,\"caption\":\"Bild Johanna L\u00e5ngbacka\"},{\"@type\":\"BreadcrumbList\",\"@id\":\"https:\/\/yhdistykset.vihreat.fi\/pietarsaaren.vihreat\/jakobstadsregionen-starkt-representerad-i-finlands-svenska-grona\/#breadcrumb\",\"itemListElement\":[{\"@type\":\"ListItem\",\"position\":1,\"name\":\"Home\",\"item\":\"https:\/\/yhdistykset.vihreat.fi\/pietarsaaren.vihreat\/\"},{\"@type\":\"ListItem\",\"position\":2,\"name\":\"Jakobstadsregionen starkt representerad i Finlands svenska gr\u00f6na\"}]},{\"@type\":\"WebSite\",\"@id\":\"https:\/\/yhdistykset.vihreat.fi\/pietarsaaren.vihreat\/#website\",\"url\":\"https:\/\/yhdistykset.vihreat.fi\/pietarsaaren.vihreat\/\",\"name\":\"Pietarsaaren Vihre\u00e4t - De Gr\u00f6na i Jakobstad\",\"description\":\"N\u00e4yt\u00e4 luontosi ja \u00e4\u00e4nest\u00e4\",\"publisher\":{\"@id\":\"https:\/\/yhdistykset.vihreat.fi\/pietarsaaren.vihreat\/#organization\"},\"potentialAction\":[{\"@type\":\"SearchAction\",\"target\":{\"@type\":\"EntryPoint\",\"urlTemplate\":\"https:\/\/yhdistykset.vihreat.fi\/pietarsaaren.vihreat\/?s={search_term_string}\"},\"query-input\":{\"@type\":\"PropertyValueSpecification\",\"valueRequired\":true,\"valueName\":\"search_term_string\"}}],\"inLanguage\":\"fi\"},{\"@type\":\"Organization\",\"@id\":\"https:\/\/yhdistykset.vihreat.fi\/pietarsaaren.vihreat\/#organization\",\"name\":\"Pietarsaaren Vihre\u00e4t - De Gr\u00f6na i Jakobstad\",\"url\":\"https:\/\/yhdistykset.vihreat.fi\/pietarsaaren.vihreat\/\",\"logo\":{\"@type\":\"ImageObject\",\"inLanguage\":\"fi\",\"@id\":\"https:\/\/yhdistykset.vihreat.fi\/pietarsaaren.vihreat\/#\/schema\/logo\/image\/\",\"url\":\"https:\/\/yhdistykset.vihreat.fi\/pietarsaaren.vihreat\/files\/2023\/02\/Vihreat_Logo_HOR_RGB_FIN_SWE.png\",\"contentUrl\":\"https:\/\/yhdistykset.vihreat.fi\/pietarsaaren.vihreat\/files\/2023\/02\/Vihreat_Logo_HOR_RGB_FIN_SWE.png\",\"width\":1162,\"height\":409,\"caption\":\"Pietarsaaren Vihre\u00e4t - De Gr\u00f6na i Jakobstad\"},\"image\":{\"@id\":\"https:\/\/yhdistykset.vihreat.fi\/pietarsaaren.vihreat\/#\/schema\/logo\/image\/\"},\"sameAs\":[\"https:\/\/www.facebook.com\/DeGrona\",\"https:\/\/www.instagram.com\/vihreat_jeppis\"]},{\"@type\":\"Person\",\"@id\":\"https:\/\/yhdistykset.vihreat.fi\/pietarsaaren.vihreat\/#\/schema\/person\/2793239b2f007223d61897d39bacb082\",\"name\":\"annukka\",\"image\":{\"@type\":\"ImageObject\",\"inLanguage\":\"fi\",\"@id\":\"https:\/\/yhdistykset.vihreat.fi\/pietarsaaren.vihreat\/#\/schema\/person\/image\/\",\"url\":\"https:\/\/secure.gravatar.com\/avatar\/b007e2e39b1420088fe6eff280521829a1d7b86959069d756e007b6653b83664?s=96&d=mm&r=g\",\"contentUrl\":\"https:\/\/secure.gravatar.com\/avatar\/b007e2e39b1420088fe6eff280521829a1d7b86959069d756e007b6653b83664?s=96&d=mm&r=g\",\"caption\":\"annukka\"},\"url\":\"https:\/\/yhdistykset.vihreat.fi\/pietarsaaren.vihreat\/author\/annukka\/\"}]}<\/script>\n<!-- \/ Yoast SEO plugin. -->","yoast_head_json":{"title":"Jakobstadsregionen starkt representerad i Finlands svenska gr\u00f6na - Pietarsaaren Vihre\u00e4t - De Gr\u00f6na i Jakobstad","robots":{"index":"index","follow":"follow","max-snippet":"max-snippet:-1","max-image-preview":"max-image-preview:large","max-video-preview":"max-video-preview:-1"},"canonical":"https:\/\/yhdistykset.vihreat.fi\/pietarsaaren.vihreat\/jakobstadsregionen-starkt-representerad-i-finlands-svenska-grona\/","og_locale":"fi_FI","og_type":"article","og_title":"Jakobstadsregionen starkt representerad i Finlands svenska gr\u00f6na - Pietarsaaren Vihre\u00e4t - De Gr\u00f6na i Jakobstad","og_description":"Bicca Olin valdes till Grifis ordf\u00f6rande. Med sig i den nya styrelsen har hon flera nuvarande och utflyttade Jakobstadsbor. Arkivbild. Bild: Johanna L\u00e5ngbacka","og_url":"https:\/\/yhdistykset.vihreat.fi\/pietarsaaren.vihreat\/jakobstadsregionen-starkt-representerad-i-finlands-svenska-grona\/","og_site_name":"Pietarsaaren Vihre\u00e4t - De Gr\u00f6na i Jakobstad","article_publisher":"https:\/\/www.facebook.com\/DeGrona","article_published_time":"2025-12-17T08:25:19+00:00","article_modified_time":"2025-12-17T08:56:14+00:00","og_image":[{"width":980,"height":653,"url":"https:\/\/yhdistykset.vihreat.fi\/pietarsaaren.vihreat\/files\/2025\/12\/ot_14122025_Bild_Johanna_Langbacka-980x320.jpg","type":"image\/jpeg"}],"author":"annukka","twitter_card":"summary_large_image","twitter_misc":{"Kirjoittanut":"annukka","Arvioitu lukuaika":"2 minuuttia"},"schema":{"@context":"https:\/\/schema.org","@graph":[{"@type":"Article","@id":"https:\/\/yhdistykset.vihreat.fi\/pietarsaaren.vihreat\/jakobstadsregionen-starkt-representerad-i-finlands-svenska-grona\/#article","isPartOf":{"@id":"https:\/\/yhdistykset.vihreat.fi\/pietarsaaren.vihreat\/jakobstadsregionen-starkt-representerad-i-finlands-svenska-grona\/"},"author":{"name":"annukka","@id":"https:\/\/yhdistykset.vihreat.fi\/pietarsaaren.vihreat\/#\/schema\/person\/2793239b2f007223d61897d39bacb082"},"headline":"Jakobstadsregionen starkt representerad i Finlands svenska gr\u00f6na","datePublished":"2025-12-17T08:25:19+00:00","dateModified":"2025-12-17T08:56:14+00:00","mainEntityOfPage":{"@id":"https:\/\/yhdistykset.vihreat.fi\/pietarsaaren.vihreat\/jakobstadsregionen-starkt-representerad-i-finlands-svenska-grona\/"},"wordCount":249,"publisher":{"@id":"https:\/\/yhdistykset.vihreat.fi\/pietarsaaren.vihreat\/#organization"},"image":{"@id":"https:\/\/yhdistykset.vihreat.fi\/pietarsaaren.vihreat\/jakobstadsregionen-starkt-representerad-i-finlands-svenska-grona\/#primaryimage"},"thumbnailUrl":"https:\/\/yhdistykset.vihreat.fi\/pietarsaaren.vihreat\/files\/2025\/12\/ot_14122025_Bild_Johanna_Langbacka-980x320.jpg","articleSection":["Tiedotteet"],"inLanguage":"fi"},{"@type":"WebPage","@id":"https:\/\/yhdistykset.vihreat.fi\/pietarsaaren.vihreat\/jakobstadsregionen-starkt-representerad-i-finlands-svenska-grona\/","url":"https:\/\/yhdistykset.vihreat.fi\/pietarsaaren.vihreat\/jakobstadsregionen-starkt-representerad-i-finlands-svenska-grona\/","name":"Jakobstadsregionen starkt representerad i Finlands svenska gr\u00f6na - Pietarsaaren Vihre\u00e4t - De Gr\u00f6na i Jakobstad","isPartOf":{"@id":"https:\/\/yhdistykset.vihreat.fi\/pietarsaaren.vihreat\/#website"},"primaryImageOfPage":{"@id":"https:\/\/yhdistykset.vihreat.fi\/pietarsaaren.vihreat\/jakobstadsregionen-starkt-representerad-i-finlands-svenska-grona\/#primaryimage"},"image":{"@id":"https:\/\/yhdistykset.vihreat.fi\/pietarsaaren.vihreat\/jakobstadsregionen-starkt-representerad-i-finlands-svenska-grona\/#primaryimage"},"thumbnailUrl":"https:\/\/yhdistykset.vihreat.fi\/pietarsaaren.vihreat\/files\/2025\/12\/ot_14122025_Bild_Johanna_Langbacka-980x320.jpg","datePublished":"2025-12-17T08:25:19+00:00","dateModified":"2025-12-17T08:56:14+00:00","breadcrumb":{"@id":"https:\/\/yhdistykset.vihreat.fi\/pietarsaaren.vihreat\/jakobstadsregionen-starkt-representerad-i-finlands-svenska-grona\/#breadcrumb"},"inLanguage":"fi","potentialAction":[{"@type":"ReadAction","target":["https:\/\/yhdistykset.vihreat.fi\/pietarsaaren.vihreat\/jakobstadsregionen-starkt-representerad-i-finlands-svenska-grona\/"]}]},{"@type":"ImageObject","inLanguage":"fi","@id":"https:\/\/yhdistykset.vihreat.fi\/pietarsaaren.vihreat\/jakobstadsregionen-starkt-representerad-i-finlands-svenska-grona\/#primaryimage","url":"https:\/\/yhdistykset.vihreat.fi\/pietarsaaren.vihreat\/files\/2025\/12\/ot_14122025_Bild_Johanna_Langbacka-980x320.jpg","contentUrl":"https:\/\/yhdistykset.vihreat.fi\/pietarsaaren.vihreat\/files\/2025\/12\/ot_14122025_Bild_Johanna_Langbacka-980x320.jpg","width":980,"height":653,"caption":"Bild Johanna L\u00e5ngbacka"},{"@type":"BreadcrumbList","@id":"https:\/\/yhdistykset.vihreat.fi\/pietarsaaren.vihreat\/jakobstadsregionen-starkt-representerad-i-finlands-svenska-grona\/#breadcrumb","itemListElement":[{"@type":"ListItem","position":1,"name":"Home","item":"https:\/\/yhdistykset.vihreat.fi\/pietarsaaren.vihreat\/"},{"@type":"ListItem","position":2,"name":"Jakobstadsregionen starkt representerad i Finlands svenska gr\u00f6na"}]},{"@type":"WebSite","@id":"https:\/\/yhdistykset.vihreat.fi\/pietarsaaren.vihreat\/#website","url":"https:\/\/yhdistykset.vihreat.fi\/pietarsaaren.vihreat\/","name":"Pietarsaaren Vihre\u00e4t - De Gr\u00f6na i Jakobstad","description":"N\u00e4yt\u00e4 luontosi ja \u00e4\u00e4nest\u00e4","publisher":{"@id":"https:\/\/yhdistykset.vihreat.fi\/pietarsaaren.vihreat\/#organization"},"potentialAction":[{"@type":"SearchAction","target":{"@type":"EntryPoint","urlTemplate":"https:\/\/yhdistykset.vihreat.fi\/pietarsaaren.vihreat\/?s={search_term_string}"},"query-input":{"@type":"PropertyValueSpecification","valueRequired":true,"valueName":"search_term_string"}}],"inLanguage":"fi"},{"@type":"Organization","@id":"https:\/\/yhdistykset.vihreat.fi\/pietarsaaren.vihreat\/#organization","name":"Pietarsaaren Vihre\u00e4t - De Gr\u00f6na i Jakobstad","url":"https:\/\/yhdistykset.vihreat.fi\/pietarsaaren.vihreat\/","logo":{"@type":"ImageObject","inLanguage":"fi","@id":"https:\/\/yhdistykset.vihreat.fi\/pietarsaaren.vihreat\/#\/schema\/logo\/image\/","url":"https:\/\/yhdistykset.vihreat.fi\/pietarsaaren.vihreat\/files\/2023\/02\/Vihreat_Logo_HOR_RGB_FIN_SWE.png","contentUrl":"https:\/\/yhdistykset.vihreat.fi\/pietarsaaren.vihreat\/files\/2023\/02\/Vihreat_Logo_HOR_RGB_FIN_SWE.png","width":1162,"height":409,"caption":"Pietarsaaren Vihre\u00e4t - De Gr\u00f6na i Jakobstad"},"image":{"@id":"https:\/\/yhdistykset.vihreat.fi\/pietarsaaren.vihreat\/#\/schema\/logo\/image\/"},"sameAs":["https:\/\/www.facebook.com\/DeGrona","https:\/\/www.instagram.com\/vihreat_jeppis"]},{"@type":"Person","@id":"https:\/\/yhdistykset.vihreat.fi\/pietarsaaren.vihreat\/#\/schema\/person\/2793239b2f007223d61897d39bacb082","name":"annukka","image":{"@type":"ImageObject","inLanguage":"fi","@id":"https:\/\/yhdistykset.vihreat.fi\/pietarsaaren.vihreat\/#\/schema\/person\/image\/","url":"https:\/\/secure.gravatar.com\/avatar\/b007e2e39b1420088fe6eff280521829a1d7b86959069d756e007b6653b83664?s=96&d=mm&r=g","contentUrl":"https:\/\/secure.gravatar.com\/avatar\/b007e2e39b1420088fe6eff280521829a1d7b86959069d756e007b6653b83664?s=96&d=mm&r=g","caption":"annukka"},"url":"https:\/\/yhdistykset.vihreat.fi\/pietarsaaren.vihreat\/author\/annukka\/"}]}},"_links":{"self":[{"href":"https:\/\/yhdistykset.vihreat.fi\/pietarsaaren.vihreat\/wp-json\/wp\/v2\/posts\/27918","targetHints":{"allow":["GET"]}}],"collection":[{"href":"https:\/\/yhdistykset.vihreat.fi\/pietarsaaren.vihreat\/wp-json\/wp\/v2\/posts"}],"about":[{"href":"https:\/\/yhdistykset.vihreat.fi\/pietarsaaren.vihreat\/wp-json\/wp\/v2\/types\/post"}],"author":[{"embeddable":true,"href":"https:\/\/yhdistykset.vihreat.fi\/pietarsaaren.vihreat\/wp-json\/wp\/v2\/users\/1021"}],"replies":[{"embeddable":true,"href":"https:\/\/yhdistykset.vihreat.fi\/pietarsaaren.vihreat\/wp-json\/wp\/v2\/comments?post=27918"}],"version-history":[{"count":5,"href":"https:\/\/yhdistykset.vihreat.fi\/pietarsaaren.vihreat\/wp-json\/wp\/v2\/posts\/27918\/revisions"}],"predecessor-version":[{"id":27925,"href":"https:\/\/yhdistykset.vihreat.fi\/pietarsaaren.vihreat\/wp-json\/wp\/v2\/posts\/27918\/revisions\/27925"}],"wp:featuredmedia":[{"embeddable":true,"href":"https:\/\/yhdistykset.vihreat.fi\/pietarsaaren.vihreat\/wp-json\/wp\/v2\/media\/27920"}],"wp:attachment":[{"href":"https:\/\/yhdistykset.vihreat.fi\/pietarsaaren.vihreat\/wp-json\/wp\/v2\/media?parent=27918"}],"wp:term":[{"taxonomy":"category","embeddable":true,"href":"https:\/\/yhdistykset.vihreat.fi\/pietarsaaren.vihreat\/wp-json\/wp\/v2\/categories?post=27918"},{"taxonomy":"post_tag","embeddable":true,"href":"https:\/\/yhdistykset.vihreat.fi\/pietarsaaren.vihreat\/wp-json\/wp\/v2\/tags?post=27918"}],"curies":[{"name":"wp","href":"https:\/\/api.w.org\/{rel}","templated":true}]}}