{"id":107,"date":"2016-02-07T09:35:04","date_gmt":"2016-02-07T07:35:04","guid":{"rendered":"https:\/\/yhdistykset.vihreat.fi\/raaseporin.vihreat\/?p=107"},"modified":"2017-04-01T23:37:56","modified_gmt":"2017-04-01T20:37:56","slug":"107","status":"publish","type":"post","link":"https:\/\/yhdistykset.vihreat.fi\/raaseporin.vihreat\/2016\/02\/07\/107\/","title":{"rendered":"Vihreiden hallituksen kokous 12.2.2017"},"content":{"rendered":"<p><img loading=\"lazy\" decoding=\"async\" class=\"alignnone wp-image-83\" src=\"https:\/\/yhdistykset.vihreat.fi\/raaseporin.vihreat\/files\/2017\/02\/14212822_1063166983768974_6782705862851555198_n-1-300x134.jpg\" alt=\"\" width=\"592\" height=\"264\" srcset=\"https:\/\/yhdistykset.vihreat.fi\/raaseporin.vihreat\/files\/2017\/02\/14212822_1063166983768974_6782705862851555198_n-1-300x134.jpg 300w, https:\/\/yhdistykset.vihreat.fi\/raaseporin.vihreat\/files\/2017\/02\/14212822_1063166983768974_6782705862851555198_n-1-768x344.jpg 768w, https:\/\/yhdistykset.vihreat.fi\/raaseporin.vihreat\/files\/2017\/02\/14212822_1063166983768974_6782705862851555198_n-1.jpg 960w\" sizes=\"auto, (max-width: 592px) 100vw, 592px\" \/><br \/>\nRaaseporin Vihreiden hallituksen kokous pidet\u00e4\u00e4n Gardbergin talossa (Naapurinkatu 20, Karjaa) sunnuntaina 12.2. alkaen klo 17.00.<\/p>\n<p>Vihreit\u00e4 kuntavaaliehdokkaita on l\u00f6ytynyt nyt viime aikoina hyvin, mutta jotta voimme lunastaa t\u00e4ll\u00e4 hetkell\u00e4 hyv\u00e4lt\u00e4 n\u00e4ytt\u00e4v\u00e4n kannatuksen ja lis\u00e4t\u00e4 paikkam\u00e4\u00e4r\u00e4\u00e4mme valtuustossa, tarvitsemme viel\u00e4 enemm\u00e4n hyvi\u00e4 tyyppej\u00e4 ehdokkaiksi. Toivommekin, ett\u00e4 mahdollisimman moni teist\u00e4 haluaisi ehdolle ja\/tai saisi houkuteltua sopivan ehdokkaan tai pari lis\u00e4\u00e4 listalle, jotta saamme siit\u00e4 mahdollisimman monipuolisen ja houkuttelevan.<\/p>\n<p>Ehdokaslistojen on oltava valmiina t\u00e4m\u00e4n kuun loppuun menness\u00e4, sen j\u00e4lkeen on edess\u00e4 viel\u00e4 reilu kuukausi kampanjointia ennen vaalip\u00e4iv\u00e4\u00e4, joka on 9. huhtikuuta (ennakko\u00e4\u00e4nestys 29.3-4.4). Niiss\u00e4 ratkaistaan valtuuston kokoonpano seuraavaksi nelj\u00e4ksi vuodeksi. Jos haluat vaikuttaa kaupungin asioihin, nyt on paras hetki. Nyt, jos koskaan!<\/p>\n<p>Ehdokkaaksi ei tarvitse l\u00e4hte\u00e4 yksin, vaan meilt\u00e4 jo pidemp\u00e4\u00e4n mukana olevilta saa tukea, neuvoja ja apua. Kysy, niin vastaamme kyll\u00e4. Teht\u00e4v\u00e4\u00e4 on paljon, ja kaikkia meit\u00e4 tarvitaan.<\/p>\n<p>Hallitus kokoontuu seuraavan kerran tulevana sunnuntaina 12.2. klo 17, ja p\u00e4\u00e4t\u00e4mme silloin useasta uudesta ehdokkaasta. T\u00e4h\u00e4n joukkoon ehtii viel\u00e4 hyvin mukaan. Listalla on vaalien ohella my\u00f6s muita kunnallispolitiikkaan liittyvi\u00e4 asioita. Kokous on kaikille avoin ja yhdistys tarjoaa kahvia\/teet\u00e4 ja hieman makeaa kokouspurtavaa.<\/p>\n<p>Kysymyksi\u00e4 ja yhteydenottoja vaaleista voi laittaa vaalivastaavalle Katille (kati.sointukangas@gmail.com) tai Oskarille (oskari.sundstrom@gmail.com \/ 050 5871472). Oskari vastaa my\u00f6s muihin mahdollisiin kysymyksiin.<\/p>\n<p>***<br \/>\n<strong>B\u00e4sta gr\u00f6nt sinnade i Raseborg,<\/strong><\/p>\n<p>Raseborgs Gr\u00f6na h\u00e5ller sitt n\u00e4sta styrelsem\u00f6te s\u00f6ndagen den 12 februari kl 17 p\u00e5 Gardberg Center, Nabogatan 20, Karis. M\u00f6tet \u00e4r \u00f6ppet f\u00f6r alla.<\/p>\n<p>Hugade gr\u00f6na kommunalvalskandidater har det funnits ganska gott om p\u00e5 senaste tiden, men f\u00f6r att kunna infria det underst\u00f6d som just nu ser lovande ut, och f\u00f6r att kunna \u00f6ka v\u00e5ra platser (nu fyra) i fullm\u00e4ktige, beh\u00f6ver vi fler bra typer som kandiderar.<\/p>\n<p>Kandidatlistorna skall vara klara inom februari m\u00e5ndag. Efter det \u00e5terst\u00e5r en m\u00e5nadsl\u00e5ng kampanj innan valdagen, som \u00e4r den 9 april (f\u00f6rhandsr\u00f6stning 29 mars\u20134 april). Valet avg\u00f6r fullm\u00e4ktigesammans\u00e4ttningen f\u00f6r de kommande fyra \u00e5ren. Om du vill p\u00e5verka \u00e4r det nu du skall g\u00f6ra det! Nu, om n\u00e5gonsin!<\/p>\n<p>Som kandidat f\u00f6r De Gr\u00f6na \u00e4r du inte ensam; de som varit med tidigare ger st\u00f6d, goda r\u00e5d och konkret hj\u00e4lp. Har du fr\u00e5gor, svarar vi. Det finns m\u00e5nga uppgifter; vi beh\u00f6vs alla.<br \/>\nStyrelsen sammantr\u00e4der n\u00e4sta g\u00e5ng s\u00f6ndagen den 12 februari kl. 17, och vi besluter d\u00e5 om vilka v\u00e5ra nyaste kandidater blir. Du hinner f\u00f6rtfarande anm\u00e4la ditt intresse. P\u00e5 f\u00f6redragningslistan finns andra \u00e4renden som har med kommunmalpolitiken att g\u00f6ra. M\u00f6tet \u00e4r \u00f6ppet f\u00f6ra alla, och f\u00f6reningen bjuder p\u00e5 kaffe\/te och n\u00e5got tilltugg.<\/p>\n<p>Fr\u00e5gor g\u00e4llande kommunalvalet kan du skicka till v\u00e5r kampanjansvariga Kati (kati.sointukangas@gmail.com) eller till Oskari (oskari.sundstrom@gmail.com \/ 050 5871472). Oskari svarar ocks\u00e5 p\u00e5 mer allm\u00e4nna fr\u00e5gor om Raseborgs Gr\u00f6na.<\/p>\n<p>***<\/p>\n<p>Kaksikielinen yhdistys Raseborgs gr\u00f6na rf., Raaseporin vihre\u00e4t ry. on perustettu vuonna 1992. Yhdistyksen tarkoituksena on edist\u00e4\u00e4 toiminnallaan vihreit\u00e4 arvoja: luonnon- ja ymp\u00e4rist\u00f6nsuojelua, kulttuuriperinn\u00f6n vaalimista, kest\u00e4v\u00e4\u00e4 kehityst\u00e4, yhteiskunnallista oikeudenmukaisuutta, tasa-arvoa ja suvaitsevaisuutta. Lis\u00e4ksi sen pyrkimyksen\u00e4 on tukea puolueen toimintaa ja lis\u00e4t\u00e4 vihre\u00e4n liikkeen kannatusta Raaseporin alueella sek\u00e4 yhdist\u00e4\u00e4 arvomaailmaltaan vihreit\u00e4 asukkaita. Yhdistys haluaa my\u00f6s edist\u00e4\u00e4 kuntalaisten osallistumis- ja vaikuttamismahdollisuuksia oman elinymp\u00e4rist\u00f6ns\u00e4 kehitt\u00e4miseen.<br \/>\n***<br \/>\nF\u00f6reningen Raseborgs gr\u00f6na rf., Raaseporin vihre\u00e4t ry. \u00e4r grundad \u00e5r 1992. F\u00f6reningen och dess verksamhet \u00e4r tv\u00e5spr\u00e5kiga. F\u00f6reningens m\u00e5l \u00e4r att fr\u00e4mja gr\u00f6na v\u00e4rden: natur- och milj\u00f6v\u00e5rd, h\u00e5llbar utveckling, samh\u00e4llelig r\u00e4ttvisa, j\u00e4mlikhet och tolerans. F\u00f6reningen vill utveckla staden i en mer flyktingv\u00e4nlig riktning. Den st\u00f6der partiets verksamhet och efterstr\u00e4var att \u00f6ka den gr\u00f6na r\u00f6relsens st\u00f6d i Raseborg. F\u00f6reningen utg\u00f6r ett gemensamt forum f\u00f6r inv\u00e5nare med en gr\u00f6n v\u00e4rdegrund, och den befr\u00e4mjar m\u00f6jligheterna att p\u00e5verka och delta i utvecklandet av den egna livsmilj\u00f6n.<\/p>\n","protected":false},"excerpt":{"rendered":"<p>Raaseporin Vihreiden hallituksen kokous pidet\u00e4\u00e4n Gardbergin talossa (Naapurinkatu 20, Karjaa) sunnuntaina 12.2. alkaen klo 17.00. Vihreit\u00e4 kuntavaaliehdokkaita on l\u00f6ytynyt nyt viime aikoina hyvin, mutta jotta voimme lunastaa t\u00e4ll\u00e4 hetkell\u00e4 hyv\u00e4lt\u00e4 n\u00e4ytt\u00e4v\u00e4n kannatuksen ja lis\u00e4t\u00e4 paikkam\u00e4\u00e4r\u00e4\u00e4mme valtuustossa, tarvitsemme viel\u00e4 enemm\u00e4n hyvi\u00e4 tyyppej\u00e4 ehdokkaiksi. Toivommekin, ett\u00e4 mahdollisimman moni teist\u00e4 haluaisi ehdolle ja\/tai saisi houkuteltua sopivan ehdokkaan tai [&hellip;]<\/p>\n","protected":false},"author":633,"featured_media":0,"comment_status":"open","ping_status":"open","sticky":false,"template":"","format":"standard","meta":{"footnotes":""},"categories":[1],"tags":[],"class_list":["post-107","post","type-post","status-publish","format-standard","hentry","category-tiedotteet"],"featuredImage":"","authorName":"Tanja Konttinen","term":["Tiedotteet"],"author_url":"https:\/\/yhdistykset.vihreat.fi\/raaseporin.vihreat\/?p=107","_links":{"self":[{"href":"https:\/\/yhdistykset.vihreat.fi\/raaseporin.vihreat\/wp-json\/wp\/v2\/posts\/107","targetHints":{"allow":["GET"]}}],"collection":[{"href":"https:\/\/yhdistykset.vihreat.fi\/raaseporin.vihreat\/wp-json\/wp\/v2\/posts"}],"about":[{"href":"https:\/\/yhdistykset.vihreat.fi\/raaseporin.vihreat\/wp-json\/wp\/v2\/types\/post"}],"author":[{"embeddable":true,"href":"https:\/\/yhdistykset.vihreat.fi\/raaseporin.vihreat\/wp-json\/wp\/v2\/users\/633"}],"replies":[{"embeddable":true,"href":"https:\/\/yhdistykset.vihreat.fi\/raaseporin.vihreat\/wp-json\/wp\/v2\/comments?post=107"}],"version-history":[{"count":4,"href":"https:\/\/yhdistykset.vihreat.fi\/raaseporin.vihreat\/wp-json\/wp\/v2\/posts\/107\/revisions"}],"predecessor-version":[{"id":111,"href":"https:\/\/yhdistykset.vihreat.fi\/raaseporin.vihreat\/wp-json\/wp\/v2\/posts\/107\/revisions\/111"}],"wp:attachment":[{"href":"https:\/\/yhdistykset.vihreat.fi\/raaseporin.vihreat\/wp-json\/wp\/v2\/media?parent=107"}],"wp:term":[{"taxonomy":"category","embeddable":true,"href":"https:\/\/yhdistykset.vihreat.fi\/raaseporin.vihreat\/wp-json\/wp\/v2\/categories?post=107"},{"taxonomy":"post_tag","embeddable":true,"href":"https:\/\/yhdistykset.vihreat.fi\/raaseporin.vihreat\/wp-json\/wp\/v2\/tags?post=107"}],"curies":[{"name":"wp","href":"https:\/\/api.w.org\/{rel}","templated":true}]}}