{"id":206,"date":"2017-12-13T12:24:33","date_gmt":"2017-12-13T10:24:33","guid":{"rendered":"https:\/\/yhdistykset.vihreat.fi\/raaseporin.vihreat\/?p=206"},"modified":"2019-02-15T09:59:12","modified_gmt":"2019-02-15T07:59:12","slug":"raaseporin-vihreiden-syyskokousvalinnat","status":"publish","type":"post","link":"https:\/\/yhdistykset.vihreat.fi\/raaseporin.vihreat\/2017\/12\/13\/raaseporin-vihreiden-syyskokousvalinnat\/","title":{"rendered":"Raaseporin vihreiden syyskokousvalinnat"},"content":{"rendered":"<p>Raaseporin Vihre\u00e4t on syyskokouksessaan viime viikon perjantaina valinnut uuden puheenjohtajan ja hallituksen vuodelle 2018. Puheenjohtajaksi palaa parin vuoden tauon j\u00e4lkeen Tanja Konttinen. Hallitukseen valittiin Sara Avdi-Elshani, Ira Donner, Bjarne Holmstr\u00f6m, Dick Mannstr\u00f6m, P\u00e4ivi Rignell, Kati Sointukangas, Oskari Sundstr\u00f6m ja Charlotta Wolff.<\/p>\n<p>***<\/p>\n<p>Raseborgs Gr\u00f6na har p\u00e5 sitt h\u00f6stm\u00f6te i fredags valt ny ordf\u00f6rande och styrelse f\u00f6r 2018. Tanja Konttinen \u00e5terkommer efter n\u00e5gra \u00e5rs paus som ordf\u00f6rande. Till styrelsen valdes<br \/>\nSara Avdi-Elshani, Ira Donner, Bjarne Holmstr\u00f6m, Dick Mannstr\u00f6m, P\u00e4ivi Rignell, Kati Sointukangas, Oskari Sundstr\u00f6m och Charlotta Wolff.<\/p>\n","protected":false},"excerpt":{"rendered":"<p>Raaseporin Vihre\u00e4t on syyskokouksessaan viime viikon perjantaina valinnut uuden puheenjohtajan ja hallituksen vuodelle 2018. Puheenjohtajaksi palaa parin vuoden tauon j\u00e4lkeen Tanja Konttinen. Hallitukseen valittiin Sara Avdi-Elshani, Ira Donner, Bjarne Holmstr\u00f6m, Dick Mannstr\u00f6m, P\u00e4ivi Rignell, Kati Sointukangas, Oskari Sundstr\u00f6m ja Charlotta Wolff. *** Raseborgs Gr\u00f6na har p\u00e5 sitt h\u00f6stm\u00f6te i fredags valt ny ordf\u00f6rande och styrelse [&hellip;]<\/p>\n","protected":false},"author":633,"featured_media":0,"comment_status":"open","ping_status":"open","sticky":false,"template":"","format":"standard","meta":{"footnotes":""},"categories":[1],"tags":[],"class_list":["post-206","post","type-post","status-publish","format-standard","hentry","category-tiedotteet"],"featuredImage":"","authorName":"Tanja Konttinen","term":["Tiedotteet"],"author_url":"https:\/\/yhdistykset.vihreat.fi\/raaseporin.vihreat\/?p=206","_links":{"self":[{"href":"https:\/\/yhdistykset.vihreat.fi\/raaseporin.vihreat\/wp-json\/wp\/v2\/posts\/206","targetHints":{"allow":["GET"]}}],"collection":[{"href":"https:\/\/yhdistykset.vihreat.fi\/raaseporin.vihreat\/wp-json\/wp\/v2\/posts"}],"about":[{"href":"https:\/\/yhdistykset.vihreat.fi\/raaseporin.vihreat\/wp-json\/wp\/v2\/types\/post"}],"author":[{"embeddable":true,"href":"https:\/\/yhdistykset.vihreat.fi\/raaseporin.vihreat\/wp-json\/wp\/v2\/users\/633"}],"replies":[{"embeddable":true,"href":"https:\/\/yhdistykset.vihreat.fi\/raaseporin.vihreat\/wp-json\/wp\/v2\/comments?post=206"}],"version-history":[{"count":1,"href":"https:\/\/yhdistykset.vihreat.fi\/raaseporin.vihreat\/wp-json\/wp\/v2\/posts\/206\/revisions"}],"predecessor-version":[{"id":207,"href":"https:\/\/yhdistykset.vihreat.fi\/raaseporin.vihreat\/wp-json\/wp\/v2\/posts\/206\/revisions\/207"}],"wp:attachment":[{"href":"https:\/\/yhdistykset.vihreat.fi\/raaseporin.vihreat\/wp-json\/wp\/v2\/media?parent=206"}],"wp:term":[{"taxonomy":"category","embeddable":true,"href":"https:\/\/yhdistykset.vihreat.fi\/raaseporin.vihreat\/wp-json\/wp\/v2\/categories?post=206"},{"taxonomy":"post_tag","embeddable":true,"href":"https:\/\/yhdistykset.vihreat.fi\/raaseporin.vihreat\/wp-json\/wp\/v2\/tags?post=206"}],"curies":[{"name":"wp","href":"https:\/\/api.w.org\/{rel}","templated":true}]}}