{"id":230,"date":"2020-01-02T08:48:37","date_gmt":"2020-01-02T06:48:37","guid":{"rendered":"https:\/\/yhdistykset.vihreat.fi\/raaseporin.vihreat\/?p=230"},"modified":"2020-03-16T08:57:47","modified_gmt":"2020-03-16T06:57:47","slug":"raaseporin-vihreiden-hallitus-2020","status":"publish","type":"post","link":"https:\/\/yhdistykset.vihreat.fi\/raaseporin.vihreat\/2020\/01\/02\/raaseporin-vihreiden-hallitus-2020\/","title":{"rendered":"Raaseporin vihreiden hallitus 2020"},"content":{"rendered":"<p>Yhdistyksen puheenjohtajana jatkaa vuonna 2020 Kati Sointukangas ja hallituksen j\u00e4senin\u00e4 Ira Donner Donner, Tanja Konttinen, Esko Vuorinen, Marjo Karvonen, Charlotta Wolff, Bjarne Holmstr\u00f6m, Tanja Puhakka ja P\u00e4ivi Rignell.<\/p>\n<p>Kati Sointukangas forts\u00e4tter som f\u00f6reningens ordf\u00f6rande och andra medlemmar i styrelsen 2020 \u00e4r Ira Donner, Tanja Konttinen, Esko Vuorinen, Marjo Karvonen, Charlotta Wolff, Bjarne Holmstr\u00f6m, Tanja Puhakka och P\u00e4ivi Rignell.<\/p>\n<p>&nbsp;<\/p>\n<p><img loading=\"lazy\" decoding=\"async\" class=\"alignnone  wp-image-234\" src=\"https:\/\/yhdistykset.vihreat.fi\/raaseporin.vihreat\/files\/2020\/01\/81014996_2551331034952554_8305860124988145664_n-300x169.jpg\" alt=\"\" width=\"621\" height=\"350\" srcset=\"https:\/\/yhdistykset.vihreat.fi\/raaseporin.vihreat\/files\/2020\/01\/81014996_2551331034952554_8305860124988145664_n-300x169.jpg 300w, https:\/\/yhdistykset.vihreat.fi\/raaseporin.vihreat\/files\/2020\/01\/81014996_2551331034952554_8305860124988145664_n-768x432.jpg 768w, https:\/\/yhdistykset.vihreat.fi\/raaseporin.vihreat\/files\/2020\/01\/81014996_2551331034952554_8305860124988145664_n.jpg 960w\" sizes=\"auto, (max-width: 621px) 100vw, 621px\" \/><\/p>\n","protected":false},"excerpt":{"rendered":"<p>Yhdistyksen puheenjohtajana jatkaa vuonna 2020 Kati Sointukangas ja hallituksen j\u00e4senin\u00e4 Ira Donner Donner, Tanja Konttinen, Esko Vuorinen, Marjo Karvonen, Charlotta Wolff, Bjarne Holmstr\u00f6m, Tanja Puhakka ja P\u00e4ivi Rignell. Kati Sointukangas forts\u00e4tter som f\u00f6reningens ordf\u00f6rande och andra medlemmar i styrelsen 2020 \u00e4r Ira Donner, Tanja Konttinen, Esko Vuorinen, Marjo Karvonen, Charlotta Wolff, Bjarne Holmstr\u00f6m, Tanja Puhakka [&hellip;]<\/p>\n","protected":false},"author":633,"featured_media":0,"comment_status":"open","ping_status":"open","sticky":false,"template":"","format":"standard","meta":{"footnotes":""},"categories":[1],"tags":[],"class_list":["post-230","post","type-post","status-publish","format-standard","hentry","category-tiedotteet"],"featuredImage":"","authorName":"Tanja Konttinen","term":["Tiedotteet"],"author_url":"https:\/\/yhdistykset.vihreat.fi\/raaseporin.vihreat\/?p=230","_links":{"self":[{"href":"https:\/\/yhdistykset.vihreat.fi\/raaseporin.vihreat\/wp-json\/wp\/v2\/posts\/230","targetHints":{"allow":["GET"]}}],"collection":[{"href":"https:\/\/yhdistykset.vihreat.fi\/raaseporin.vihreat\/wp-json\/wp\/v2\/posts"}],"about":[{"href":"https:\/\/yhdistykset.vihreat.fi\/raaseporin.vihreat\/wp-json\/wp\/v2\/types\/post"}],"author":[{"embeddable":true,"href":"https:\/\/yhdistykset.vihreat.fi\/raaseporin.vihreat\/wp-json\/wp\/v2\/users\/633"}],"replies":[{"embeddable":true,"href":"https:\/\/yhdistykset.vihreat.fi\/raaseporin.vihreat\/wp-json\/wp\/v2\/comments?post=230"}],"version-history":[{"count":3,"href":"https:\/\/yhdistykset.vihreat.fi\/raaseporin.vihreat\/wp-json\/wp\/v2\/posts\/230\/revisions"}],"predecessor-version":[{"id":236,"href":"https:\/\/yhdistykset.vihreat.fi\/raaseporin.vihreat\/wp-json\/wp\/v2\/posts\/230\/revisions\/236"}],"wp:attachment":[{"href":"https:\/\/yhdistykset.vihreat.fi\/raaseporin.vihreat\/wp-json\/wp\/v2\/media?parent=230"}],"wp:term":[{"taxonomy":"category","embeddable":true,"href":"https:\/\/yhdistykset.vihreat.fi\/raaseporin.vihreat\/wp-json\/wp\/v2\/categories?post=230"},{"taxonomy":"post_tag","embeddable":true,"href":"https:\/\/yhdistykset.vihreat.fi\/raaseporin.vihreat\/wp-json\/wp\/v2\/tags?post=230"}],"curies":[{"name":"wp","href":"https:\/\/api.w.org\/{rel}","templated":true}]}}