{"id":232,"date":"2020-03-16T08:54:45","date_gmt":"2020-03-16T06:54:45","guid":{"rendered":"https:\/\/yhdistykset.vihreat.fi\/raaseporin.vihreat\/?p=232"},"modified":"2020-03-16T12:22:53","modified_gmt":"2020-03-16T10:22:53","slug":"raseborgs-sjukhus-raaseporin-sairaala","status":"publish","type":"post","link":"https:\/\/yhdistykset.vihreat.fi\/raaseporin.vihreat\/2020\/03\/16\/raseborgs-sjukhus-raaseporin-sairaala\/","title":{"rendered":"Raseborgs sjukhus &#8211; Raaseporin sairaala"},"content":{"rendered":"<p><strong>Hang\u00f6, Raseborg och Ing\u00e5 Gr\u00f6na kr\u00e4ver att samjouren vid Raseborgs sjukhus bevaras<\/strong><\/p>\n<p>Vi v\u00e4djar till HNS styrelse att inte fatta f\u00f6rhastade beslut. Vi gr\u00f6na i regionen kommer att vara i kontakt med de gr\u00f6na medlemmarna i HNS styrelse f\u00f6r att ytterligare p\u00e5peka att<\/p>\n<p>&#8211; att minska p\u00e5 verksamheten vid Raseborgs sjukhus skulle ytterligare anstr\u00e4nga distriktets \u00f6vriga sjukhus med tanke p\u00e5 utrymmen och personalresurser<br \/>\n&#8211; Att avst\u00e5 fr\u00e5n samjouren skulle f\u00f6rorsaka ett livligt dygnetrunt ambulansrally och minska p\u00e5 patients\u00e4kerheten<br \/>\n&#8211; v\u00e5rdens kvalitet \u00e4r inte s\u00e4mre vid Raseborgs sjukhus \u00e4n vid andra sjukhus inom distriktet<br \/>\n&#8211; sjukhuset arbetar kontinuerligt p\u00e5 att utveckla sin profil<br \/>\n&#8211; det \u00e4r sv\u00e5rt att locka sjukhuspersonal till ett sjukhus som st\u00e4ndigt hotas av nedsk\u00e4rningar<br \/>\n&#8211; ett sjukhus med en fungerande samjour \u00e4r en verkligt betydande faktor i v\u00e5r region med tanke p\u00e5 inv\u00e5narnas trygghet och v\u00e4lbefinnande.<\/p>\n<p>Det \u00e4r sv\u00e5rt att se vilka betydande inbesparingar en indragning av sjukhusets samjour skulle f\u00f6re med sig f\u00f6r HNS<\/p>\n<p>Nu \u00e4r det viktigt att f\u00f6rena alla i regionen och v\u00e4dja till HNS styrelse att undvika f\u00f6rhastade beslut och l\u00e5ta den kommande social- och h\u00e4lsov\u00e5rdsreformen tr\u00e4da i kraft utan att v\u00e5rt sjukhus redan decimerats!<\/p>\n<p>***<\/p>\n<p><strong>Hangon, Raaseporin ja Inkoon vihre\u00e4t vaativat yhteisp\u00e4ivystyksen s\u00e4ilytt\u00e4mist\u00e4 Raaseporin sairaalassa<\/strong><\/p>\n<p>Vetoamme HUS:n hallitukseen, ettei teht\u00e4isi h\u00e4tik\u00f6ityj\u00e4 p\u00e4\u00e4t\u00f6ksi\u00e4. Me alueen vihre\u00e4t tulemme olemaan yhteydess\u00e4 HUS:n hallituksen vihreisiin j\u00e4seniin kiinnitt\u00e4\u00e4ksemme viel\u00e4 kerran huomiota siihen, ett\u00e4:<\/p>\n<p>&#8211; Raaseporin sairaalan typist\u00e4minen tai lopettaminen rasittaisi alueen muiden sairaaloiden tila- ja henkil\u00f6st\u00f6resursseja entisest\u00e4\u00e4n<br \/>\n&#8211; Raaseporin sairaalan toiminnan supistaminen aiheuttaisi vilkkaan ymp\u00e4rivuorokautisen ambulanssirallin ja heikent\u00e4isi potilasturvallisuutta<br \/>\n&#8211; hoidon laatu ei ole Raaseporin sairaalassa huonompi kuin alueen muissa sairaaloissa<br \/>\n&#8211; sairaala tekee ty\u00f6t\u00e4 kehitt\u00e4\u00e4kseen omaa profiiliaan<br \/>\n&#8211; on vaikea houkutella sairaalahenkil\u00f6st\u00f6\u00e4 sairaalaan, joka on kustannusleikkausten kohteena,<br \/>\n&#8211; sairaala, jossa on toimiva yhteisp\u00e4ivystys, on todella merkitt\u00e4v\u00e4 tekij\u00e4 alueellemme asukkaiden turvallisuutta ja hyvinvointia ajatellen.<\/p>\n<p>Kaiken kaikkiaan on vaikea n\u00e4hd\u00e4, miten sairaalan toiminnan leikkaaminen tuottaisi merkitt\u00e4vi\u00e4 s\u00e4\u00e4st\u00f6j\u00e4 HUS:lle.<\/p>\n<p>Nyt on t\u00e4rke\u00e4 yhdist\u00e4\u00e4 kaikki voimat alueellamme ja vedota HUS:n hallitukseen, jotta v\u00e4ltytt\u00e4isiin h\u00e4tik\u00f6idyilt\u00e4 p\u00e4\u00e4t\u00f6ksilt\u00e4 typist\u00e4m\u00e4ll\u00e4 sairaalaamme ennen kuin tuleva sosiaali- ja terveydenhoidon uudistus toteutuu!<\/p>\n<div class=\"\" data-block=\"true\" data-editor=\"6cqaa\" data-offset-key=\"f2ql4-0-0\">\n<div class=\"_1mf _1mj\" data-offset-key=\"f2ql4-0-0\"><span data-offset-key=\"f2ql4-0-0\"><br \/>\nRaseborgs Gr\u00f6na -Raaseporin Vihre\u00e4t<\/span><\/div>\n<\/div>\n<div class=\"\" data-block=\"true\" data-editor=\"6cqaa\" data-offset-key=\"7klpr-0-0\">\n<div class=\"_1mf _1mj\" data-offset-key=\"7klpr-0-0\"><span data-offset-key=\"7klpr-0-0\">Hangon Vihre\u00e4t \u2013 Hang\u00f6 Gr\u00f6na<\/span><\/div>\n<\/div>\n<div class=\"\" data-block=\"true\" data-editor=\"6cqaa\" data-offset-key=\"9vg0h-0-0\">\n<div class=\"_1mf _1mj\" data-offset-key=\"9vg0h-0-0\"><span data-offset-key=\"9vg0h-0-0\">Inkoon Vihre\u00e4t \u2013 De Gr\u00f6na i Ing\u00e5<\/span><\/div>\n<\/div>\n<div class=\"\" data-block=\"true\" data-editor=\"6cqaa\" data-offset-key=\"9fd27-0-0\"><\/div>\n","protected":false},"excerpt":{"rendered":"<p>Hang\u00f6, Raseborg och Ing\u00e5 Gr\u00f6na kr\u00e4ver att samjouren vid Raseborgs sjukhus bevaras Vi v\u00e4djar till HNS styrelse att inte fatta f\u00f6rhastade beslut. Vi gr\u00f6na i regionen kommer att vara i kontakt med de gr\u00f6na medlemmarna i HNS styrelse f\u00f6r att ytterligare p\u00e5peka att &#8211; att minska p\u00e5 verksamheten vid Raseborgs sjukhus skulle ytterligare anstr\u00e4nga distriktets [&hellip;]<\/p>\n","protected":false},"author":633,"featured_media":0,"comment_status":"open","ping_status":"open","sticky":false,"template":"","format":"standard","meta":{"footnotes":""},"categories":[1],"tags":[],"class_list":["post-232","post","type-post","status-publish","format-standard","hentry","category-tiedotteet"],"featuredImage":"","authorName":"Tanja Konttinen","term":["Tiedotteet"],"author_url":"https:\/\/yhdistykset.vihreat.fi\/raaseporin.vihreat\/?p=232","_links":{"self":[{"href":"https:\/\/yhdistykset.vihreat.fi\/raaseporin.vihreat\/wp-json\/wp\/v2\/posts\/232","targetHints":{"allow":["GET"]}}],"collection":[{"href":"https:\/\/yhdistykset.vihreat.fi\/raaseporin.vihreat\/wp-json\/wp\/v2\/posts"}],"about":[{"href":"https:\/\/yhdistykset.vihreat.fi\/raaseporin.vihreat\/wp-json\/wp\/v2\/types\/post"}],"author":[{"embeddable":true,"href":"https:\/\/yhdistykset.vihreat.fi\/raaseporin.vihreat\/wp-json\/wp\/v2\/users\/633"}],"replies":[{"embeddable":true,"href":"https:\/\/yhdistykset.vihreat.fi\/raaseporin.vihreat\/wp-json\/wp\/v2\/comments?post=232"}],"version-history":[{"count":2,"href":"https:\/\/yhdistykset.vihreat.fi\/raaseporin.vihreat\/wp-json\/wp\/v2\/posts\/232\/revisions"}],"predecessor-version":[{"id":237,"href":"https:\/\/yhdistykset.vihreat.fi\/raaseporin.vihreat\/wp-json\/wp\/v2\/posts\/232\/revisions\/237"}],"wp:attachment":[{"href":"https:\/\/yhdistykset.vihreat.fi\/raaseporin.vihreat\/wp-json\/wp\/v2\/media?parent=232"}],"wp:term":[{"taxonomy":"category","embeddable":true,"href":"https:\/\/yhdistykset.vihreat.fi\/raaseporin.vihreat\/wp-json\/wp\/v2\/categories?post=232"},{"taxonomy":"post_tag","embeddable":true,"href":"https:\/\/yhdistykset.vihreat.fi\/raaseporin.vihreat\/wp-json\/wp\/v2\/tags?post=232"}],"curies":[{"name":"wp","href":"https:\/\/api.w.org\/{rel}","templated":true}]}}