{"id":476,"date":"2024-01-06T18:41:36","date_gmt":"2024-01-06T16:41:36","guid":{"rendered":"https:\/\/yhdistykset.vihreat.fi\/raaseporin.vihreat\/?p=476"},"modified":"2024-01-08T12:48:45","modified_gmt":"2024-01-08T10:48:45","slug":"476","status":"publish","type":"post","link":"https:\/\/yhdistykset.vihreat.fi\/raaseporin.vihreat\/2024\/01\/06\/476\/","title":{"rendered":"Presidentinvaalit l\u00e4hestyv\u00e4t! Presidentvalet n\u00e4rmar sig!"},"content":{"rendered":"<div dir=\"auto\">T\u00e4n\u00e4\u00e4n liister\u00f6itiin Karjaalla Pekka Haaviston presindentinvaalijulisteita! Keskiviikkona vied\u00e4\u00e4n ne telineisiin.\u00a0Idag klistrade vi Pekka Haavistos valplakat i Karis och p\u00e5 onsdag monterar vi dem.<\/div>\n<div dir=\"auto\"><a class=\"x1i10hfl xjbqb8w x6umtig x1b1mbwd xaqea5y xav7gou x9f619 x1ypdohk xt0psk2 xe8uvvx xdj266r x11i5rnm xat24cr x1mh8g0r xexx8yu x4uap5 x18d9i69 xkhd6sd x16tdsg8 x1hl2dhg xggy1nq x1a2a7pz xt0b8zv x1qq9wsj xo1l8bm\" tabindex=\"0\" role=\"link\" href=\"https:\/\/www.facebook.com\/hashtag\/haavisto2024?__eep__=6&amp;__cft__[0]=AZW8SwDgy-AmyP1f6_r6VT1z3-_ce9hmVtrxDpahCRHDZJeD5gJx5poOHTrAjCPD6Cm4xPol0eoNodnqFKSHLyT00THP_apYd9WDCV1EH01eFI4FlOunMnVm9WYOvqiAnM8Qy1I5QgcxB-WF6SzG2Ej46E3eX15Idn9w-yZ9r-Z905cp7Jd_pL6EhUHicDCpbr0&amp;__tn__=*NK-R\">#haavisto2024\u00a0<\/a><a class=\"x1i10hfl xjbqb8w x6umtig x1b1mbwd xaqea5y xav7gou x9f619 x1ypdohk xt0psk2 xe8uvvx xdj266r x11i5rnm xat24cr x1mh8g0r xexx8yu x4uap5 x18d9i69 xkhd6sd x16tdsg8 x1hl2dhg xggy1nq x1a2a7pz xt0b8zv x1qq9wsj xo1l8bm\" tabindex=\"0\" role=\"link\" href=\"https:\/\/www.facebook.com\/hashtag\/presidentinvaalit?__eep__=6&amp;__cft__[0]=AZW8SwDgy-AmyP1f6_r6VT1z3-_ce9hmVtrxDpahCRHDZJeD5gJx5poOHTrAjCPD6Cm4xPol0eoNodnqFKSHLyT00THP_apYd9WDCV1EH01eFI4FlOunMnVm9WYOvqiAnM8Qy1I5QgcxB-WF6SzG2Ej46E3eX15Idn9w-yZ9r-Z905cp7Jd_pL6EhUHicDCpbr0&amp;__tn__=*NK-R\">#presidentinvaalit<\/a> <a class=\"x1i10hfl xjbqb8w x6umtig x1b1mbwd xaqea5y xav7gou x9f619 x1ypdohk xt0psk2 xe8uvvx xdj266r x11i5rnm xat24cr x1mh8g0r xexx8yu x4uap5 x18d9i69 xkhd6sd x16tdsg8 x1hl2dhg xggy1nq x1a2a7pz xt0b8zv x1qq9wsj xo1l8bm\" tabindex=\"0\" role=\"link\" href=\"https:\/\/www.facebook.com\/hashtag\/presidentvalet?__eep__=6&amp;__cft__[0]=AZW8SwDgy-AmyP1f6_r6VT1z3-_ce9hmVtrxDpahCRHDZJeD5gJx5poOHTrAjCPD6Cm4xPol0eoNodnqFKSHLyT00THP_apYd9WDCV1EH01eFI4FlOunMnVm9WYOvqiAnM8Qy1I5QgcxB-WF6SzG2Ej46E3eX15Idn9w-yZ9r-Z905cp7Jd_pL6EhUHicDCpbr0&amp;__tn__=*NK-R\">#presidentvalet\u00a0<\/a><a class=\"x1i10hfl xjbqb8w x6umtig x1b1mbwd xaqea5y xav7gou x9f619 x1ypdohk xt0psk2 xe8uvvx xdj266r x11i5rnm xat24cr x1mh8g0r xexx8yu x4uap5 x18d9i69 xkhd6sd x16tdsg8 x1hl2dhg xggy1nq x1a2a7pz xt0b8zv x1qq9wsj xo1l8bm\" tabindex=\"0\" role=\"link\" href=\"https:\/\/www.facebook.com\/hashtag\/yhteinensuomi?__eep__=6&amp;__cft__[0]=AZW8SwDgy-AmyP1f6_r6VT1z3-_ce9hmVtrxDpahCRHDZJeD5gJx5poOHTrAjCPD6Cm4xPol0eoNodnqFKSHLyT00THP_apYd9WDCV1EH01eFI4FlOunMnVm9WYOvqiAnM8Qy1I5QgcxB-WF6SzG2Ej46E3eX15Idn9w-yZ9r-Z905cp7Jd_pL6EhUHicDCpbr0&amp;__tn__=*NK-R\">#yhteinensuomi\u00a0<\/a> <a class=\"x1i10hfl xjbqb8w x6umtig x1b1mbwd xaqea5y xav7gou x9f619 x1ypdohk xt0psk2 xe8uvvx xdj266r x11i5rnm xat24cr x1mh8g0r xexx8yu x4uap5 x18d9i69 xkhd6sd x16tdsg8 x1hl2dhg xggy1nq x1a2a7pz xt0b8zv x1qq9wsj xo1l8bm\" tabindex=\"0\" role=\"link\" href=\"https:\/\/www.facebook.com\/hashtag\/ettgemensamtfinland?__eep__=6&amp;__cft__[0]=AZW8SwDgy-AmyP1f6_r6VT1z3-_ce9hmVtrxDpahCRHDZJeD5gJx5poOHTrAjCPD6Cm4xPol0eoNodnqFKSHLyT00THP_apYd9WDCV1EH01eFI4FlOunMnVm9WYOvqiAnM8Qy1I5QgcxB-WF6SzG2Ej46E3eX15Idn9w-yZ9r-Z905cp7Jd_pL6EhUHicDCpbr0&amp;__tn__=*NK-R\">#ettgemensamtfinland\u00a0<\/a><a class=\"x1i10hfl xjbqb8w x6umtig x1b1mbwd xaqea5y xav7gou x9f619 x1ypdohk xt0psk2 xe8uvvx xdj266r x11i5rnm xat24cr x1mh8g0r xexx8yu x4uap5 x18d9i69 xkhd6sd x16tdsg8 x1hl2dhg xggy1nq x1a2a7pz xt0b8zv x1qq9wsj xo1l8bm\" tabindex=\"0\" role=\"link\" href=\"https:\/\/www.facebook.com\/hashtag\/siksipekka?__eep__=6&amp;__cft__[0]=AZW8SwDgy-AmyP1f6_r6VT1z3-_ce9hmVtrxDpahCRHDZJeD5gJx5poOHTrAjCPD6Cm4xPol0eoNodnqFKSHLyT00THP_apYd9WDCV1EH01eFI4FlOunMnVm9WYOvqiAnM8Qy1I5QgcxB-WF6SzG2Ej46E3eX15Idn9w-yZ9r-Z905cp7Jd_pL6EhUHicDCpbr0&amp;__tn__=*NK-R\">#siksipekka<\/a> <a class=\"x1i10hfl xjbqb8w x6umtig x1b1mbwd xaqea5y xav7gou x9f619 x1ypdohk xt0psk2 xe8uvvx xdj266r x11i5rnm xat24cr x1mh8g0r xexx8yu x4uap5 x18d9i69 xkhd6sd x16tdsg8 x1hl2dhg xggy1nq x1a2a7pz xt0b8zv x1qq9wsj xo1l8bm\" tabindex=\"0\" role=\"link\" href=\"https:\/\/www.facebook.com\/hashtag\/d%C3%A4ff%C3%B6pekka?__eep__=6&amp;__cft__[0]=AZW8SwDgy-AmyP1f6_r6VT1z3-_ce9hmVtrxDpahCRHDZJeD5gJx5poOHTrAjCPD6Cm4xPol0eoNodnqFKSHLyT00THP_apYd9WDCV1EH01eFI4FlOunMnVm9WYOvqiAnM8Qy1I5QgcxB-WF6SzG2Ej46E3eX15Idn9w-yZ9r-Z905cp7Jd_pL6EhUHicDCpbr0&amp;__tn__=*NK-R\">#d\u00e4ff\u00f6pekka\u00a0<\/a><a class=\"x1i10hfl xjbqb8w x6umtig x1b1mbwd xaqea5y xav7gou x9f619 x1ypdohk xt0psk2 xe8uvvx xdj266r x11i5rnm xat24cr x1mh8g0r xexx8yu x4uap5 x18d9i69 xkhd6sd x16tdsg8 x1hl2dhg xggy1nq x1a2a7pz xt0b8zv x1qq9wsj xo1l8bm\" tabindex=\"0\" role=\"link\" href=\"https:\/\/www.facebook.com\/hashtag\/kympinehdokas?__eep__=6&amp;__cft__[0]=AZW8SwDgy-AmyP1f6_r6VT1z3-_ce9hmVtrxDpahCRHDZJeD5gJx5poOHTrAjCPD6Cm4xPol0eoNodnqFKSHLyT00THP_apYd9WDCV1EH01eFI4FlOunMnVm9WYOvqiAnM8Qy1I5QgcxB-WF6SzG2Ej46E3eX15Idn9w-yZ9r-Z905cp7Jd_pL6EhUHicDCpbr0&amp;__tn__=*NK-R\">#kympinehdokas<\/a> <a class=\"x1i10hfl xjbqb8w x6umtig x1b1mbwd xaqea5y xav7gou x9f619 x1ypdohk xt0psk2 xe8uvvx xdj266r x11i5rnm xat24cr x1mh8g0r xexx8yu x4uap5 x18d9i69 xkhd6sd x16tdsg8 x1hl2dhg xggy1nq x1a2a7pz xt0b8zv x1qq9wsj xo1l8bm\" tabindex=\"0\" role=\"link\" href=\"https:\/\/www.facebook.com\/hashtag\/tianskandidat?__eep__=6&amp;__cft__[0]=AZW8SwDgy-AmyP1f6_r6VT1z3-_ce9hmVtrxDpahCRHDZJeD5gJx5poOHTrAjCPD6Cm4xPol0eoNodnqFKSHLyT00THP_apYd9WDCV1EH01eFI4FlOunMnVm9WYOvqiAnM8Qy1I5QgcxB-WF6SzG2Ej46E3eX15Idn9w-yZ9r-Z905cp7Jd_pL6EhUHicDCpbr0&amp;__tn__=*NK-R\">#tianskandidat<\/a><\/div>\n<div dir=\"auto\"><\/div>\n<div dir=\"auto\">\u00a0<img loading=\"lazy\" decoding=\"async\" class=\"alignnone size-medium wp-image-478\" src=\"https:\/\/yhdistykset.vihreat.fi\/raaseporin.vihreat\/files\/2024\/01\/416889641_704556138473431_6034871995649792998_n-273x300.jpg\" alt=\"Valokuva vaalijulisteiden liister\u00f6innist\u00e4.\" width=\"273\" height=\"300\" srcset=\"https:\/\/yhdistykset.vihreat.fi\/raaseporin.vihreat\/files\/2024\/01\/416889641_704556138473431_6034871995649792998_n-273x300.jpg 273w, https:\/\/yhdistykset.vihreat.fi\/raaseporin.vihreat\/files\/2024\/01\/416889641_704556138473431_6034871995649792998_n-932x1024.jpg 932w, https:\/\/yhdistykset.vihreat.fi\/raaseporin.vihreat\/files\/2024\/01\/416889641_704556138473431_6034871995649792998_n-768x844.jpg 768w, https:\/\/yhdistykset.vihreat.fi\/raaseporin.vihreat\/files\/2024\/01\/416889641_704556138473431_6034871995649792998_n-1398x1536.jpg 1398w, https:\/\/yhdistykset.vihreat.fi\/raaseporin.vihreat\/files\/2024\/01\/416889641_704556138473431_6034871995649792998_n.jpg 1864w\" sizes=\"auto, (max-width: 273px) 100vw, 273px\" \/><\/div>\n","protected":false},"excerpt":{"rendered":"<p>T\u00e4n\u00e4\u00e4n liister\u00f6itiin Karjaalla Pekka Haaviston presindentinvaalijulisteita! Keskiviikkona vied\u00e4\u00e4n ne telineisiin.\u00a0Idag klistrade vi Pekka Haavistos valplakat i Karis och p\u00e5 onsdag monterar vi dem. #haavisto2024\u00a0#presidentinvaalit #presidentvalet\u00a0#yhteinensuomi\u00a0 #ettgemensamtfinland\u00a0#siksipekka #d\u00e4ff\u00f6pekka\u00a0#kympinehdokas #tianskandidat \u00a0<\/p>\n","protected":false},"author":633,"featured_media":0,"comment_status":"closed","ping_status":"closed","sticky":false,"template":"","format":"standard","meta":{"footnotes":""},"categories":[1],"tags":[],"class_list":["post-476","post","type-post","status-publish","format-standard","hentry","category-tiedotteet"],"featuredImage":"","authorName":"Tanja Konttinen","term":["Tiedotteet"],"author_url":"https:\/\/yhdistykset.vihreat.fi\/raaseporin.vihreat\/?p=476","_links":{"self":[{"href":"https:\/\/yhdistykset.vihreat.fi\/raaseporin.vihreat\/wp-json\/wp\/v2\/posts\/476","targetHints":{"allow":["GET"]}}],"collection":[{"href":"https:\/\/yhdistykset.vihreat.fi\/raaseporin.vihreat\/wp-json\/wp\/v2\/posts"}],"about":[{"href":"https:\/\/yhdistykset.vihreat.fi\/raaseporin.vihreat\/wp-json\/wp\/v2\/types\/post"}],"author":[{"embeddable":true,"href":"https:\/\/yhdistykset.vihreat.fi\/raaseporin.vihreat\/wp-json\/wp\/v2\/users\/633"}],"replies":[{"embeddable":true,"href":"https:\/\/yhdistykset.vihreat.fi\/raaseporin.vihreat\/wp-json\/wp\/v2\/comments?post=476"}],"version-history":[{"count":5,"href":"https:\/\/yhdistykset.vihreat.fi\/raaseporin.vihreat\/wp-json\/wp\/v2\/posts\/476\/revisions"}],"predecessor-version":[{"id":483,"href":"https:\/\/yhdistykset.vihreat.fi\/raaseporin.vihreat\/wp-json\/wp\/v2\/posts\/476\/revisions\/483"}],"wp:attachment":[{"href":"https:\/\/yhdistykset.vihreat.fi\/raaseporin.vihreat\/wp-json\/wp\/v2\/media?parent=476"}],"wp:term":[{"taxonomy":"category","embeddable":true,"href":"https:\/\/yhdistykset.vihreat.fi\/raaseporin.vihreat\/wp-json\/wp\/v2\/categories?post=476"},{"taxonomy":"post_tag","embeddable":true,"href":"https:\/\/yhdistykset.vihreat.fi\/raaseporin.vihreat\/wp-json\/wp\/v2\/tags?post=476"}],"curies":[{"name":"wp","href":"https:\/\/api.w.org\/{rel}","templated":true}]}}