{"id":546,"date":"2024-11-20T17:01:57","date_gmt":"2024-11-20T15:01:57","guid":{"rendered":"https:\/\/yhdistykset.vihreat.fi\/raaseporin.vihreat\/?p=546"},"modified":"2025-03-09T17:11:52","modified_gmt":"2025-03-09T15:11:52","slug":"raseborgs-grona-raaseporin-vihreat-styrelse-hallitus-2025","status":"publish","type":"post","link":"https:\/\/yhdistykset.vihreat.fi\/raaseporin.vihreat\/2024\/11\/20\/raseborgs-grona-raaseporin-vihreat-styrelse-hallitus-2025\/","title":{"rendered":"Raseborgs Gr\u00f6na,\u00a0Raaseporin Vihre\u00e4t,\u00a0styrelse\/hallitus 2025"},"content":{"rendered":"<p><main id=\"wp--skip-link--target\" class=\"wp-block-group is-layout-flow wp-block-group-is-layout-flow\"><\/p>\n<div class=\"wp-block-group has-global-padding is-layout-constrained wp-block-group-is-layout-constrained\"><\/div>\n<div class=\"entry-content wp-block-post-content has-global-padding is-layout-constrained wp-block-post-content-is-layout-constrained\">\n<div class=\"x11i5rnm xat24cr x1mh8g0r x1vvkbs xdj266r x126k92a\">\n<p dir=\"auto\">Raaseporin Vihre\u00e4t on valinnut syyskokouksessaan 17.11.2024 yhdistykselle puheenjohtajan ja hallituksen vuodeksi 2025. Raaseporgs Gr\u00f6na har p\u00e5 sitt h\u00f6stm\u00f6te 17.11.2024 valt en ordf\u00f6rande och en styrelse f\u00f6r 2025.<\/p>\n<div dir=\"auto\">\n<p>Tanja Konttinen (ordf\u00f6rande\/puheenjohtaja), Ira Donner, Heli Laaksonen, Cynthia Moed-Ring, Lennart Nybergh, Kati Sointukangas, Suvi Sj\u00f6blom ja Esko Vuorinen.<\/p>\n<div class=\"x11i5rnm xat24cr x1mh8g0r x1vvkbs xtlvy1s x126k92a\"><\/div>\n<\/div>\n<div dir=\"auto\">\n<div class=\"x11i5rnm xat24cr x1mh8g0r x1vvkbs xtlvy1s x126k92a\">\n<div dir=\"auto\"><\/div>\n<\/div>\n<\/div>\n<\/div>\n<\/div>\n<p><\/main><\/p>\n<div class=\"wp-block-group has-global-padding is-layout-constrained wp-block-group-is-layout-constrained\">\n<div class=\"wp-block-group is-content-justification-center is-nowrap is-layout-flex wp-container-core-group-is-layout-10 wp-block-group-is-layout-flex\"><\/div>\n<\/div>\n","protected":false},"excerpt":{"rendered":"<p>Raaseporin Vihre\u00e4t on valinnut syyskokouksessaan 17.11.2024 yhdistykselle puheenjohtajan ja hallituksen vuodeksi 2025. Raaseporgs Gr\u00f6na har p\u00e5 sitt h\u00f6stm\u00f6te 17.11.2024 valt en ordf\u00f6rande och en styrelse f\u00f6r 2025. Tanja Konttinen (ordf\u00f6rande\/puheenjohtaja), Ira Donner, Heli Laaksonen, Cynthia Moed-Ring, Lennart Nybergh, Kati Sointukangas, Suvi Sj\u00f6blom ja Esko Vuorinen.<\/p>\n","protected":false},"author":633,"featured_media":0,"comment_status":"closed","ping_status":"closed","sticky":false,"template":"","format":"standard","meta":{"footnotes":""},"categories":[1],"tags":[],"class_list":["post-546","post","type-post","status-publish","format-standard","hentry","category-tiedotteet"],"featuredImage":"","authorName":"Tanja Konttinen","term":["Tiedotteet"],"author_url":"https:\/\/yhdistykset.vihreat.fi\/raaseporin.vihreat\/?p=546","_links":{"self":[{"href":"https:\/\/yhdistykset.vihreat.fi\/raaseporin.vihreat\/wp-json\/wp\/v2\/posts\/546","targetHints":{"allow":["GET"]}}],"collection":[{"href":"https:\/\/yhdistykset.vihreat.fi\/raaseporin.vihreat\/wp-json\/wp\/v2\/posts"}],"about":[{"href":"https:\/\/yhdistykset.vihreat.fi\/raaseporin.vihreat\/wp-json\/wp\/v2\/types\/post"}],"author":[{"embeddable":true,"href":"https:\/\/yhdistykset.vihreat.fi\/raaseporin.vihreat\/wp-json\/wp\/v2\/users\/633"}],"replies":[{"embeddable":true,"href":"https:\/\/yhdistykset.vihreat.fi\/raaseporin.vihreat\/wp-json\/wp\/v2\/comments?post=546"}],"version-history":[{"count":1,"href":"https:\/\/yhdistykset.vihreat.fi\/raaseporin.vihreat\/wp-json\/wp\/v2\/posts\/546\/revisions"}],"predecessor-version":[{"id":547,"href":"https:\/\/yhdistykset.vihreat.fi\/raaseporin.vihreat\/wp-json\/wp\/v2\/posts\/546\/revisions\/547"}],"wp:attachment":[{"href":"https:\/\/yhdistykset.vihreat.fi\/raaseporin.vihreat\/wp-json\/wp\/v2\/media?parent=546"}],"wp:term":[{"taxonomy":"category","embeddable":true,"href":"https:\/\/yhdistykset.vihreat.fi\/raaseporin.vihreat\/wp-json\/wp\/v2\/categories?post=546"},{"taxonomy":"post_tag","embeddable":true,"href":"https:\/\/yhdistykset.vihreat.fi\/raaseporin.vihreat\/wp-json\/wp\/v2\/tags?post=546"}],"curies":[{"name":"wp","href":"https:\/\/api.w.org\/{rel}","templated":true}]}}