{"id":548,"date":"2024-12-01T11:26:03","date_gmt":"2024-12-01T09:26:03","guid":{"rendered":"https:\/\/yhdistykset.vihreat.fi\/raaseporin.vihreat\/?p=548"},"modified":"2025-03-10T11:30:29","modified_gmt":"2025-03-10T09:30:29","slug":"viinia-politiikkaa-vin-politik","status":"publish","type":"post","link":"https:\/\/yhdistykset.vihreat.fi\/raaseporin.vihreat\/2024\/12\/01\/viinia-politiikkaa-vin-politik\/","title":{"rendered":"Viini\u00e4 &#038; politiikkaa \/ Vin &#038; politik"},"content":{"rendered":"<div class=\"xdj266r x11i5rnm xat24cr x1mh8g0r x1vvkbs\">Hei tule lasilliselle ja juttelemaan paikallispolitiikasta Raaseporin vihreiden kanssa! Hej, kom och njut av ett glas och snacka samtidigt lokalpolitik med Raseborgs Gr\u00f6na!<\/div>\n<div>Ravintola KW 4.12.2024 klo 18 \/ Restaurang KW 4.12.2024 kl 18<\/div>\n<div class=\"x11i5rnm xat24cr x1mh8g0r x1vvkbs xtlvy1s\"><span class=\"html-span xexx8yu x4uap5 x18d9i69 xkhd6sd x1hl2dhg x16tdsg8 x1vvkbs x3nfvp2 x1j61x8r x1fcty0u xdj266r xat24cr xgzva0m xhhsvwb xxymvpz xlup9mm x1kky2od\"><img loading=\"lazy\" decoding=\"async\" class=\"xz74otr x168nmei x13lgxp2 x5pf9jr xo71vjh\" src=\"https:\/\/static.xx.fbcdn.net\/images\/emoji.php\/v9\/t51\/1\/16\/1f449.png\" alt=\"\" width=\"16\" height=\"16\" \/><\/span>Huolestuttaako maailman tila? \u00c4r du orolig \u00f6ver v\u00e4rldens l\u00e4ge?<br class=\"html-br\" \/><span class=\"html-span xexx8yu x4uap5 x18d9i69 xkhd6sd x1hl2dhg x16tdsg8 x1vvkbs x3nfvp2 x1j61x8r x1fcty0u xdj266r xat24cr xgzva0m xhhsvwb xxymvpz xlup9mm x1kky2od\"><img loading=\"lazy\" decoding=\"async\" class=\"xz74otr x168nmei x13lgxp2 x5pf9jr xo71vjh\" src=\"https:\/\/static.xx.fbcdn.net\/images\/emoji.php\/v9\/t51\/1\/16\/1f449.png\" alt=\"\" width=\"16\" height=\"16\" \/><\/span>Haluatko vaikuttaa yhteisiin asioihin? Vill du p\u00e5verka gemensamma fr\u00e5gor?<br class=\"html-br\" \/><span class=\"html-span xexx8yu x4uap5 x18d9i69 xkhd6sd x1hl2dhg x16tdsg8 x1vvkbs x3nfvp2 x1j61x8r x1fcty0u xdj266r xat24cr xgzva0m xhhsvwb xxymvpz xlup9mm x1kky2od\"><img loading=\"lazy\" decoding=\"async\" class=\"xz74otr x168nmei x13lgxp2 x5pf9jr xo71vjh\" src=\"https:\/\/static.xx.fbcdn.net\/images\/emoji.php\/v9\/t51\/1\/16\/1f449.png\" alt=\"\" width=\"16\" height=\"16\" \/><\/span>Onko sinulla n\u00e4kemyksi\u00e4 siit\u00e4, mihin Raaseporin pit\u00e4isi olla matkalla? Har du \u00e5sikter om vart Raseborg borde vara p\u00e5 v\u00e4g?<\/div>\n<div class=\"x11i5rnm xat24cr x1mh8g0r x1vvkbs xtlvy1s\">N\u00e4hd\u00e4\u00e4n Karjaalla Ravintola KW:ssa ja jutellaan politiikkaa, saatat jopa innostua l\u00e4htem\u00e4\u00e4n ehdolle ensi kev\u00e4\u00e4n kunta- ja aluevaaleihin!<\/p>\n<div class=\"x11i5rnm xat24cr x1mh8g0r x1vvkbs xtlvy1s\">Vi tr\u00e4ffas p\u00e5 Restaurang KW i Karis och pratar politik &#8211; kanske du inspireras att st\u00e4lla upp i v\u00e5rens val!<\/div>\n<\/div>\n","protected":false},"excerpt":{"rendered":"<p>Hei tule lasilliselle ja juttelemaan paikallispolitiikasta Raaseporin vihreiden kanssa! Hej, kom och njut av ett glas och snacka samtidigt lokalpolitik med Raseborgs Gr\u00f6na! Ravintola KW 4.12.2024 klo 18 \/ Restaurang KW 4.12.2024 kl 18 Huolestuttaako maailman tila? \u00c4r du orolig \u00f6ver v\u00e4rldens l\u00e4ge?Haluatko vaikuttaa yhteisiin asioihin? Vill du p\u00e5verka gemensamma fr\u00e5gor?Onko sinulla n\u00e4kemyksi\u00e4 siit\u00e4, mihin [&hellip;]<\/p>\n","protected":false},"author":633,"featured_media":0,"comment_status":"closed","ping_status":"closed","sticky":false,"template":"","format":"standard","meta":{"footnotes":""},"categories":[1],"tags":[],"class_list":["post-548","post","type-post","status-publish","format-standard","hentry","category-tiedotteet"],"featuredImage":"","authorName":"Tanja Konttinen","term":["Tiedotteet"],"author_url":"https:\/\/yhdistykset.vihreat.fi\/raaseporin.vihreat\/?p=548","_links":{"self":[{"href":"https:\/\/yhdistykset.vihreat.fi\/raaseporin.vihreat\/wp-json\/wp\/v2\/posts\/548","targetHints":{"allow":["GET"]}}],"collection":[{"href":"https:\/\/yhdistykset.vihreat.fi\/raaseporin.vihreat\/wp-json\/wp\/v2\/posts"}],"about":[{"href":"https:\/\/yhdistykset.vihreat.fi\/raaseporin.vihreat\/wp-json\/wp\/v2\/types\/post"}],"author":[{"embeddable":true,"href":"https:\/\/yhdistykset.vihreat.fi\/raaseporin.vihreat\/wp-json\/wp\/v2\/users\/633"}],"replies":[{"embeddable":true,"href":"https:\/\/yhdistykset.vihreat.fi\/raaseporin.vihreat\/wp-json\/wp\/v2\/comments?post=548"}],"version-history":[{"count":1,"href":"https:\/\/yhdistykset.vihreat.fi\/raaseporin.vihreat\/wp-json\/wp\/v2\/posts\/548\/revisions"}],"predecessor-version":[{"id":549,"href":"https:\/\/yhdistykset.vihreat.fi\/raaseporin.vihreat\/wp-json\/wp\/v2\/posts\/548\/revisions\/549"}],"wp:attachment":[{"href":"https:\/\/yhdistykset.vihreat.fi\/raaseporin.vihreat\/wp-json\/wp\/v2\/media?parent=548"}],"wp:term":[{"taxonomy":"category","embeddable":true,"href":"https:\/\/yhdistykset.vihreat.fi\/raaseporin.vihreat\/wp-json\/wp\/v2\/categories?post=548"},{"taxonomy":"post_tag","embeddable":true,"href":"https:\/\/yhdistykset.vihreat.fi\/raaseporin.vihreat\/wp-json\/wp\/v2\/tags?post=548"}],"curies":[{"name":"wp","href":"https:\/\/api.w.org\/{rel}","templated":true}]}}