{"id":812,"date":"2025-04-08T11:44:17","date_gmt":"2025-04-08T08:44:17","guid":{"rendered":"https:\/\/yhdistykset.vihreat.fi\/raaseporin.vihreat\/?p=812"},"modified":"2025-04-08T11:44:57","modified_gmt":"2025-04-08T08:44:57","slug":"812","status":"publish","type":"post","link":"https:\/\/yhdistykset.vihreat.fi\/raaseporin.vihreat\/2025\/04\/08\/812\/","title":{"rendered":"Viel\u00e4 t\u00e4n\u00e4\u00e4n 8.4. voit \u00e4\u00e4nest\u00e4\u00e4 ennakkoon! \u00c4nnu idag kan du f\u00f6rhandsr\u00f6sta!"},"content":{"rendered":"<div dir=\"auto\">Viel\u00e4 t\u00e4n\u00e4\u00e4n voit \u00e4\u00e4nest\u00e4\u00e4 ennakkoon kunta- ja aluevaaleissa! Voit \u00e4\u00e4nest\u00e4\u00e4 miss\u00e4 tahansa ennakko\u00e4\u00e4nestyspaikassa. Varsinainen vaalip\u00e4iv\u00e4 on sunnuntai 13.4. Silloin voit \u00e4\u00e4nest\u00e4\u00e4 omassa \u00e4\u00e4nestyspaikassasi. Tutustu Raaseporin Vihreisiin ehdokkaisiin t\u00e4\u00e4ll\u00e4: https:\/\/yhdistykset.vihreat.fi\/raaseporin.vihreat\/vaalit-val-2025\/ehdokkaat-2025-kandidater-2025\/<br \/>\n***<\/p>\n<div dir=\"auto\">\u00c4nnu idag kan du f\u00f6rhandsr\u00f6sta i kommunal- och v\u00e4lf\u00e4rdsomr\u00e5desvalen! Du kan r\u00f6sta p\u00e5 vilket f\u00f6rtidsr\u00f6stningsst\u00e4lle som helst. Den egentliga valdagen \u00e4r s\u00f6ndag den 13 april. D\u00e5 r\u00f6star du i din egen r\u00f6stningslokal. Bekanta dig med Raseborgs Gr\u00f6nas kandidater h\u00e4r: https:\/\/yhdistykset.vihreat.fi\/raaseporin.vihreat\/vaalit-val-2025\/ehdokkaat-2025-kandidater-2025\/<\/div>\n<\/div>\n","protected":false},"excerpt":{"rendered":"<p>Viel\u00e4 t\u00e4n\u00e4\u00e4n voit \u00e4\u00e4nest\u00e4\u00e4 ennakkoon kunta- ja aluevaaleissa! Voit \u00e4\u00e4nest\u00e4\u00e4 miss\u00e4 tahansa ennakko\u00e4\u00e4nestyspaikassa. Varsinainen vaalip\u00e4iv\u00e4 on sunnuntai 13.4. Silloin voit \u00e4\u00e4nest\u00e4\u00e4 omassa \u00e4\u00e4nestyspaikassasi. Tutustu Raaseporin Vihreisiin ehdokkaisiin t\u00e4\u00e4ll\u00e4: https:\/\/yhdistykset.vihreat.fi\/raaseporin.vihreat\/vaalit-val-2025\/ehdokkaat-2025-kandidater-2025\/ *** \u00c4nnu idag kan du f\u00f6rhandsr\u00f6sta i kommunal- och v\u00e4lf\u00e4rdsomr\u00e5desvalen! Du kan r\u00f6sta p\u00e5 vilket f\u00f6rtidsr\u00f6stningsst\u00e4lle som helst. Den egentliga valdagen \u00e4r s\u00f6ndag den 13 april. [&hellip;]<\/p>\n","protected":false},"author":633,"featured_media":809,"comment_status":"closed","ping_status":"closed","sticky":false,"template":"","format":"standard","meta":{"footnotes":""},"categories":[1],"tags":[],"class_list":["post-812","post","type-post","status-publish","format-standard","has-post-thumbnail","hentry","category-tiedotteet"],"featuredImage":"<img width=\"187\" height=\"300\" src=\"https:\/\/yhdistykset.vihreat.fi\/raaseporin.vihreat\/files\/2025\/04\/raaseporin-ehdokkaat-2025.png\" class=\"attachment-medium size-medium wp-post-image\" alt=\"raaseporin vihre\u00e4t ehdokkaat 2025\" decoding=\"async\" loading=\"lazy\" srcset=\"https:\/\/yhdistykset.vihreat.fi\/raaseporin.vihreat\/files\/2025\/04\/raaseporin-ehdokkaat-2025.png 3543w, https:\/\/yhdistykset.vihreat.fi\/raaseporin.vihreat\/files\/2025\/04\/raaseporin-ehdokkaat-2025-93x150.png 93w\" sizes=\"auto, (max-width: 187px) 100vw, 187px\" \/>","authorName":"Tanja Konttinen","term":["Tiedotteet"],"author_url":"https:\/\/yhdistykset.vihreat.fi\/raaseporin.vihreat\/?p=812","_links":{"self":[{"href":"https:\/\/yhdistykset.vihreat.fi\/raaseporin.vihreat\/wp-json\/wp\/v2\/posts\/812","targetHints":{"allow":["GET"]}}],"collection":[{"href":"https:\/\/yhdistykset.vihreat.fi\/raaseporin.vihreat\/wp-json\/wp\/v2\/posts"}],"about":[{"href":"https:\/\/yhdistykset.vihreat.fi\/raaseporin.vihreat\/wp-json\/wp\/v2\/types\/post"}],"author":[{"embeddable":true,"href":"https:\/\/yhdistykset.vihreat.fi\/raaseporin.vihreat\/wp-json\/wp\/v2\/users\/633"}],"replies":[{"embeddable":true,"href":"https:\/\/yhdistykset.vihreat.fi\/raaseporin.vihreat\/wp-json\/wp\/v2\/comments?post=812"}],"version-history":[{"count":2,"href":"https:\/\/yhdistykset.vihreat.fi\/raaseporin.vihreat\/wp-json\/wp\/v2\/posts\/812\/revisions"}],"predecessor-version":[{"id":816,"href":"https:\/\/yhdistykset.vihreat.fi\/raaseporin.vihreat\/wp-json\/wp\/v2\/posts\/812\/revisions\/816"}],"wp:featuredmedia":[{"embeddable":true,"href":"https:\/\/yhdistykset.vihreat.fi\/raaseporin.vihreat\/wp-json\/wp\/v2\/media\/809"}],"wp:attachment":[{"href":"https:\/\/yhdistykset.vihreat.fi\/raaseporin.vihreat\/wp-json\/wp\/v2\/media?parent=812"}],"wp:term":[{"taxonomy":"category","embeddable":true,"href":"https:\/\/yhdistykset.vihreat.fi\/raaseporin.vihreat\/wp-json\/wp\/v2\/categories?post=812"},{"taxonomy":"post_tag","embeddable":true,"href":"https:\/\/yhdistykset.vihreat.fi\/raaseporin.vihreat\/wp-json\/wp\/v2\/tags?post=812"}],"curies":[{"name":"wp","href":"https:\/\/api.w.org\/{rel}","templated":true}]}}