{"id":821,"date":"2025-05-18T19:20:40","date_gmt":"2025-05-18T16:20:40","guid":{"rendered":"https:\/\/yhdistykset.vihreat.fi\/raaseporin.vihreat\/?p=821"},"modified":"2025-06-02T20:10:38","modified_gmt":"2025-06-02T17:10:38","slug":"raaseporin-valtuustoryhma-2025-2029-raseborgs-grona-fullmaktigegrupp-2025-2029","status":"publish","type":"post","link":"https:\/\/yhdistykset.vihreat.fi\/raaseporin.vihreat\/2025\/05\/18\/raaseporin-valtuustoryhma-2025-2029-raseborgs-grona-fullmaktigegrupp-2025-2029\/","title":{"rendered":"Raaseporin valtuustoryhm\u00e4 2025-2029 &#8211; Raseborgs gr\u00f6na fullm\u00e4ktigegrupp 2025-2029"},"content":{"rendered":"<div class=\"xdj266r x11i5rnm xat24cr x1mh8g0r x1vvkbs x126k92a\">\n<div dir=\"auto\">Ordinarie ledam\u00f6ter \/ varsinaiset valtuutetut: Kati Sointukangas, Esko Vuorinen ja Hermanni Backer och ers\u00e4ttare \/ varavaltuutetut: Tanja Konttinen ja Ira Donner sek\u00e4 kuvasta puuttuva Kirsi Lindroos.<\/div>\n<\/div>\n<div class=\"x11i5rnm xat24cr x1mh8g0r x1vvkbs xtlvy1s x126k92a\">\n<div dir=\"auto\">Till ordf\u00f6rande valdes \/ valtuustoryhm\u00e4n puheenjohtajaksi valittiin Kati Sointukangas.<\/div>\n<\/div>\n<div class=\"x11i5rnm xat24cr x1mh8g0r x1vvkbs xtlvy1s x126k92a\">\n<div dir=\"auto\"><span class=\"html-span xexx8yu x4uap5 x18d9i69 xkhd6sd x1hl2dhg x16tdsg8 x1vvkbs x3nfvp2 x1j61x8r x1fcty0u xdj266r xat24cr xgzva0m xhhsvwb xxymvpz xlup9mm x1kky2od\"><img loading=\"lazy\" decoding=\"async\" class=\"xz74otr x168nmei x13lgxp2 x5pf9jr xo71vjh\" src=\"https:\/\/static.xx.fbcdn.net\/images\/emoji.php\/v9\/t6c\/1\/16\/1f4aa.png\" alt=\"\" width=\"16\" height=\"16\" \/><\/span>Valmiina hommiin!\u00a0<span class=\"html-span xexx8yu x4uap5 x18d9i69 xkhd6sd x1hl2dhg x16tdsg8 x1vvkbs x3nfvp2 x1j61x8r x1fcty0u xdj266r xat24cr xgzva0m xhhsvwb xxymvpz xlup9mm x1kky2od\"><img loading=\"lazy\" decoding=\"async\" class=\"xz74otr x168nmei x13lgxp2 x5pf9jr xo71vjh\" src=\"https:\/\/static.xx.fbcdn.net\/images\/emoji.php\/v9\/t6c\/1\/16\/1f4aa.png\" alt=\"\" width=\"16\" height=\"16\" \/><\/span>I startgroparna!<\/div>\n<\/div>\n","protected":false},"excerpt":{"rendered":"<p>Ordinarie ledam\u00f6ter \/ varsinaiset valtuutetut: Kati Sointukangas, Esko Vuorinen ja Hermanni Backer och ers\u00e4ttare \/ varavaltuutetut: Tanja Konttinen ja Ira Donner sek\u00e4 kuvasta puuttuva Kirsi Lindroos. Till ordf\u00f6rande valdes \/ valtuustoryhm\u00e4n puheenjohtajaksi valittiin Kati Sointukangas. Valmiina hommiin!\u00a0I startgroparna!<\/p>\n","protected":false},"author":633,"featured_media":822,"comment_status":"closed","ping_status":"closed","sticky":false,"template":"","format":"standard","meta":{"footnotes":""},"categories":[1],"tags":[],"class_list":["post-821","post","type-post","status-publish","format-standard","has-post-thumbnail","hentry","category-tiedotteet"],"featuredImage":"<img width=\"301\" height=\"280\" src=\"https:\/\/yhdistykset.vihreat.fi\/raaseporin.vihreat\/files\/2025\/06\/497924069_18052266101589181_3975153068509774139_n.jpg\" class=\"attachment-medium size-medium wp-post-image\" alt=\"Raaseporin vihre\u00e4 valtuustoryhm\u00e4\" decoding=\"async\" loading=\"lazy\" srcset=\"https:\/\/yhdistykset.vihreat.fi\/raaseporin.vihreat\/files\/2025\/06\/497924069_18052266101589181_3975153068509774139_n.jpg 687w, https:\/\/yhdistykset.vihreat.fi\/raaseporin.vihreat\/files\/2025\/06\/497924069_18052266101589181_3975153068509774139_n-150x140.jpg 150w\" sizes=\"auto, (max-width: 301px) 100vw, 301px\" \/>","authorName":"Tanja Konttinen","term":["Tiedotteet"],"author_url":"https:\/\/yhdistykset.vihreat.fi\/raaseporin.vihreat\/?p=821","_links":{"self":[{"href":"https:\/\/yhdistykset.vihreat.fi\/raaseporin.vihreat\/wp-json\/wp\/v2\/posts\/821","targetHints":{"allow":["GET"]}}],"collection":[{"href":"https:\/\/yhdistykset.vihreat.fi\/raaseporin.vihreat\/wp-json\/wp\/v2\/posts"}],"about":[{"href":"https:\/\/yhdistykset.vihreat.fi\/raaseporin.vihreat\/wp-json\/wp\/v2\/types\/post"}],"author":[{"embeddable":true,"href":"https:\/\/yhdistykset.vihreat.fi\/raaseporin.vihreat\/wp-json\/wp\/v2\/users\/633"}],"replies":[{"embeddable":true,"href":"https:\/\/yhdistykset.vihreat.fi\/raaseporin.vihreat\/wp-json\/wp\/v2\/comments?post=821"}],"version-history":[{"count":2,"href":"https:\/\/yhdistykset.vihreat.fi\/raaseporin.vihreat\/wp-json\/wp\/v2\/posts\/821\/revisions"}],"predecessor-version":[{"id":824,"href":"https:\/\/yhdistykset.vihreat.fi\/raaseporin.vihreat\/wp-json\/wp\/v2\/posts\/821\/revisions\/824"}],"wp:featuredmedia":[{"embeddable":true,"href":"https:\/\/yhdistykset.vihreat.fi\/raaseporin.vihreat\/wp-json\/wp\/v2\/media\/822"}],"wp:attachment":[{"href":"https:\/\/yhdistykset.vihreat.fi\/raaseporin.vihreat\/wp-json\/wp\/v2\/media?parent=821"}],"wp:term":[{"taxonomy":"category","embeddable":true,"href":"https:\/\/yhdistykset.vihreat.fi\/raaseporin.vihreat\/wp-json\/wp\/v2\/categories?post=821"},{"taxonomy":"post_tag","embeddable":true,"href":"https:\/\/yhdistykset.vihreat.fi\/raaseporin.vihreat\/wp-json\/wp\/v2\/tags?post=821"}],"curies":[{"name":"wp","href":"https:\/\/api.w.org\/{rel}","templated":true}]}}